{"id":338,"date":"2012-03-29T10:09:38","date_gmt":"2012-03-29T09:09:38","guid":{"rendered":"http:\/\/www.mszporoszlany.hu\/?p=338"},"modified":"2012-04-06T20:25:17","modified_gmt":"2012-04-06T19:25:17","slug":"sittbol-es-izombol","status":"publish","type":"post","link":"https:\/\/www.mszporoszlany.hu\/?p=338","title":{"rendered":"Sittb\u0151l \u00e9s izomb\u00f3l"},"content":{"rendered":"<p><img loading=\"lazy\" decoding=\"async\" class=\"alignleft size-full wp-image-341\" title=\"vertessomlo\" src=\"https:\/\/www.mszporoszlany.hu\/wp-content\/uploads\/2012\/03\/vertessomlo.jpg\" alt=\"\" width=\"200\" height=\"120\" \/>Az Oroszl\u00e1ny\u2013V\u00e9rtessoml\u00f3 \u00f6sszek\u00f6t\u0151 gazdas\u00e1gi \u00fat fejleszt\u00e9se c\u00edmmel t\u00e1rgyalta kedden a test\u00fclet egy esetleges, mart aszfaltos technik\u00e1val (\u00e9p\u00edt\u00e9si t\u00f6rmel\u00e9k \u00e9s aszfalt felhaszn\u00e1l\u00e1s\u00e1val) meg\u00e9p\u00fcl\u0151 \u00fat \u00e9p\u00edt\u00e9s\u00e9t (egy m\u00e1r l\u00e9tez\u0151 d\u0171l\u0151\u00fat nyomvonal\u00e1n). A kecsk\u00e9di \u00e9s bokodi \u00fathoz hasonl\u00f3an soml\u00f3i ir\u00e1nyban is \u00e9rdeke a v\u00e1rosnak, hogy a soml\u00f3i \u00e9s gesztesi munkaer\u0151t \u00e9s bev\u00e1s\u00e1rl\u00f3 forgalmat (vagyis az ehhez kapcsol\u00f3d\u00f3 ipar\u0171z\u00e9si ad\u00f3-n\u00f6vekm\u00e9nyt) Oroszl\u00e1nyba vonzza \u2013 hangzik az indokol\u00e1s a t\u00e9m\u00e1r\u00f3l kiadott sajt\u00f3k\u00f6zlem\u00e9nyben.<\/p>\n<p><!--more--><\/p>\n<p>Most mindenki persze arra gondol, hogy az \u00fat a r\u00e9g\u00f3ta tervezett nyomvonalon k\u00e9sz\u00fcl, Majkt\u00f3l, V\u00e9rtessoml\u00f3 sz\u00e9l\u00e9ig, a k\u00f6rnyeb\u00e1nyai el\u00e1gaz\u00e1sig. Nos, nem err\u0151l van sz\u00f3, hanem egy t\u00e1volabbi gazdas\u00e1gi ter\u00fcleten futna a nyomvonal, ami V\u00e9rtessoml\u00f3 \u00e9s V\u00e1rgesztes k\u00f6z\u00f6tt csatlakozna r\u00e1 az ottani \u00fatra, a Szt. Domonkos \u00e9tterem magass\u00e1g\u00e1ban. Ez a v\u00e1ltozat mintegy 13,5 milli\u00f3ba ker\u00fclne Oroszl\u00e1nynak, m\u00edg 11,5 milli\u00f3ba V\u00e9rtessoml\u00f3nak. V\u00e9rtessoml\u00f3 azonban a pletyk\u00e1k szerint nem nagyon lelkesedik az ut\u00f3bbi megold\u00e1s\u00e9rt, nem besz\u00e9lve az ott gazd\u00e1lkod\u00f3kr\u00f3l, akik szint\u00e9n nem t\u00e1mogatj\u00e1k az \u00f6tletet. Azonban mindez mit sem \u00e9r, hiszen \u2013 ha sz\u00fcks\u00e9ges \u2013 Oroszl\u00e1ny mag\u00e1ra v\u00e1llalja a beruh\u00e1z\u00e1s teljes terh\u00e9t.<\/p>\n<p>Hogy mindezt mi\u00e9rt? Az sz\u00e1mos k\u00e9rd\u00e9st vet fel, hiszen a 600 f\u0151s V\u00e1rgesztes, ahonnan szinte mindenki Tatab\u00e1ny\u00e1ra j\u00e1r dolgozni, nem jelent akkora kereskedelmi er\u0151t, hogy meg\u00e9rje egy ekkora beruh\u00e1z\u00e1st a falura alapozni. A soml\u00f3iak meg nem fognak visszafel\u00e9 menni kilom\u00e9tereket, hogy felkeress\u00e9k Oroszl\u00e1nyt, mikor K\u00f6rnyeb\u00e1ny\u00e1n kereszt\u00fcl percek alatt Tatab\u00e1ny\u00e1n vannak. Nem besz\u00e9lve arr\u00f3l a megn\u00f6veked\u0151 \u00e1tmen\u0151 forgalomr\u00f3l, amit az gener\u00e1l majd, hogy a Sz\u00e9kesfeh\u00e9rv\u00e1rr\u00f3l Tatab\u00e1ny\u00e1ra utaz\u00f3k lev\u00e1ghatnak j\u00f3 p\u00e1r kilom\u00e9tert az \u00faj \u00fat ig\u00e9nybe v\u00e9tel\u00e9vel.<\/p>\n<p>Teh\u00e1t \u00fajra itt a k\u00e9rd\u00e9s: kivel, mir\u0151l egyeztetett a v\u00e1rosvezet\u00e9s, milyen szempontok alapj\u00e1n v\u00e1lasztott\u00e1k ki a nyomvonalat, ha nem egyeztettek, hogyan mert\u00e9k megtenni a kezd\u0151 l\u00e9p\u00e9seket. Ez az\u00e9rt nem egy k\u00f6zter\u00fclet, meg iskola n\u00e9vad\u00f3, amit a polg\u00e1rok megk\u00e9rdez\u00e9se n\u00e9lk\u00fcl le lehet nyomni a torkukon az ottani k\u00f6zs\u00e9geknek. Ez nem eleg\u00e1ns, hogy finoman fogalmazzunk, nem \u00e9letszer\u0171, de f\u0151leg nem demokratikus m\u00e1s birtok\u00e1n beruh\u00e1z\u00e1st kezdem\u00e9nyezni a beleegyez\u00e9se n\u00e9lk\u00fcl, hiszen a nevezett ter\u00fclet j\u00f3 r\u00e9sze nem is Oroszl\u00e1ny\u00e9, hanem V\u00e9rtessoml\u00f3\u00e9.<\/p>\n","protected":false},"excerpt":{"rendered":"<p>Az Oroszl\u00e1ny\u2013V\u00e9rtessoml\u00f3 \u00f6sszek\u00f6t\u0151 gazdas\u00e1gi \u00fat fejleszt\u00e9se c\u00edmmel t\u00e1rgyalta kedden a test\u00fclet egy esetleges, mart aszfaltos technik\u00e1val (\u00e9p\u00edt\u00e9si t\u00f6rmel\u00e9k \u00e9s aszfalt felhaszn\u00e1l\u00e1s\u00e1val) meg\u00e9p\u00fcl\u0151 \u00fat \u00e9p\u00edt\u00e9s\u00e9t (egy m\u00e1r l\u00e9tez\u0151 d\u0171l\u0151\u00fat nyomvonal\u00e1n). A kecsk\u00e9di \u00e9s bokodi \u00fathoz hasonl\u00f3an soml\u00f3i ir\u00e1nyban is \u00e9rdeke a v\u00e1rosnak, hogy a soml\u00f3i \u00e9s gesztesi munkaer\u0151t \u00e9s bev\u00e1s\u00e1rl\u00f3 forgalmat (vagyis az ehhez kapcsol\u00f3d\u00f3 ipar\u0171z\u00e9si ad\u00f3-n\u00f6vekm\u00e9nyt) Oroszl\u00e1nyba vonzza \u2013 hangzik az indokol\u00e1s a t\u00e9m\u00e1r\u00f3l kiadott sajt\u00f3k\u00f6zlem\u00e9nyben. <a href=\"https:\/\/www.mszporoszlany.hu\/?p=338\">Egy kattint\u00e1s ide a folytat\u00e1shoz&#8230;. <span class=\"meta-nav\">&rarr;<\/span><\/a><\/p>\n","protected":false},"author":35,"featured_media":0,"comment_status":"open","ping_status":"closed","sticky":false,"template":"","format":"standard","meta":{"footnotes":""},"categories":[195,194],"tags":[180,181,179,178,177],"class_list":["post-338","post","type-post","status-publish","format-standard","hentry","category-komarom-esztergom-megye","category-oroszlany","tag-szekesfehervar","tag-szt-domonkos-etterem","tag-tatabanya","tag-vargesztes","tag-vertessomlo"],"_links":{"self":[{"href":"https:\/\/www.mszporoszlany.hu\/index.php?rest_route=\/wp\/v2\/posts\/338","targetHints":{"allow":["GET"]}}],"collection":[{"href":"https:\/\/www.mszporoszlany.hu\/index.php?rest_route=\/wp\/v2\/posts"}],"about":[{"href":"https:\/\/www.mszporoszlany.hu\/index.php?rest_route=\/wp\/v2\/types\/post"}],"author":[{"embeddable":true,"href":"https:\/\/www.mszporoszlany.hu\/index.php?rest_route=\/wp\/v2\/users\/35"}],"replies":[{"embeddable":true,"href":"https:\/\/www.mszporoszlany.hu\/index.php?rest_route=%2Fwp%2Fv2%2Fcomments&post=338"}],"version-history":[{"count":0,"href":"https:\/\/www.mszporoszlany.hu\/index.php?rest_route=\/wp\/v2\/posts\/338\/revisions"}],"wp:attachment":[{"href":"https:\/\/www.mszporoszlany.hu\/index.php?rest_route=%2Fwp%2Fv2%2Fmedia&parent=338"}],"wp:term":[{"taxonomy":"category","embeddable":true,"href":"https:\/\/www.mszporoszlany.hu\/index.php?rest_route=%2Fwp%2Fv2%2Fcategories&post=338"},{"taxonomy":"post_tag","embeddable":true,"href":"https:\/\/www.mszporoszlany.hu\/index.php?rest_route=%2Fwp%2Fv2%2Ftags&post=338"}],"curies":[{"name":"wp","href":"https:\/\/api.w.org\/{rel}","templated":true}]}}