{"id":347,"date":"2012-04-01T11:27:36","date_gmt":"2012-04-01T10:27:36","guid":{"rendered":"http:\/\/www.mszporoszlany.hu\/?p=347"},"modified":"2012-07-11T22:28:35","modified_gmt":"2012-07-11T21:28:35","slug":"ujabb-beetetes","status":"publish","type":"post","link":"https:\/\/www.mszporoszlany.hu\/?p=347","title":{"rendered":"\u00dajabb beetet\u00e9s"},"content":{"rendered":"<p><img loading=\"lazy\" decoding=\"async\" class=\"alignleft size-full wp-image-349\" title=\"utepites\" src=\"https:\/\/www.mszporoszlany.hu\/wp-content\/uploads\/2012\/04\/utepites.jpg\" alt=\"\" width=\"200\" height=\"120\" \/>\u201eMi\u00e9rt kell Oroszl\u00e1nynak \u00fat Soml\u00f3ra? Ami\u00e9rt Kecsk\u00e9dre vagy Bokodra\u201d \u2013 olvasom a v\u00e1ros honlapj\u00e1n, s meg kell mondanom, ekkora s\u00fcletlens\u00e9get r\u00e9gen l\u00e1ttam, de ha m\u00e1r ilyen \u0151szinte vagyok, azt is k\u00f6z\u00f6ln\u00f6m kell: tot\u00e1lisan meg\u00e9rtem az \u00faj k\u00f6zn\u00e9pi beetet\u00e9st. Azt ugyanis val\u00f3ban meg kell alaposan magyar\u00e1zni, mi\u00e9rt is k\u00f6lt a v\u00e1ros fideszes vezet\u00e9se k\u00f6zel 25 milli\u00f3t arra (ak\u00e1r annak \u00e1r\u00e1n is, hogy a Soml\u00f3ra es\u0151 k\u00f6lts\u00e9geket is \u00e1tv\u00e1llalja), hogy egy \u00e9ttermet jobban meg lehessen k\u00f6zel\u00edteni (Szt. Domonkos).<\/p>\n<p><!--more--><\/p>\n<p>Azt most ne taglaljuk, hogy mindezt \u00fagy tervezgetik egyesek, hogy az \u00e9rintett telep\u00fcl\u00e9sek k\u00e9pvisel\u0151-test\u00fcletei err\u0151l mit sem tudnak, nem hoztak ezzel kapcsolatos hat\u00e1rozatot, m\u00e1rpedig V\u00e9rtessoml\u00f3 ter\u00fclet\u00e9t b\u0151ven \u00e9rinti a projekt. Az ottani gazd\u00e1kt\u00f3l \u00fagy tudjuk, \u0151k nem k\u00e9rnek abb\u00f3l, hogy: \u201eAz utakon j\u00f6v\u0151-men\u0151 forgalom kapcsolatokat teremt a nagyvil\u00e1ggal, meg\u00fajul\u00f3 lehet\u0151s\u00e9get ad a gyarapod\u00e1sra \u00e9s a fejl\u0151d\u00e9sre.\u201d Valahogy \u0151k elvannak a nagyvil\u00e1g n\u00e9lk\u00fcl is, az esetleges \u00e1tmen\u0151 forgalomn\u00f6veked\u00e9st meg v\u00e9gk\u00e9pp nem ig\u00e9nylik.<\/p>\n<p>M\u00e9g azt is el tudom fogadni, hogy \u201eEgy bez\u00e1rk\u00f3z\u00f3 v\u00e1ros el\u00f6regszik \u00e9s lemarad\u201d, azt azonban senki se akarja beadni, hogy a 600 lelket sz\u00e1ml\u00e1l\u00f3 V\u00e1rgesztesre val\u00f3 nyit\u00e1s nyomja fel a munkaer\u0151 \u00e9s bev\u00e1s\u00e1rl\u00f3 forgalmat, illetve az ehhez kapcsol\u00f3d\u00f3 ipar\u0171z\u00e9si ad\u00f3-n\u00f6vekm\u00e9nyt.<\/p>\n<p>Sz\u00f3val \u00e9n azt javasoln\u00e1m, hogy ha m\u00e1r mindenk\u00e9ppen utat szeretne \u00e9p\u00edteni szeretett v\u00e1rosvezet\u00e9s\u00fcnk, akkor rakj\u00e1k rendbe p\u00e9ld\u00e1ul a Haraszthegyi utc\u00e1t, miel\u0151tt teljesen sz\u00e9tesik, vagy \u00e9p\u00edtsenek utakat helyben, olyan helyeken, ahol m\u00e9g nincs szil\u00e1rd burkolat, de j\u00f3 \u00f6tletnek tartan\u00e1m a m\u0171vel\u0151d\u00e9si k\u00f6zpont k\u00fcls\u0151 szigetel\u00e9s\u00e9nek folytat\u00e1s\u00e1t is, hogy csak n\u00e9h\u00e1ny tippet felsoroljak.<\/p>\n<p>Summa summarum, higgy\u00e9k el, a v\u00e1ros lak\u00f3i igen h\u00e1l\u00e1sak lesznek az\u00e9rt, ha azt a 25 milli\u00f3csk\u00e1t Oroszl\u00e1ny sz\u00e9p\u00edt\u00e9s\u00e9re k\u00f6ltik, \u00e9s \u00edgy kapcsolatokat teremthetnek a nagyvil\u00e1ggal, meg\u00fajul\u00f3 lehet\u0151s\u00e9get kapnak a gyarapod\u00e1sra \u00e9s a fejl\u0151d\u00e9sre.<\/p>\n","protected":false},"excerpt":{"rendered":"<p>\u201eMi\u00e9rt kell Oroszl\u00e1nynak \u00fat Soml\u00f3ra? Ami\u00e9rt Kecsk\u00e9dre vagy Bokodra\u201d \u2013 olvasom a v\u00e1ros honlapj\u00e1n, s meg kell mondanom, ekkora s\u00fcletlens\u00e9get r\u00e9gen l\u00e1ttam, de ha m\u00e1r ilyen \u0151szinte vagyok, azt is k\u00f6z\u00f6ln\u00f6m kell: tot\u00e1lisan meg\u00e9rtem az \u00faj k\u00f6zn\u00e9pi beetet\u00e9st. Azt ugyanis val\u00f3ban meg kell alaposan magyar\u00e1zni, mi\u00e9rt is k\u00f6lt a v\u00e1ros fideszes vezet\u00e9se k\u00f6zel 25 milli\u00f3t arra (ak\u00e1r annak \u00e1r\u00e1n is, hogy a Soml\u00f3ra es\u0151 k\u00f6lts\u00e9geket is \u00e1tv\u00e1llalja), hogy egy \u00e9ttermet jobban meg lehessen k\u00f6zel\u00edteni (Szt. Domonkos). <a href=\"https:\/\/www.mszporoszlany.hu\/?p=347\">Egy kattint\u00e1s ide a folytat\u00e1shoz&#8230;. <span class=\"meta-nav\">&rarr;<\/span><\/a><\/p>\n","protected":false},"author":35,"featured_media":0,"comment_status":"open","ping_status":"closed","sticky":false,"template":"","format":"standard","meta":{"footnotes":""},"categories":[195,194],"tags":[181,178,177],"class_list":["post-347","post","type-post","status-publish","format-standard","hentry","category-komarom-esztergom-megye","category-oroszlany","tag-szt-domonkos-etterem","tag-vargesztes","tag-vertessomlo"],"_links":{"self":[{"href":"https:\/\/www.mszporoszlany.hu\/index.php?rest_route=\/wp\/v2\/posts\/347","targetHints":{"allow":["GET"]}}],"collection":[{"href":"https:\/\/www.mszporoszlany.hu\/index.php?rest_route=\/wp\/v2\/posts"}],"about":[{"href":"https:\/\/www.mszporoszlany.hu\/index.php?rest_route=\/wp\/v2\/types\/post"}],"author":[{"embeddable":true,"href":"https:\/\/www.mszporoszlany.hu\/index.php?rest_route=\/wp\/v2\/users\/35"}],"replies":[{"embeddable":true,"href":"https:\/\/www.mszporoszlany.hu\/index.php?rest_route=%2Fwp%2Fv2%2Fcomments&post=347"}],"version-history":[{"count":0,"href":"https:\/\/www.mszporoszlany.hu\/index.php?rest_route=\/wp\/v2\/posts\/347\/revisions"}],"wp:attachment":[{"href":"https:\/\/www.mszporoszlany.hu\/index.php?rest_route=%2Fwp%2Fv2%2Fmedia&parent=347"}],"wp:term":[{"taxonomy":"category","embeddable":true,"href":"https:\/\/www.mszporoszlany.hu\/index.php?rest_route=%2Fwp%2Fv2%2Fcategories&post=347"},{"taxonomy":"post_tag","embeddable":true,"href":"https:\/\/www.mszporoszlany.hu\/index.php?rest_route=%2Fwp%2Fv2%2Ftags&post=347"}],"curies":[{"name":"wp","href":"https:\/\/api.w.org\/{rel}","templated":true}]}}