{"id":351,"date":"2012-03-31T11:31:14","date_gmt":"2012-03-31T10:31:14","guid":{"rendered":"http:\/\/www.mszporoszlany.hu\/?p=351"},"modified":"2012-04-06T20:23:39","modified_gmt":"2012-04-06T19:23:39","slug":"viszik-a-penzunket","status":"publish","type":"post","link":"https:\/\/www.mszporoszlany.hu\/?p=351","title":{"rendered":"Viszik a p\u00e9nz\u00fcnket?!"},"content":{"rendered":"<p><img loading=\"lazy\" decoding=\"async\" class=\"alignleft size-full wp-image-352\" title=\"einstand\" src=\"https:\/\/www.mszporoszlany.hu\/wp-content\/uploads\/2012\/04\/einstand.jpg\" alt=\"\" width=\"200\" height=\"120\" \/>Egy n\u00e9gytag\u00fa oroszl\u00e1nyi csal\u00e1d k\u00f6zel 200 ezer forinttal j\u00e1rul hozz\u00e1 ahhoz a nagy einstandhoz, amit a Nemzeti Egy\u00fcttm\u0171k\u00f6d\u00e9s Rendszere (NER) k\u00e9nyszer\u00edt r\u00e1 a telep\u00fcl\u00e9sekre 2013. janu\u00e1r elsej\u00e9t\u0151l. Mint az m\u00e1r szinte bizonyos, az \u00e1llam elveszi a v\u00e1ros iskol\u00e1it, azonban azok fenntart\u00e1s\u00e1hoz a v\u00e1ros tov\u00e1bbra is hozz\u00e1j\u00e1rul (amint az az esztergomi p\u00e9ld\u00e1n m\u00e1r l\u00e1tszik). A tervek alapj\u00e1n szint\u00e9n \u00e1llamos\u00edtj\u00e1k a szakorvosi rendel\u0151int\u00e9zetet, \u00e9s a szennyv\u00edztelep sem lesz kiz\u00e1r\u00f3lagos tulajdonunk, pedig ezek karbantart\u00e1s\u00e1hoz, fel\u00faj\u00edt\u00e1s\u00e1hoz, fejleszt\u00e9s\u00e9hez nem kis \u00f6sszeggel j\u00e1rultak hozz\u00e1 a v\u00e1ros lak\u00f3i.<\/p>\n<p><!--more--><\/p>\n<p>De kezdj\u00fck a teljess\u00e9g ig\u00e9nye n\u00e9lk\u00fcl 2003-ban, a Rendel\u0151int\u00e9zettel \u00e9s az \u00c1pol\u00e1si Otthonnal. Az 520 milli\u00f3s beruh\u00e1z\u00e1s 40 sz\u00e1zal\u00e9k\u00e1t \u00f6ner\u0151b\u0151l, 60 sz\u00e1zal\u00e9k\u00e1t \u00e1llami p\u00e1ly\u00e1zatokon nyert p\u00e9nzb\u0151l siker\u00fclt megval\u00f3s\u00edtani, teh\u00e1t 208 milli\u00f3t az oroszl\u00e1nyiak fizettek, ahogy 2004-ben azt a 4 milli\u00f3t is, amibe a J\u00f3zsef Attila iskola port\u00e1l kialak\u00edt\u00e1sa ker\u00fclt.<\/p>\n<p>2004 november\u00e9ben ker\u00fclt \u00e1tad\u00e1sra a teljes rekonstrukci\u00f3n \u00e1tesett oroszl\u00e1nyi szennyv\u00edztiszt\u00edt\u00f3 telep. A projekt k\u00f6zel 900 milli\u00f3 forinttal gyarap\u00edtotta a v\u00e1ros vagyon\u00e1t. Ennek az \u00f6sszegnek mintegy 15 %-\u00e1t kellett az \u00f6nkorm\u00e1nyzatnak saj\u00e1t erej\u00e9b\u0151l biztos\u00edtani, azaz 135 milli\u00f3 forintot.<\/p>\n<p>2007-ben k\u00f6zel 220 milli\u00f3ba ker\u00fclt az oktat\u00e1si int\u00e9zm\u00e9nyek energia-megtakar\u00edt\u00e1st eredm\u00e9nyez\u0151 fel\u00faj\u00edt\u00e1sa. A fel\u00faj\u00edt\u00e1s keret\u00e9ben sor ker\u00fclt a J\u00f3zsef Attila \u00c1ltal\u00e1nos Iskola, a S\u00e1gv\u00e1ri Endre \u00c1ltal\u00e1nos Iskola \u00e9s az E\u00f6tv\u00f6s L\u00f3r\u00e1nd Szakk\u00f6z\u00e9p- \u00e9s Szakiskola ny\u00edl\u00e1sz\u00e1r\u00f3inak cser\u00e9j\u00e9re valamint az \u00f6sszes vil\u00e1g\u00edt\u00f3test cser\u00e9j\u00e9re \u00e9s az ezekkel \u00f6sszef\u00fcgg\u0151 fest\u00e9si munk\u00e1kra, de ezek mellett m\u00e9g sok minden fel lett \u00faj\u00edtva a projekt keret\u00e9ben. Ezt az OSZ, vagyis a v\u00e1ros fizette.<\/p>\n<p>2009-ben \u00fajabb, 5,3 milli\u00f3s beruh\u00e1z\u00e1ssal k\u00e9sz\u00fclt el a harmadik sz\u00e1m\u00edt\u00f3g\u00e9p-terem a Lengyel J\u00f3zsef Gimn\u00e1zium \u00e9s Szakk\u00f6z\u00e9piskol\u00e1ban, 2010-ben pedig a v\u00e1ros \u00e1ltal\u00e1nos iskol\u00e1inak komplex fejleszt\u00e9se c\u00edm\u0171 projekt sor\u00e1n az ut\u00f3bbi f\u00e9l \u00e9vtized legjelent\u0151sebb, 850 milli\u00f3 forintot meghalad\u00f3 \u00f6nkorm\u00e1nyzati beruh\u00e1z\u00e1sa zajlott a telep\u00fcl\u00e9sen. Az \u00f6sszegb\u0151l kb. f\u00e9lmilli\u00e1rd volt a p\u00e1ly\u00e1zati forr\u00e1s, a fennmarad\u00f3 \u00f6sszeget, 350 milli\u00f3t az ad\u00f3fizet\u0151k fedeztek.<\/p>\n<p>R\u00f6vid sz\u00e1mol\u00e1s ut\u00e1n kider\u00fcl, hogy mindez \u00f6sszesen 922 milli\u00f3 forint, s ha ezt elosztom a 19 ezres lakoss\u00e1gsz\u00e1mmal, kider\u00fcl, hogy a csecsem\u0151t\u0151l, az aggasty\u00e1nig, 48,5 ezer forinttal j\u00e1rult hozz\u00e1 a helyi beruh\u00e1z\u00e1sokhoz minden egyes polg\u00e1r.<\/p>\n<p>Na, ezt viszi most el egy tollvon\u00e1st k\u00f6vet\u0151en az \u00e1llamb\u00e1csi \u2013 term\u00e9szetesen a Nemzeti Egy\u00fcttm\u0171k\u00f6d\u00e9s Rendszer\u00e9nek szellem\u00e9ben.<\/p>\n","protected":false},"excerpt":{"rendered":"<p>Egy n\u00e9gytag\u00fa oroszl\u00e1nyi csal\u00e1d k\u00f6zel 200 ezer forinttal j\u00e1rul hozz\u00e1 ahhoz a nagy einstandhoz, amit a Nemzeti Egy\u00fcttm\u0171k\u00f6d\u00e9s Rendszere (NER) k\u00e9nyszer\u00edt r\u00e1 a telep\u00fcl\u00e9sekre 2013. janu\u00e1r elsej\u00e9t\u0151l. Mint az m\u00e1r szinte bizonyos, az \u00e1llam elveszi a v\u00e1ros iskol\u00e1it, azonban azok fenntart\u00e1s\u00e1hoz a v\u00e1ros tov\u00e1bbra is hozz\u00e1j\u00e1rul (amint az az esztergomi p\u00e9ld\u00e1n m\u00e1r l\u00e1tszik). A tervek alapj\u00e1n szint\u00e9n \u00e1llamos\u00edtj\u00e1k a szakorvosi rendel\u0151int\u00e9zetet, \u00e9s a szennyv\u00edztelep sem lesz kiz\u00e1r\u00f3lagos tulajdonunk, pedig ezek karbantart\u00e1s\u00e1hoz, fel\u00faj\u00edt\u00e1s\u00e1hoz, fejleszt\u00e9s\u00e9hez nem kis \u00f6sszeggel j\u00e1rultak hozz\u00e1 a v\u00e1ros lak\u00f3i. <a href=\"https:\/\/www.mszporoszlany.hu\/?p=351\">Egy kattint\u00e1s ide a folytat\u00e1shoz&#8230;. <span class=\"meta-nav\">&rarr;<\/span><\/a><\/p>\n","protected":false},"author":35,"featured_media":0,"comment_status":"open","ping_status":"closed","sticky":false,"template":"","format":"standard","meta":{"footnotes":""},"categories":[196,194],"tags":[188,186,189,184,187,185,134],"class_list":["post-351","post","type-post","status-publish","format-standard","hentry","category-magyarorszag","category-oroszlany","tag-eotvos-lorand-szakkozep-es-szakiskola","tag-jozsef-attila-altalanos-iskola","tag-lengyel-jozsef-gimnazium-es-szakkozepiskola","tag-nemzeti-egyuttmukodes-rendszere","tag-sagvari-endre-altalanos-iskola","tag-szakorvosi-rendelointezet","tag-szennyvizvagyon"],"_links":{"self":[{"href":"https:\/\/www.mszporoszlany.hu\/index.php?rest_route=\/wp\/v2\/posts\/351","targetHints":{"allow":["GET"]}}],"collection":[{"href":"https:\/\/www.mszporoszlany.hu\/index.php?rest_route=\/wp\/v2\/posts"}],"about":[{"href":"https:\/\/www.mszporoszlany.hu\/index.php?rest_route=\/wp\/v2\/types\/post"}],"author":[{"embeddable":true,"href":"https:\/\/www.mszporoszlany.hu\/index.php?rest_route=\/wp\/v2\/users\/35"}],"replies":[{"embeddable":true,"href":"https:\/\/www.mszporoszlany.hu\/index.php?rest_route=%2Fwp%2Fv2%2Fcomments&post=351"}],"version-history":[{"count":0,"href":"https:\/\/www.mszporoszlany.hu\/index.php?rest_route=\/wp\/v2\/posts\/351\/revisions"}],"wp:attachment":[{"href":"https:\/\/www.mszporoszlany.hu\/index.php?rest_route=%2Fwp%2Fv2%2Fmedia&parent=351"}],"wp:term":[{"taxonomy":"category","embeddable":true,"href":"https:\/\/www.mszporoszlany.hu\/index.php?rest_route=%2Fwp%2Fv2%2Fcategories&post=351"},{"taxonomy":"post_tag","embeddable":true,"href":"https:\/\/www.mszporoszlany.hu\/index.php?rest_route=%2Fwp%2Fv2%2Ftags&post=351"}],"curies":[{"name":"wp","href":"https:\/\/api.w.org\/{rel}","templated":true}]}}