{"id":365,"date":"2012-04-06T20:19:10","date_gmt":"2012-04-06T19:19:10","guid":{"rendered":"http:\/\/www.mszporoszlany.hu\/?p=365"},"modified":"2012-04-06T20:22:38","modified_gmt":"2012-04-06T19:22:38","slug":"hiteles-tajekoztatas-magyar-modra","status":"publish","type":"post","link":"https:\/\/www.mszporoszlany.hu\/?p=365","title":{"rendered":"Hiteles t\u00e1j\u00e9koztat\u00e1s &#8211; magyar m\u00f3dra"},"content":{"rendered":"<p><img loading=\"lazy\" decoding=\"async\" class=\"alignleft size-full wp-image-366\" title=\"mtv1\" src=\"https:\/\/www.mszporoszlany.hu\/wp-content\/uploads\/2012\/04\/mtv1.jpg\" alt=\"\" width=\"200\" height=\"120\" \/>M\u00e1r t\u00e9nyleg hi\u00e1nyzott! Legal\u00e1bb is nekem. De v\u00e9gre az eml\u00e9kezetes k\u00f6zt\u00e1rsas\u00e1gi eln\u00f6ki riportot k\u00f6vet\u0151en \u00fajra a k\u00f6zszolg\u00e1lati k\u00e9perny\u0151n vezeti a reggeli m\u0171sort Obersovszky P\u00e9ter.\u00a0Ez egyfel\u0151l &#8211; gondolom &#8211; jutalom a Schmitt P\u00e1llal m\u00e1rcius 30-\u00e1n k\u00e9sz\u00edtett frapp\u00e1ns interj\u00fa\u00e9rt, m\u00e1sfel\u0151l &#8211; meggy\u0151z\u0151d\u00e9sem &#8211; \u00fajabb er\u0151fitogtat\u00e1s a hatalom r\u00e9sz\u00e9r\u0151l, hogy l\u00e1tj\u00e1tok nyuszik: mi m\u00e9g ezt is megtehetj\u00fck.<\/p>\n<p><!--more--><\/p>\n<p>Mert h\u00e1t valljuk be, hogy az Economist cikke ut\u00e1n, melyben \u00edgy fogalmaznak: &#8222;A t\u00e1mad\u00e1sok keresztt\u00fcz\u00e9ben \u00e1ll\u00f3 eln\u00f6k szerencs\u00e9j\u00e9re k\u00e9zn\u00e9l volt az \u00e1llami telev\u00edzi\u00f3, ahol egy\u00fctt\u00e9rz\u0151 f\u00fclekre tal\u00e1lt. Obersovszky P\u00e9ter p\u00e9nteki interj\u00faja az eln\u00f6kkel az MTV1 csatorn\u00e1n az al\u00e1zatos meghajl\u00e1s olyan p\u00e9ld\u00e1ja volt, amelyet manaps\u00e1g ritk\u00e1n l\u00e1tni K\u00f6z\u00e9p-Eur\u00f3p\u00e1ban&#8221;, &#8211; norm\u00e1lis m\u00e9dia legal\u00e1bb is takar\u00e9kl\u00e1ngra teszi munkat\u00e1rs\u00e1t, de nem \u00edgy a k\u00f6ztelev\u00edzi\u00f3!<\/p>\n<p>Az az\u00e9rt is n\u00e9zz\u00e9tek az Obersovszkyt projektnek persze m\u00e1s \u00fczenete is van: \u00fczennek az \u00fajs\u00e1g\u00edr\u00f3knak, hogy a regn\u00e1l\u00f3 hatalomnak ez tetszik, EZ AZ IGAZI T\u00c1J\u00c9KOZTAT\u00c1S!<br \/>\nSz\u00fcks\u00e9g is van erre, l\u00e9v\u00e9n, hogy az \u00fajs\u00e1g\u00edr\u00f3 sz\u00f6vets\u00e9g, a M\u00daOSZ Etikai Bizotts\u00e1ga szerint Obersovszky P\u00e9ter megs\u00e9rtette az \u00fajs\u00e1g\u00edr\u00f3i etika szab\u00e1lyait. Mivel Obersovszky nem tagja a M\u00daOSZ-nak, az elj\u00e1r\u00f3 tan\u00e1cs hat\u00e1rozat helyett az al\u00e1bbi szakmai-etikai \u00e1ll\u00e1sfoglal\u00e1st tette k\u00f6zz\u00e9.<\/p>\n<p>Kivonatos k\u00f6zl\u00e9s: A riporter az \u00fajs\u00e1g\u00edr\u00f3i etika alapvet\u0151 k\u00f6vetelm\u00e9nyeit megszegve, megs\u00e9rtette az etikus \u00fajs\u00e1g\u00edr\u00f3i magatart\u00e1s mind a n\u00e9gy &#8211; a tisztess\u00e9g, a f\u00fcggetlens\u00e9g, a megb\u00edzhat\u00f3s\u00e1g \u00e9s az \u00e9rz\u00e9kenys\u00e9g &#8211; alapelv\u00e9t.<\/p>\n<p>Obersovszky P\u00e9ter nem tett fel korrekt, val\u00f3di k\u00e9rd\u00e9seket \u00e9s a v\u00e1laszokra nem reag\u00e1lt \u00e9rdemben. A f\u00fcggetlens\u00e9g l\u00e1tszat\u00e1t sem k\u00eds\u00e9relte meg, \u00fagy viselkedett, mintha Schmitt P\u00e1l sz\u00f3viv\u0151je lett volna, \u00f6sszekeverte a k\u00f6zszolg\u00e1lati riporter p\u00e1rtatlan munk\u00e1j\u00e1t a kor\u00e1bban agit\u00e1ci\u00f3s propagand\u00e1nak nevezett tev\u00e9kenys\u00e9ggel \u00e9s szeml\u00e9lettel. A t\u00e9m\u00e1b\u00f3l nem k\u00e9sz\u00fclt fel r\u00e9szletesen, nem ismertette az egyetemi doktori c\u00edmr\u0151l \u00e9s az egyetemi doktor\u00e1tusr\u00f3l sz\u00f3l\u00f3 20\/1983. (XI.3.) &#8211; Schmitt P\u00e1l doktor\u00e1l\u00e1sakor, 1992-ben hat\u00e1lyos &#8211; m\u0171vel\u0151d\u00e9si miniszteri rendeletet. Az elj\u00e1r\u00f3 tan\u00e1cs meg\u00edt\u00e9l\u00e9se szerint Obersovszky P\u00e9ter nemcsak etikai, hanem \u00fajs\u00e1g\u00edr\u00f3i szakmai hib\u00e1t is elk\u00f6vetett, amikor a k\u00e9rd\u00e9snek \u00e1lc\u00e1zott mondatai sor\u00e1n megadta, hogy riportalanya milyen v\u00e1laszt adjon.<\/p>\n<p>2002 \u00f3ta, amikor a FIDESZ meghirdette a sajt\u00f3szabads\u00e1g t\u00f6rv\u00e9nyes \u00e1llapot\u00e1val szemben azt a politikai k\u00f6vetelm\u00e9nyt, hogy k\u00fcl\u00f6n sajt\u00f3ja legyen a korm\u00e1nynak \u00e9s az ellenz\u00e9knek, a magyarorsz\u00e1gi sajt\u00f3 \u00e1llapota rohamosan romlott. Mind a mindenkori korm\u00e1nyp\u00e1rtok, mind az ellenz\u00e9k ny\u00edltan t\u00f6rekedett a p\u00e1rtos m\u00e9diavil\u00e1g megteremt\u00e9s\u00e9re. Ma m\u00e1r a politikai k\u00f6z\u00e9letben elfogadott\u00e1 v\u00e1lt, hogy az \u00fajs\u00e1g\u00edr\u00f3nak nem az igazs\u00e1got kell kider\u00edtenie, nem az olvas\u00f3, a hallgat\u00f3, a n\u00e9z\u0151 szolg\u00e1lat\u00e1ban kell t\u00e1j\u00e9koztatnia, hanem a k\u00e9pviselt politikai ir\u00e1nyzat n\u00e9z\u0151pontj\u00e1t kell gondolkod\u00e1s n\u00e9lk\u00fcl megjelen\u00edtenie.<\/p>\n<p>Tragikomikus jelens\u00e9g, ahogyan Obersovszky P\u00e9ter elvtelen\u00fcl &#8222;al\u00e1k\u00e9rdezett&#8221; a Schmitt P\u00e1l lemond\u00e1s\u00e1t elutas\u00edt\u00f3 gondolatnak, majd h\u00e1rom napon bel\u00fcl megv\u00e1ltozott a k\u00f6zt\u00e1rsas\u00e1gi eln\u00f6k \u00far v\u00e9lem\u00e9nye, lemondott \u00e9s ezzel az interj\u00fat k\u00e9sz\u00edt\u0151 \u00fajs\u00e1g\u00edr\u00f3 hiteless\u00e9g\u00e9t is null\u00e1ra reduk\u00e1lta &#8211; fogalmaz az \u00e1ll\u00e1sfoglal\u00e1s.<\/p>\n<p>Teh\u00e1t &#8222;az\u00e9rtis&#8221; n\u00e9zz\u00fck az Obersovszkyt!<\/p>\n","protected":false},"excerpt":{"rendered":"<p>M\u00e1r t\u00e9nyleg hi\u00e1nyzott! Legal\u00e1bb is nekem. De v\u00e9gre az eml\u00e9kezetes k\u00f6zt\u00e1rsas\u00e1gi eln\u00f6ki riportot k\u00f6vet\u0151en \u00fajra a k\u00f6zszolg\u00e1lati k\u00e9perny\u0151n vezeti a reggeli m\u0171sort Obersovszky P\u00e9ter. Ez egyfel\u0151l &#8211; gondolom &#8211; jutalom a Schmitt P\u00e1llal m\u00e1rcius 30-\u00e1n k\u00e9sz\u00edtett frapp\u00e1ns interj\u00fa\u00e9rt, m\u00e1sfel\u0151l &#8211; meggy\u0151z\u0151d\u00e9sem &#8211; \u00fajabb er\u0151fitogtat\u00e1s a hatalom r\u00e9sz\u00e9r\u0151l, hogy l\u00e1tj\u00e1tok nyuszik: mi m\u00e9g ezt is megtehetj\u00fck. <a href=\"https:\/\/www.mszporoszlany.hu\/?p=365\">Egy kattint\u00e1s ide a folytat\u00e1shoz&#8230;. <span class=\"meta-nav\">&rarr;<\/span><\/a><\/p>\n","protected":false},"author":35,"featured_media":0,"comment_status":"open","ping_status":"closed","sticky":false,"template":"","format":"standard","meta":{"footnotes":""},"categories":[196],"tags":[191,60,192,193,190,165],"class_list":["post-365","post","type-post","status-publish","format-standard","hentry","category-magyarorszag","tag-economist","tag-fidesz","tag-mtv1","tag-muosz-etikai-bizottsag","tag-obersovszky-peter","tag-schmitt-pal"],"_links":{"self":[{"href":"https:\/\/www.mszporoszlany.hu\/index.php?rest_route=\/wp\/v2\/posts\/365","targetHints":{"allow":["GET"]}}],"collection":[{"href":"https:\/\/www.mszporoszlany.hu\/index.php?rest_route=\/wp\/v2\/posts"}],"about":[{"href":"https:\/\/www.mszporoszlany.hu\/index.php?rest_route=\/wp\/v2\/types\/post"}],"author":[{"embeddable":true,"href":"https:\/\/www.mszporoszlany.hu\/index.php?rest_route=\/wp\/v2\/users\/35"}],"replies":[{"embeddable":true,"href":"https:\/\/www.mszporoszlany.hu\/index.php?rest_route=%2Fwp%2Fv2%2Fcomments&post=365"}],"version-history":[{"count":0,"href":"https:\/\/www.mszporoszlany.hu\/index.php?rest_route=\/wp\/v2\/posts\/365\/revisions"}],"wp:attachment":[{"href":"https:\/\/www.mszporoszlany.hu\/index.php?rest_route=%2Fwp%2Fv2%2Fmedia&parent=365"}],"wp:term":[{"taxonomy":"category","embeddable":true,"href":"https:\/\/www.mszporoszlany.hu\/index.php?rest_route=%2Fwp%2Fv2%2Fcategories&post=365"},{"taxonomy":"post_tag","embeddable":true,"href":"https:\/\/www.mszporoszlany.hu\/index.php?rest_route=%2Fwp%2Fv2%2Ftags&post=365"}],"curies":[{"name":"wp","href":"https:\/\/api.w.org\/{rel}","templated":true}]}}