{"id":416,"date":"2012-04-09T20:20:33","date_gmt":"2012-04-09T19:20:33","guid":{"rendered":"http:\/\/www.mszporoszlany.hu\/?p=416"},"modified":"2012-04-09T20:20:33","modified_gmt":"2012-04-09T19:20:33","slug":"jonnek-a-doktorik-mennek-a-doktorik","status":"publish","type":"post","link":"https:\/\/www.mszporoszlany.hu\/?p=416","title":{"rendered":"J\u00f6nnek a doktorik, mennek a doktorik"},"content":{"rendered":"<p><img loading=\"lazy\" decoding=\"async\" class=\"alignleft size-full wp-image-417\" title=\"lazarmozes\" src=\"https:\/\/www.mszporoszlany.hu\/wp-content\/uploads\/2012\/04\/lazarmozes.jpg\" alt=\"\" width=\"200\" height=\"119\" \/>\u00dagy l\u00e1tszik a Fideszn\u00e9l valamif\u00e9le elv\u00e1r\u00e1s az, hogy mindenki t\u00f6bbnek l\u00e1tsz\u00f3dj\u00e9k, mint ami. Sajnos \u00fagy t\u0171nik, itt Oroszl\u00e1nyban is megvan a magunk Schmitt P\u00e1lja, L\u00e1z\u00e1r M\u00f3zes &#8222;PhD&#8221; szem\u00e9ly\u00e9ben.<\/p>\n<p><!--more--><\/p>\n<p>V\u00e1rosunk k\u00f6zint\u00e9zm\u00e9nyeinek keresztapja egy id\u0151ben nagy el\u0151szeretettel biggyesztette a neve el\u00e9 a dr. jelz\u0151t, manaps\u00e1g pedig a PhD titulust, amivel csak az a probl\u00e9ma, hogy val\u00f3j\u00e1ban L\u00e1z\u00e1r \u00far semmilyen tudom\u00e1nyos fokozattal nem rendelkezik. Az \u00fcgy \u00e9rdekess\u00e9ge, hogy m\u00edg Schmitt P\u00e1l &#8211; m\u00e1s k\u00e9rd\u00e9s hogy hogyan, de &#8211; ledoktor\u00e1lt, L\u00e1z\u00e1r M\u00f3zes &#8222;PhD&#8221; azonban egy\u00e1ltal\u00e1n nem tett ilyet. De akkor m\u00e9gis mi alapj\u00e1n haszn\u00e1lja ezt atitulust?<\/p>\n<p>\u00c9letrajza szerint 2006-ban doktor\u00e1lt az amerikai Newport International University-n.<\/p>\n<p>Ezzel csak k\u00e9t probl\u00e9ma van. Az egyik, hogy L\u00e1z\u00e1r M\u00f3zes term\u00e9szetesen nem az USA-ban v\u00e9gezte tanulm\u00e1nyait, hanem a magyarorsz\u00e1gi Econovum Akad\u00e9mi\u00e1n, aminek a fentebb hivatkozott int\u00e9zm\u00e9ny egy\u00fcttm\u0171k\u00f6d\u0151 partnere.\u00a0A m\u00e1sik probl\u00e9ma az, hogy mint az Econovum Akad\u00e9mia honlapj\u00e1n is olvashat\u00f3, a Kalifornia \u00c1llamban m\u0171k\u00f6d\u0151 int\u00e9zm\u00e9ny nem akkredit\u00e1lt azaz az \u00e1ltaluk kiadott k\u00fclf\u00f6ldi oklev\u00e9l csak az elv\u00e9gzett tanulm\u00e1nyok dokument\u00e1l\u00e1s\u00e1ra szolg\u00e1l, de nem haszn\u00e1lhat\u00f3 p\u00e9ld\u00e1ul tudom\u00e1nyos Ph.D., fokozatk\u00e9nt!<\/p>\n<p>L\u00e1sd: <a title=\"Partnerkapcsolat\" href=\"http:\/\/www.econovumakademia.hu\/stratpartner.html\" target=\"_blank\">http:\/\/www.econovumakademia.hu\/stratpartner.html<\/a><\/p>\n<p>\u00c9s, hogy az Econovum Akad\u00e9mi\u00e1n v\u00e9gzett hallgat\u00f3k mi\u00e9rt a Newport University \u00e1ltal kiadott oklevelet kapt\u00e1k? Nos, ez volt a csel. Ugyanis az Econovum sem akkredit\u00e1lt int\u00e9zm\u00e9ny, \u00edgy \u0151 Magyarorsz\u00e1gon semmilyen tudom\u00e1nyos fokozatot nem osztogathatott, ez\u00e9rt kellett egy k\u00fclf\u00f6ldi partner, akinek a neve itthon j\u00f3l hangzik, \u00e9s valamif\u00e9le oklevelet is ki\u00e1ll\u00edt.\u00a0Ennek az \u00e1ldatlan \u00e1llapotnak a megsz\u00fcntet\u00e9s\u00e9r\u0151l a jelenlegi korm\u00e1ny Nemzeti Er\u0151forr\u00e1s Minisztere 2011-ben a 101365\/2011 ikt. sz\u00e1m\u00fa hat\u00e1rozat\u00e1ban k\u00fcl\u00f6n rendelkezett, \u00e9s megtiltotta az Econovum Akad\u00e9mi\u00e1nak a(z) (\u00e1l)tudom\u00e1nyos fokozatok osztogat\u00e1s\u00e1t.<\/p>\n<p>T\u00e9telezz\u00fck fel, hogy L\u00e1z\u00e1r M\u00f3zes volt olyan naiv, \u00e9s azt hitte, hogy 2006-ban t\u00e9nyleg doktori c\u00edmet kapott, \u00e9s j\u00f3hiszem\u0171en haszn\u00e1lta a nev\u00e9ben a dr. illetve a Ph.D. titulust, de 2011 \u00f3ta tudnia kell, hogy ez nem eg\u00e9szen \u00edgy van, s\u0151t, egy\u00e1ltal\u00e1n nincs \u00edgy!\u00a0Ennek ellen\u00e9re az\u00f3ta is t\u00f6bb helyen olvashatjuk, hogy L\u00e1z\u00e1r M\u00f3zes Ph.D.<\/p>\n<p><em>Ph.D: Magyarorsz\u00e1gon jelenleg egyetlen tudom\u00e1nyos fokozat szerezhet\u0151: a PhD a latin &#8222;philosophi\u00e6 doctor&#8221; (= A filoz\u00f3fia doktora) r\u00f6vid\u00edt\u00e9se. Felt\u00e9tele t\u00f6bbek k\u00f6z\u00f6tt az \u00fan. abszolut\u00f3rium megszerz\u00e9se, teh\u00e1t a tanulm\u00e1nyi k\u00f6telezetts\u00e9gek teljes\u00edt\u00e9se, amely ut\u00e1n megkezd\u0151dhet az \u00fan. fokozatszerz\u00e9si elj\u00e1r\u00e1s. A jel\u00f6lt kor\u00e1bbi tudom\u00e1nyos teljes\u00edtm\u00e9nye alapj\u00e1n &#8211; az egyetem erre ir\u00e1nyul\u00f3 d\u00f6nt\u00e9se szerint &#8211; egy\u00e9ni \u00faton is felk\u00e9sz\u00fclhet a fokozatszerz\u00e9sre (egy\u00e9ni felk\u00e9sz\u00fcl\u00e9s). A fokozat megszerz\u00e9s\u00e9hez a doktori szigorlat eredm\u00e9nyes let\u00e9tele, valamint a PhD \u00e9rtekez\u00e9s sikeres megv\u00e9d\u00e9se sz\u00fcks\u00e9ges. A k\u00fclf\u00f6ld\u00f6n szerzett PhD fokozatokat, amennyiben visel\u0151je Magyarorsz\u00e1gon k\u00edv\u00e1n a tudom\u00e1nyos \u00e9letben r\u00e9szt venni, honos\u00edttatnia kell.<\/em><\/p>\n<p>Forr\u00e1s: http:\/\/www.wikipedia.hu<\/p>\n","protected":false},"excerpt":{"rendered":"<p>\u00dagy l\u00e1tszik a Fideszn\u00e9l valamif\u00e9le elv\u00e1r\u00e1s az, hogy mindenki t\u00f6bbnek l\u00e1tsz\u00f3dj\u00e9k, mint ami. Sajnos \u00fagy t\u0171nik, itt Oroszl\u00e1nyban is megvan a magunk Schmitt P\u00e1lja, L\u00e1z\u00e1r M\u00f3zes &#8222;PhD&#8221; szem\u00e9ly\u00e9ben. <a href=\"https:\/\/www.mszporoszlany.hu\/?p=416\">Egy kattint\u00e1s ide a folytat\u00e1shoz&#8230;. <span class=\"meta-nav\">&rarr;<\/span><\/a><\/p>\n","protected":false},"author":35,"featured_media":0,"comment_status":"open","ping_status":"closed","sticky":false,"template":"","format":"standard","meta":{"footnotes":""},"categories":[196,197,194],"tags":[207,210,206,208,209],"class_list":["post-416","post","type-post","status-publish","format-standard","hentry","category-magyarorszag","category-nemzetkozi","category-oroszlany","tag-dr-lazar-mozes","tag-econovum-akademia","tag-lazar-mozes-phd","tag-newport-international-university","tag-usa"],"_links":{"self":[{"href":"https:\/\/www.mszporoszlany.hu\/index.php?rest_route=\/wp\/v2\/posts\/416","targetHints":{"allow":["GET"]}}],"collection":[{"href":"https:\/\/www.mszporoszlany.hu\/index.php?rest_route=\/wp\/v2\/posts"}],"about":[{"href":"https:\/\/www.mszporoszlany.hu\/index.php?rest_route=\/wp\/v2\/types\/post"}],"author":[{"embeddable":true,"href":"https:\/\/www.mszporoszlany.hu\/index.php?rest_route=\/wp\/v2\/users\/35"}],"replies":[{"embeddable":true,"href":"https:\/\/www.mszporoszlany.hu\/index.php?rest_route=%2Fwp%2Fv2%2Fcomments&post=416"}],"version-history":[{"count":0,"href":"https:\/\/www.mszporoszlany.hu\/index.php?rest_route=\/wp\/v2\/posts\/416\/revisions"}],"wp:attachment":[{"href":"https:\/\/www.mszporoszlany.hu\/index.php?rest_route=%2Fwp%2Fv2%2Fmedia&parent=416"}],"wp:term":[{"taxonomy":"category","embeddable":true,"href":"https:\/\/www.mszporoszlany.hu\/index.php?rest_route=%2Fwp%2Fv2%2Fcategories&post=416"},{"taxonomy":"post_tag","embeddable":true,"href":"https:\/\/www.mszporoszlany.hu\/index.php?rest_route=%2Fwp%2Fv2%2Ftags&post=416"}],"curies":[{"name":"wp","href":"https:\/\/api.w.org\/{rel}","templated":true}]}}