{"id":425,"date":"2012-04-11T09:14:22","date_gmt":"2012-04-11T08:14:22","guid":{"rendered":"http:\/\/www.mszporoszlany.hu\/?p=425"},"modified":"2012-04-11T09:14:22","modified_gmt":"2012-04-11T08:14:22","slug":"nicsak-ki-csusztat-megint","status":"publish","type":"post","link":"https:\/\/www.mszporoszlany.hu\/?p=425","title":{"rendered":"Nicsak ki cs\u00fasztat megint?"},"content":{"rendered":"<p><img loading=\"lazy\" decoding=\"async\" class=\"alignleft size-full wp-image-426\" title=\"nicsak\" src=\"https:\/\/www.mszporoszlany.hu\/wp-content\/uploads\/2012\/04\/nicsak.jpg\" alt=\"\" width=\"200\" height=\"120\" \/>Valamit tiszt\u00e1zzunk az elej\u00e9n. Korrekt dolog, hogy v\u00e1rosunk polg\u00e1rmestere elolvasta, s\u0151t, m\u00e9g v\u00e1laszolt is az (\u00c1mok)-fut\u00e1s teljes\u00edtm\u00e9ny c\u00edm\u0171 cikkre. Ebben \u00f6t pontban fogalmazta meg, mivel nem \u00e9rt egyet. Sajnos azonban \u2013 mint az m\u00e1r szok\u00e1s Oroszl\u00e1nyban \u2013 ism\u00e9t cs\u00fasztat\u00e1sok, hamis adatok jelentek meg Tak\u00e1cs K\u00e1roly anyag\u00e1ban, amit most m\u00e1r t\u00e9nyleg rendbe kellene tenni.<\/p>\n<p><!--more--><\/p>\n<p>1. A Skoda bizony k\u00f6zel 8 milli\u00f3 forintba ker\u00fclt az oroszl\u00e1nyi ad\u00f3fizet\u0151knek. Lehet persze tr\u00fckkk\u00f6zni, hogy besz\u00e1m\u00edtott\u00e1k a r\u00e9gi (3 \u00e9ves) kocsit az \u00e1rba, de megk\u00e9rdezem: az kinek a p\u00e9nz\u00e9b\u0151l lett v\u00e1s\u00e1rolva? A v\u00e1ros p\u00e9nz\u00e9b\u0151l, \u00edgy azt\u00e1n senki se rohanjon a szalonba 5 milli\u00f3\u00e9rt Skoda Superb-et v\u00e1s\u00e1rolni, mert az a v\u00e1gyak birodalma.<\/p>\n<p>2. H\u00e1ny \u00e9ves az eladott Ford? Tak\u00e1cs \u00far ezt \u00edrta: \u201eA Ford 4 \u00e9ves \u00e9s k\u00f6zel 190 km-t futott\u201d \u2013 itt nyilv\u00e1n 190 EZER-re gondolt. Nos, a Ford 2008 november\u00e9ben \u00e9rkezett meg, \u00edgy mindenki maga is kisz\u00e1molhatja, hogy a lead\u00e1skor, 2012. m\u00e1rcius 5-\u00e9n h\u00e1ny \u00e9ves volt \u2013 rendk\u00edv\u00fcl messze a 4 \u00e9vt\u0151l, azt a sz\u00fclinapj\u00e1t majd novemberben \u00fcnnepeli \u00faj tulajdonos\u00e1n\u00e1l. Az m\u00e1r csak hab a tort\u00e1n, hogy lead\u00e1skor 132-ezer km volt az \u00f3r\u00e1j\u00e1ban. H\u00e1t, ez is messze van a cikkben le\u00edrtakt\u00f3l.<\/p>\n<p>A 3-4. ponttal nem foglalkozom, mert \u2013 ellent\u00e9tben a polg\u00e1rmesterrel \u2013 \u00e9n nem k\u00edv\u00e1nom senki szem\u00e9lyis\u00e9gi jogait megs\u00e9rteni.<\/p>\n<p>Az 5-ik pontban a fogyaszt\u00e1sr\u00f3l olvashatunk \u00e9rtekez\u00e9st: \u201ea Skoda 6 l\/100 km es fogyaszt\u00e1s\u00e1val szemben a Ford 10 l\/100 km-t fogyasztott\u201d. Nem tudom, honnan vette az adatokat a polg\u00e1rmester \u00far, az azonban biztos: a gy\u00e1rilag kiadott g\u00e9pk\u00f6nyvek tan\u00fas\u00e1ga szerint a Ford \u00e1tlagfogyaszt\u00e1sa 7,9 l\/100 km, a Skod\u00e1\u00e9 6,2 l\/100 km.<\/p>\n<p>V\u00e9g\u00fcl, de nem utols\u00f3 szempont a k\u00f6lts\u00e9gek alakul\u00e1s\u00e1nak elemz\u00e9sekor, hogy tavaly egy Ford Focus is szolg\u00e1latba \u00e1llt, ennek minden anyagi vonzat\u00e1val. Arra pedig magam is k\u00edv\u00e1ncsi lenn\u00e9k, ki \u00e9s mikor haszn\u00e1lta ny\u00e1ri \u00fcd\u00fcl\u00e9sre a szolg\u00e1lati aut\u00f3t, rem\u00e9lem erre konkr\u00e9t v\u00e1laszt ad Tak\u00e1cs K\u00e1roly.<\/p>\n<p>Rajnai G\u00e1bor<\/p>\n","protected":false},"excerpt":{"rendered":"<p>Valamit tiszt\u00e1zzunk az elej\u00e9n. Korrekt dolog, hogy v\u00e1rosunk polg\u00e1rmestere elolvasta, s\u0151t, m\u00e9g v\u00e1laszolt is az (\u00c1mok)-fut\u00e1s teljes\u00edtm\u00e9ny c\u00edm\u0171 cikkre. Ebben \u00f6t pontban fogalmazta meg, mivel nem \u00e9rt egyet. Sajnos azonban \u2013 mint az m\u00e1r szok\u00e1s Oroszl\u00e1nyban \u2013 ism\u00e9t cs\u00fasztat\u00e1sok, hamis adatok jelentek meg Tak\u00e1cs K\u00e1roly anyag\u00e1ban, amit most m\u00e1r t\u00e9nyleg rendbe kellene tenni. <a href=\"https:\/\/www.mszporoszlany.hu\/?p=425\">Egy kattint\u00e1s ide a folytat\u00e1shoz&#8230;. <span class=\"meta-nav\">&rarr;<\/span><\/a><\/p>\n","protected":false},"author":35,"featured_media":0,"comment_status":"open","ping_status":"closed","sticky":false,"template":"","format":"standard","meta":{"footnotes":""},"categories":[194],"tags":[214,213,211,212],"class_list":["post-425","post","type-post","status-publish","format-standard","hentry","category-oroszlany","tag-beruhazas","tag-fogyasztas","tag-ford","tag-skoda"],"_links":{"self":[{"href":"https:\/\/www.mszporoszlany.hu\/index.php?rest_route=\/wp\/v2\/posts\/425","targetHints":{"allow":["GET"]}}],"collection":[{"href":"https:\/\/www.mszporoszlany.hu\/index.php?rest_route=\/wp\/v2\/posts"}],"about":[{"href":"https:\/\/www.mszporoszlany.hu\/index.php?rest_route=\/wp\/v2\/types\/post"}],"author":[{"embeddable":true,"href":"https:\/\/www.mszporoszlany.hu\/index.php?rest_route=\/wp\/v2\/users\/35"}],"replies":[{"embeddable":true,"href":"https:\/\/www.mszporoszlany.hu\/index.php?rest_route=%2Fwp%2Fv2%2Fcomments&post=425"}],"version-history":[{"count":0,"href":"https:\/\/www.mszporoszlany.hu\/index.php?rest_route=\/wp\/v2\/posts\/425\/revisions"}],"wp:attachment":[{"href":"https:\/\/www.mszporoszlany.hu\/index.php?rest_route=%2Fwp%2Fv2%2Fmedia&parent=425"}],"wp:term":[{"taxonomy":"category","embeddable":true,"href":"https:\/\/www.mszporoszlany.hu\/index.php?rest_route=%2Fwp%2Fv2%2Fcategories&post=425"},{"taxonomy":"post_tag","embeddable":true,"href":"https:\/\/www.mszporoszlany.hu\/index.php?rest_route=%2Fwp%2Fv2%2Ftags&post=425"}],"curies":[{"name":"wp","href":"https:\/\/api.w.org\/{rel}","templated":true}]}}