{"id":428,"date":"2012-04-13T10:45:51","date_gmt":"2012-04-13T09:45:51","guid":{"rendered":"http:\/\/www.mszporoszlany.hu\/?p=428"},"modified":"2012-04-19T06:06:30","modified_gmt":"2012-04-19T05:06:30","slug":"igazgatovalasztas","status":"publish","type":"post","link":"https:\/\/www.mszporoszlany.hu\/?p=428","title":{"rendered":"Igazgat\u00f3v\u00e1laszt\u00e1s"},"content":{"rendered":"<p><img loading=\"lazy\" decoding=\"async\" class=\"alignleft size-full wp-image-429\" title=\"Gimnazium\" src=\"https:\/\/www.mszporoszlany.hu\/wp-content\/uploads\/2012\/04\/Gimnazium.jpg\" alt=\"\" width=\"200\" height=\"120\" \/>A Szent Istv\u00e1n, majd Szent Imre Gimn\u00e1zium \u00e9let\u00e9nek egy s\u00f6t\u00e9t korszaka fejez\u0151d\u00f6tt be azzal, hogy Kurn\u00e1sz L\u00e1szl\u00f3 t\u00e1vozni k\u00e9nyszer\u00fclt az igazgat\u00f3i sz\u00e9kb\u0151l \u2013 olvashat\u00f3 a szeretgom.hu port\u00e1lon.<\/p>\n<p><!--more--><\/p>\n<p>Tev\u00e9kenys\u00e9g\u00e9nek m\u00e9rlege, egy t\u00f6bb mint 320 \u00e9ves int\u00e9zm\u00e9ny a Szent Istv\u00e1n Gimn\u00e1zium kiv\u00e9gz\u00e9se \u00e9s beolvaszt\u00e1sa az \u00fajonnan l\u00e9trej\u00f6tt Szent Imre iskol\u00e1ba. Az, hogy mindezt Szent Istv\u00e1n v\u00e1ros\u00e1ban siker\u00fclt v\u00e9ghezvinni, a legnagyobb sz\u00e9gyen az eg\u00e9sz t\u00f6rt\u00e9netben! Emellett nem szabad elfeledkezni arr\u00f3l sem, hogy politikai nyom\u00e1sra a tantest\u00fclet 22 tagja ellen kezdem\u00e9nyezett fegyelmi vizsg\u00e1latot. A fegyelmi tan\u00e1cs 16 elj\u00e1r\u00e1st ind\u00edtott, ebb\u0151l hetet elbocs\u00e1t\u00e1ssal z\u00e1rtak le. A tan\u00e1rokat az\u00f3ta &#8211; els\u0151 fokon &#8211; a b\u00edr\u00f3s\u00e1g \u00a0visszahelyezte k\u00f6zalkalmazotti jogviszonyukba, a fegyelmiket \u00e9s azoknak minden h\u00e1tr\u00e1ny\u00e1t semmiss\u00e9 nyilv\u00e1n\u00edtotta, \u00e9s inform\u00e1ci\u00f3ink szerint k\u00f6zel 70 milli\u00f3 forintos elmaradt b\u00e9r \u00e9s egy\u00e9b t\u00e9r\u00edt\u00e9st \u00edt\u00e9lt meg r\u00e9sz\u00fckre.<\/p>\n<p>Mint az egyik kommentben olvashat\u00f3: a sz\u00e9gyenletes kinevez\u00e9st k\u00f6vet\u0151en Kurn\u00e1sz anno r\u00f6gt\u00f6n nekil\u00e1tott a p\u00e1ly\u00e1zat\u00e1t nem t\u00e1mogat\u00f3 teljes tan\u00e1ri kar ellehetetlen\u00edt\u00e9s\u00e9hez, \u00fcld\u00f6z\u00e9s\u00e9hez, fegyelmiket ind\u00edtott ellen\u00fck, h\u00e9t tan\u00e1rt meg egyenesen kir\u00fagott. M\u00e9g az el\u00fcld\u00f6z\u00f6ttek hely\u00e9re j\u00f6tt tan\u00e1rok j\u00f3r\u00e9sz\u00e9t is k\u00e9s\u0151bb sz\u00e9pen sorj\u00e1ban kirugdosta, akir\u0151l csak felt\u00e9telezte, hogy nem h\u0171s\u00e9ges h\u00edve. Mindezt k\u00f6vetkezm\u00e9nyek n\u00e9lk\u00fcl csin\u00e1lhatta, mert ez egy k\u00f6vetkezm\u00e9nyek n\u00e9lk\u00fcli orsz\u00e1g, ez\u00e9rt tartunk itt. Szigetszentmikl\u00f3sra \u00e9s tan\u00e1raira is hasonl\u00f3 sors v\u00e1r, mert a t\u00f6rt\u00e9net nagyon hasonl\u00f3, Esztergomban is \u00edgy kezd\u0151d\u00f6tt.<\/p>\n<p>S, hogy mi lett a meneszt\u00e9st k\u00f6vet\u0151en, kinevezt\u00e9k az \u00e1ltala odahozott, egykori helyettes\u00e9t, \u00fagy, hogy szinte senki nem t\u00e1mogatta a p\u00e1ly\u00e1zat\u00e1t. \u201eA Sz\u00fcl\u0151i Munkak\u00f6z\u00f6ss\u00e9g nem-, a D\u00d6K nem- \u00e9s a tan\u00e1ri kar sem (kiv\u00e9ve 2, azaz kett\u0151(!) tan\u00e1rt). A di\u00e1kok \u00e9s a tan\u00e1rok nem tudnak felocs\u00fadni a d\u00f6bbenet\u00fckb\u0151l. Biztosan alkalmas ez az ember? Biztosan j\u00f3 v\u00e1laszt\u00e1s volt a d\u00f6nt\u00e9shoz\u00f3k r\u00e9sz\u00e9r\u0151l? Mi\u00e9rt kezdt\u00e9k el a sz\u00fcl\u0151k ki\u00edratni a d\u00f6nt\u00e9st k\u00f6vet\u0151en a gyerekeiket az &#8222;elit iskol\u00e1b\u00f3l&#8221;? Sok-sok k\u00e9rd\u00e9s, kev\u00e9s v\u00e1lasz&#8230; \u00c9ljen a Demokr\u00e1cia!\u201d \u2013 olvashat\u00f3.<\/p>\n<p>Mindezt csak az\u00e9rt id\u00e9zem, mert ugye Oroszl\u00e1nyban is bebizonyosodott a k\u00f6zelm\u00falt n\u00e9vad\u00f3 hull\u00e1m\u00e1ban, hogy marh\u00e1ra nem \u00e9rdekel senkit a dolgoz\u00f3i k\u00f6z\u00f6ss\u00e9gek, a sz\u00fcl\u0151k, nevel\u0151k, di\u00e1kok v\u00e9lem\u00e9nye, s ugye a k\u00f6z\u00e9piskol\u00e1ban igazgat\u00f3v\u00e1laszt\u00e1s lesz. Erre JELENLEG egy jel\u00f6lt van, de ez senkit se t\u00e9vesszen meg! 2-3-5 h\u00f3napja kinevezett igazgat\u00f3kat v\u00e1lt le sorra a Nemzeti Egy\u00fcttm\u0171k\u00f6d\u00e9s Rendszere, ahogy \u00e1tveszi (elveszi) a telep\u00fcl\u00e9sek oktat\u00e1si int\u00e9zm\u00e9nyeit \u2013 sz\u00f3val az \u00fcgy m\u00e9g nincs lefutva, maximum a mi b\u00f6lcs d\u00f6nt\u00e9shoz\u00f3ink d\u00f6rzs\u00f6lhetik kezeiket: mi mindent megtett\u00fcnk!<\/p>\n","protected":false},"excerpt":{"rendered":"<p>A Szent Istv\u00e1n, majd Szent Imre Gimn\u00e1zium \u00e9let\u00e9nek egy s\u00f6t\u00e9t korszaka fejez\u0151d\u00f6tt be azzal, hogy Kurn\u00e1sz L\u00e1szl\u00f3 t\u00e1vozni k\u00e9nyszer\u00fclt az igazgat\u00f3i sz\u00e9kb\u0151l \u2013 olvashat\u00f3 a szeretgom.hu port\u00e1lon.<\/p>\n","protected":false},"author":35,"featured_media":0,"comment_status":"open","ping_status":"closed","sticky":false,"template":"","format":"standard","meta":{"footnotes":""},"categories":[195,194],"tags":[224,221,222,217,184,225,216,215,219,218,223,220],"class_list":["post-428","post","type-post","status-publish","format-standard","hentry","category-komarom-esztergom-megye","category-oroszlany","tag-dok","tag-fegyelmi","tag-huseges-hivek","tag-kurnasz-laszlo","tag-nemzeti-egyuttmukodes-rendszere","tag-nevado-hullam","tag-szent-imre-gimnazium","tag-szent-istvan-gimnazium","tag-szent-istvan-varosa","tag-szeretgom-hu","tag-szuloi-munkakozosseg","tag-uldozes"],"_links":{"self":[{"href":"https:\/\/www.mszporoszlany.hu\/index.php?rest_route=\/wp\/v2\/posts\/428","targetHints":{"allow":["GET"]}}],"collection":[{"href":"https:\/\/www.mszporoszlany.hu\/index.php?rest_route=\/wp\/v2\/posts"}],"about":[{"href":"https:\/\/www.mszporoszlany.hu\/index.php?rest_route=\/wp\/v2\/types\/post"}],"author":[{"embeddable":true,"href":"https:\/\/www.mszporoszlany.hu\/index.php?rest_route=\/wp\/v2\/users\/35"}],"replies":[{"embeddable":true,"href":"https:\/\/www.mszporoszlany.hu\/index.php?rest_route=%2Fwp%2Fv2%2Fcomments&post=428"}],"version-history":[{"count":0,"href":"https:\/\/www.mszporoszlany.hu\/index.php?rest_route=\/wp\/v2\/posts\/428\/revisions"}],"wp:attachment":[{"href":"https:\/\/www.mszporoszlany.hu\/index.php?rest_route=%2Fwp%2Fv2%2Fmedia&parent=428"}],"wp:term":[{"taxonomy":"category","embeddable":true,"href":"https:\/\/www.mszporoszlany.hu\/index.php?rest_route=%2Fwp%2Fv2%2Fcategories&post=428"},{"taxonomy":"post_tag","embeddable":true,"href":"https:\/\/www.mszporoszlany.hu\/index.php?rest_route=%2Fwp%2Fv2%2Ftags&post=428"}],"curies":[{"name":"wp","href":"https:\/\/api.w.org\/{rel}","templated":true}]}}