{"id":435,"date":"2012-04-16T08:21:36","date_gmt":"2012-04-16T07:21:36","guid":{"rendered":"http:\/\/www.mszporoszlany.hu\/?p=435"},"modified":"2012-04-16T08:21:36","modified_gmt":"2012-04-16T07:21:36","slug":"recseg-vagy-nem-recseg","status":"publish","type":"post","link":"https:\/\/www.mszporoszlany.hu\/?p=435","title":{"rendered":"Recseg, vagy nem recseg?"},"content":{"rendered":"<p><img loading=\"lazy\" decoding=\"async\" class=\"alignleft size-full wp-image-436\" title=\"Illesszekere\" src=\"https:\/\/www.mszporoszlany.hu\/wp-content\/uploads\/2012\/04\/Illesszekere.jpg\" alt=\"\" width=\"200\" height=\"120\" \/>A MSZP Balegyenes c\u00edm\u0171 kiadv\u00e1ny\u00e1ban megjelent egy cikk \u201eB\u00e1ny\u00e1szok Ill\u00e9s recseg\u0151 szeker\u00e9n\u201d c\u00edmmel, amelyre Ill\u00e9s R\u00f3bert Facebook oldal\u00e1n fejtette ki v\u00e9lem\u00e9ny\u00e9t. A cikk szerz\u0151je McChipp saj\u00e1t blogoldal\u00e1n adott kimer\u00edt\u0151 v\u00e1laszt Ill\u00e9s R\u00f3bert felvet\u00e9s\u00e9re.<\/p>\n<p>A v\u00e1lasz itt olvashat\u00f3: <a title=\"Ill\u00e9s recseg\u0151 szekere\" href=\"http:\/\/mc-chipp.blog.hu\/2012\/04\/11\/oromhir_840#more4386957\" target=\"_blank\">McChipp <\/a>Blog.<\/p>\n","protected":false},"excerpt":{"rendered":"<p>A MSZP Balegyenes c\u00edm\u0171 kiadv\u00e1ny\u00e1ban megjelent egy cikk \u201eB\u00e1ny\u00e1szok Ill\u00e9s recseg\u0151 szeker\u00e9n\u201d c\u00edmmel, amelyre Ill\u00e9s R\u00f3bert Facebook oldal\u00e1n fejtette ki v\u00e9lem\u00e9ny\u00e9t. A cikk szerz\u0151je McChipp saj\u00e1t blogoldal\u00e1n adott kimer\u00edt\u0151 v\u00e1laszt Ill\u00e9s R\u00f3bert felvet\u00e9s\u00e9re. A v\u00e1lasz itt olvashat\u00f3: McChipp Blog.<\/p>\n","protected":false},"author":35,"featured_media":0,"comment_status":"open","ping_status":"closed","sticky":false,"template":"","format":"standard","meta":{"footnotes":""},"categories":[194],"tags":[112,226],"class_list":["post-435","post","type-post","status-publish","format-standard","hentry","category-oroszlany","tag-illes-robert","tag-mcchipp"],"_links":{"self":[{"href":"https:\/\/www.mszporoszlany.hu\/index.php?rest_route=\/wp\/v2\/posts\/435","targetHints":{"allow":["GET"]}}],"collection":[{"href":"https:\/\/www.mszporoszlany.hu\/index.php?rest_route=\/wp\/v2\/posts"}],"about":[{"href":"https:\/\/www.mszporoszlany.hu\/index.php?rest_route=\/wp\/v2\/types\/post"}],"author":[{"embeddable":true,"href":"https:\/\/www.mszporoszlany.hu\/index.php?rest_route=\/wp\/v2\/users\/35"}],"replies":[{"embeddable":true,"href":"https:\/\/www.mszporoszlany.hu\/index.php?rest_route=%2Fwp%2Fv2%2Fcomments&post=435"}],"version-history":[{"count":0,"href":"https:\/\/www.mszporoszlany.hu\/index.php?rest_route=\/wp\/v2\/posts\/435\/revisions"}],"wp:attachment":[{"href":"https:\/\/www.mszporoszlany.hu\/index.php?rest_route=%2Fwp%2Fv2%2Fmedia&parent=435"}],"wp:term":[{"taxonomy":"category","embeddable":true,"href":"https:\/\/www.mszporoszlany.hu\/index.php?rest_route=%2Fwp%2Fv2%2Fcategories&post=435"},{"taxonomy":"post_tag","embeddable":true,"href":"https:\/\/www.mszporoszlany.hu\/index.php?rest_route=%2Fwp%2Fv2%2Ftags&post=435"}],"curies":[{"name":"wp","href":"https:\/\/api.w.org\/{rel}","templated":true}]}}