{"id":442,"date":"2012-04-20T06:03:20","date_gmt":"2012-04-20T05:03:20","guid":{"rendered":"http:\/\/www.mszporoszlany.hu\/?p=442"},"modified":"2012-04-22T21:57:52","modified_gmt":"2012-04-22T20:57:52","slug":"utazas-az-ismeretlenbe","status":"publish","type":"post","link":"https:\/\/www.mszporoszlany.hu\/?p=442","title":{"rendered":"Utaz\u00e1s az ismeretlenbe?!"},"content":{"rendered":"<p><img loading=\"lazy\" decoding=\"async\" class=\"alignleft size-full wp-image-443\" title=\"Meseauto\" src=\"https:\/\/www.mszporoszlany.hu\/wp-content\/uploads\/2012\/04\/Meseauto.jpg\" alt=\"\" width=\"200\" height=\"120\" \/>T\u00f6bb olvas\u00f3nk is felh\u00edvta arra a k\u00e9ts\u00e9gk\u00edv\u00fcl \u00e9rdekes t\u00e9nyre a figyelm\u00fcnket, hogy hi\u00e1ba t\u00e9ma hetek \u00f3ta Tak\u00e1cs &#8222;Marco Polo&#8221; K\u00e1roly kiemelked\u0151 aktivit\u00e1sa a hivatali aut\u00f3haszn\u00e1lat ter\u00e9n, a r\u00e9szleteket m\u00e9gis s\u0171r\u0171 hom\u00e1ly fedi. Tov\u00e1bbra is k\u00ednz\u00f3 k\u00e9rd\u00e9s, hogy hov\u00e1, mi c\u00e9lb\u00f3l, \u00e9s f\u0151leg milyen eredm\u00e9nnyel tett meg tavaly 70.000 km-t a v\u00e1ros \u00e9rdek\u00e9ben.<\/p>\n<p><!--more--><\/p>\n<p>Hi\u00e1ba volt egy anyag az \u00daj k\u00e9thetesben vagy itt a honlapunkon, hi\u00e1ba reag\u00e1lt Tak\u00e1cs \u00far \u00edr\u00e1sban a cikk\u00fcnkre, hi\u00e1ba a k\u00e9pvisel\u0151i interpell\u00e1ci\u00f3k, nem \u00e9s nem tudjuk miv\u00e9gre is p\u00f6f\u00f6g\u00f6tt el a hivatali aut\u00f3 t\u00f6bb milli\u00f3t.<\/p>\n<p>Hi\u00e1ba \u00e1ll\u00edtja a polg\u00e1rmester \u00far, hogy csak \u00e9s kiz\u00e1r\u00f3lag hivatali c\u00e9lokra haszn\u00e1lja az aut\u00f3t, a konkr\u00e9tumok hi\u00e1nya sajnos mindenf\u00e9le tal\u00e1lgat\u00e1sokra ad okot. Egyesek l\u00e1tni v\u00e9lt\u00e9k, hogy Tak\u00e1cs \u00far gyermekeit olykor-olykor a hivatali sof\u0151r sz\u00e1ll\u00edtja a hivatali g\u00e9pkocsival iskol\u00e1ba. M\u00e1sok tudni v\u00e9lik, hogy Fidesz kongresszusra is a hivatali aut\u00f3 vitte a polg\u00e1rmester urat. Mondj\u00e1k azt is, hogy legink\u00e1bb a v\u00e1llalkoz\u00e1sa \u00fcgyeiben utazik ennyit, \u00e9s nem annyira a v\u00e1ros \u00e9rdek\u00e9ben. Mi ezt term\u00e9szetesen nem akarjuk elhinni, de k\u00e9ts\u00e9gk\u00edv\u00fcl furcsa, hogy polg\u00e1rmester urunk egyed\u00fcl t\u00f6bbet megy, mint \u00f6t m\u00e1sik polg\u00e1rmester egy\u00fcttv\u00e9ve.<\/p>\n<p>\u00c9s ugye az eredm\u00e9nyek<\/p>\n<p>A v\u00e1ros k\u00e9t legfontosabb probl\u00e9m\u00e1ja a szennyv\u00edztelep \u00fczemeltet\u00e9s\u00e9nek elveszt\u00e9se, illetve a t\u00e1vf\u0171t\u00e9s j\u00f6v\u0151je. Ha a polg\u00e1rmester \u00far ezekben az \u00fcgyekben ment ennyit, akkor a c\u00edmben szerepl\u0151 T\u00e1trai Band sl\u00e1ger egy m\u00e1sik sor\u00e1t is idecit\u00e1lhatn\u00e1nk, miszerint: &#8222;Utaz\u00e1s a semmibe&#8221;. Mert a tavaly \u00e9v v\u00e9g\u00e9n megsz\u00fcletett vizik\u00f6zm\u0171 t\u00f6rv\u00e9ny \u00e9s a Magyar Energia Hivatal hivatalos \u00e1ll\u00e1spontja szerint a szennyv\u00edztelep \u00fczemeltet\u00e9si jog\u00e1t, \u00e9s annak \u00f6sszes hozad\u00e9k\u00e1t sajnos legk\u00e9s\u0151bb 2014-ben elvesz\u00edtj\u00fck. Pedig mi m\u00e1r tavaly ny\u00e1ron sz\u00f3ltunk, hogy tenni kell valamit, amire persze a polg\u00e1rmester \u00far p\u00e1nikkelt\u00e9ssel v\u00e1dolt minket<\/p>\n<p>A t\u00e1vf\u0171t\u00e9s j\u00f6v\u0151je is k\u00e9ts\u00e9gbeejt\u0151: a jelenlegi \u00e1ll\u00e1s szerint egy megfizethetetlen \u00e1ron termel\u0151 g\u00e1zmotoros f\u0171t\u0151m\u0171vet akarnak a nyakunkba s\u00f3zni. Sz\u00f3val nem gondoln\u00e1nk, hogy Tak\u00e1cs \u00far ez\u00e9rt utazott ennyit. De akkor vajon mi\u00e9rt? Megtudjuk-e valaha, vagy k\u00e9nytelenek lesz\u00fcnk azoknak hinni, akik szerint hossz\u00fa utaz\u00e1sai sor\u00e1n t\u00f6bbnyire a saj\u00e1t c\u00e9ges \u00fcgyeit int\u00e9zi, illetve olyan f\u00f3rumokon rekl\u00e1mozza mag\u00e1t, melyeknek k\u00f6z\u00fck nincs a mostani feladat\u00e1hoz, de j\u00f3 kis el\u0151j\u00e1t\u00e9k arra az esetre, ha m\u00e1sodszor nem v\u00e1lasztan\u00e1k meg?<\/p>\n","protected":false},"excerpt":{"rendered":"<p>T\u00f6bb olvas\u00f3nk is felh\u00edvta arra a k\u00e9ts\u00e9gk\u00edv\u00fcl \u00e9rdekes t\u00e9nyre a figyelm\u00fcnket, hogy hi\u00e1ba t\u00e9ma hetek \u00f3ta Tak\u00e1cs &#8222;Marco Polo&#8221; K\u00e1roly kiemelked\u0151 aktivit\u00e1sa a hivatali aut\u00f3haszn\u00e1lat ter\u00e9n, a r\u00e9szleteket m\u00e9gis s\u0171r\u0171 hom\u00e1ly fedi. Tov\u00e1bbra is k\u00ednz\u00f3 k\u00e9rd\u00e9s, hogy hov\u00e1, mi c\u00e9lb\u00f3l, &hellip; <a href=\"https:\/\/www.mszporoszlany.hu\/?p=442\">Egy kattint\u00e1s ide a folytat\u00e1shoz&#8230;. <span class=\"meta-nav\">&rarr;<\/span><\/a><\/p>\n","protected":false},"author":35,"featured_media":0,"comment_status":"open","ping_status":"closed","sticky":false,"template":"","format":"standard","meta":{"footnotes":""},"categories":[194],"tags":[60,9,10,227],"class_list":["post-442","post","type-post","status-publish","format-standard","hentry","category-oroszlany","tag-fidesz","tag-takacs-karoly","tag-utazo-polgarmester","tag-vallalkozas"],"_links":{"self":[{"href":"https:\/\/www.mszporoszlany.hu\/index.php?rest_route=\/wp\/v2\/posts\/442","targetHints":{"allow":["GET"]}}],"collection":[{"href":"https:\/\/www.mszporoszlany.hu\/index.php?rest_route=\/wp\/v2\/posts"}],"about":[{"href":"https:\/\/www.mszporoszlany.hu\/index.php?rest_route=\/wp\/v2\/types\/post"}],"author":[{"embeddable":true,"href":"https:\/\/www.mszporoszlany.hu\/index.php?rest_route=\/wp\/v2\/users\/35"}],"replies":[{"embeddable":true,"href":"https:\/\/www.mszporoszlany.hu\/index.php?rest_route=%2Fwp%2Fv2%2Fcomments&post=442"}],"version-history":[{"count":0,"href":"https:\/\/www.mszporoszlany.hu\/index.php?rest_route=\/wp\/v2\/posts\/442\/revisions"}],"wp:attachment":[{"href":"https:\/\/www.mszporoszlany.hu\/index.php?rest_route=%2Fwp%2Fv2%2Fmedia&parent=442"}],"wp:term":[{"taxonomy":"category","embeddable":true,"href":"https:\/\/www.mszporoszlany.hu\/index.php?rest_route=%2Fwp%2Fv2%2Fcategories&post=442"},{"taxonomy":"post_tag","embeddable":true,"href":"https:\/\/www.mszporoszlany.hu\/index.php?rest_route=%2Fwp%2Fv2%2Ftags&post=442"}],"curies":[{"name":"wp","href":"https:\/\/api.w.org\/{rel}","templated":true}]}}