{"id":446,"date":"2012-04-20T06:11:14","date_gmt":"2012-04-20T05:11:14","guid":{"rendered":"http:\/\/www.mszporoszlany.hu\/?p=446"},"modified":"2012-04-20T06:11:31","modified_gmt":"2012-04-20T05:11:31","slug":"mindent-visznek","status":"publish","type":"post","link":"https:\/\/www.mszporoszlany.hu\/?p=446","title":{"rendered":"Mindent visznek!"},"content":{"rendered":"<p><img loading=\"lazy\" decoding=\"async\" class=\"alignleft size-full wp-image-226\" title=\"rendelo\" src=\"https:\/\/www.mszporoszlany.hu\/wp-content\/uploads\/2012\/03\/rendelo.jpg\" alt=\"\" width=\"200\" height=\"120\" \/>Lassan m\u00e1r azon kell gondolkodni, lesz-e \u00e9rtelme a tov\u00e1bbiakban az \u00f6nkorm\u00e1nyzatoknak, hiszen nemcsak anyagilag lesznek a jelek szerint kiv\u00e9reztetve, de leg\u00e9rt\u00e9kesebb ingatlanjaikt\u00f3l is b\u00facs\u00fat vehetnek.<\/p>\n<p><!--more--><\/p>\n<p>Mint arr\u00f3l m\u00e1r ez oldalon besz\u00e1moltunk, az m\u00e1r szinte bizonyos, hogy az \u00e1llam elveszi a v\u00e1ros iskol\u00e1inak ir\u00e1ny\u00edt\u00e1s\u00e1t, azonban azok fenntart\u00e1sa tov\u00e1bbra is a mi feladatunk &#8211; tudja, mint amikor \u00d6n fizeti lak\u00e1s\u00e1nak rezsij\u00e9t, de hogy ki lakjon benne, azt m\u00e1s hat\u00e1rozza meg. A tervek alapj\u00e1n a szennyv\u00edztelep sem lesz kiz\u00e1r\u00f3lagos tulajdonunk, pedig ezek karbantart\u00e1s\u00e1hoz, fel\u00faj\u00edt\u00e1s\u00e1hoz, fejleszt\u00e9s\u00e9hez nem kis \u00f6sszeggel j\u00e1rultak hozz\u00e1 a v\u00e1ros lak\u00f3i. Azt\u00e1n itt a leg\u00fajabb sz\u00f3besz\u00e9d: \u00e1llamos\u00edtj\u00e1k a term\u00e1lf\u00fcrd\u0151ket \u00e9s uszod\u00e1kat.<\/p>\n<p>Na, de ne a sz\u00f3besz\u00e9ddel foglalkozzunk, maradjunk a bizonyoss\u00e1gn\u00e1l, m\u00e1rpedig az biztos, hogy \u00e1llami gy\u00e1ms\u00e1g al\u00e1 ker\u00fcl a Rendel\u0151int\u00e9zet \u00e9s \u00c1pol\u00e1si otthon. Az elfogad\u00e1sra v\u00e1r\u00f3 t\u00f6rv\u00e9ny rendelkezik az eg\u00e9szs\u00e9g\u00fcgyi int\u00e9zm\u00e9nyekhez k\u00f6thet\u0151 telep\u00fcl\u00e9si \u00f6nkorm\u00e1nyzati vagyon \u00e9s alap\u00edt\u00f3i \u00e9s fenntart\u00f3i jogok \u00e1llami \u00e1tv\u00e9tel\u00e9nek id\u0151pontj\u00e1r\u00f3l, valamint rendezi a jogut\u00f3dl\u00e1st. Az Uni\u00f3s t\u00e1mogat\u00e1sok kiv\u00e9tel\u00e9vel az \u00f6nkorm\u00e1nyzatok \u00e1ltal\u00e1nos jogut\u00f3da a Magyar \u00c1llam, melyet a kijel\u00f6lt szerv k\u00e9pvisel harmadik szem\u00e9lyekkel szemben.<\/p>\n<p>2013. janu\u00e1r 1-j\u00e9vel \u00e1llami tulajdonba ker\u00fcl\u0151 eg\u00e9szs\u00e9g\u00fcgyi int\u00e9zm\u00e9nyek:<\/p>\n<ol>\n<li>Szarvasi Szakorvosi Eg\u00e9szs\u00e9g\u00fcgyi Szolg\u00e1ltat\u00f3 Kft<\/li>\n<li>Kapuv\u00e1r, Lumniczer S\u00e1ndor K\u00f3rh\u00e1z-Rendel\u0151int\u00e9zet<\/li>\n<li>Kunhegyes, J\u00e1sz-Nagykun-Szolnok Megyei Eg\u00e9szs\u00e9g\u00fcgyi Szolg\u00e1ltat\u00f3 Kiemelten K\u00f6zhaszn\u00fa Nonprofit Kft.<\/li>\n<li><strong>Oroszl\u00e1nyi Szakorvosi- \u00e9s \u00c1pol\u00e1si Kft.<\/strong><\/li>\n<li>Dorogi Szent Borb\u00e1la Szakk\u00f3rh\u00e1z \u00e9s Szakorvosi Rendel\u0151 Kht.<\/li>\n<li>Nagyk\u0151r\u00f6s V\u00e1ros \u00d6nkorm\u00e1nyzat Rehabilit\u00e1ci\u00f3s Szakk\u00f3rh\u00e1za \u00e9s Rendel\u0151int\u00e9zete<\/li>\n<li>Veresegyh\u00e1z, Misszi\u00f3 Eg\u00e9szs\u00e9g\u00fcgyi K\u00f6zpont Nonprofit Kft.<\/li>\n<li>Szentgotth\u00e1rd V\u00e1ros \u00d6nkorm\u00e1nyzata Rendel\u0151int\u00e9zet<\/li>\n<li>S\u00e1rv\u00e1r \u00d6nkorm\u00e1nyzati K\u00f3rh\u00e1z<\/li>\n<li>Zirc V\u00e1rosi Erzs\u00e9bet K\u00f3rh\u00e1z Rendel\u0151int\u00e9zet<\/li>\n<\/ol>\n<p>Dorogon hatalmas balh\u00e9t csapott az \u00f6nkorm\u00e1nyzat az \u00fajabb einstand megismer\u00e9sekor, s b\u00e1r senkinek ne legyen k\u00e9ts\u00e9ge, hogy &#8222;azemberek&#8221; v\u00e9lem\u00e9nye mit sem sz\u00e1m\u00edt a Nemzeti Egy\u00fcttm\u0171k\u00f6d\u00e9s Rendszer\u00e9ben, legal\u00e1bb megpr\u00f3b\u00e1ltak protest\u00e1lni, nem \u00fagy, mint Oroszl\u00e1nyban, ahol b\u00e9na kacsak\u00e9nt n\u00e9zik a v\u00e1ros vezet\u0151i, hogyan semmizik ki a telep\u00fcl\u00e9st.<\/p>\n","protected":false},"excerpt":{"rendered":"<p>Lassan m\u00e1r azon kell gondolkodni, lesz-e \u00e9rtelme a tov\u00e1bbiakban az \u00f6nkorm\u00e1nyzatoknak, hiszen nemcsak anyagilag lesznek a jelek szerint kiv\u00e9reztetve, de leg\u00e9rt\u00e9kesebb ingatlanjaikt\u00f3l is b\u00facs\u00fat vehetnek.<\/p>\n","protected":false},"author":35,"featured_media":0,"comment_status":"open","ping_status":"closed","sticky":false,"template":"","format":"standard","meta":{"footnotes":""},"categories":[195,196,194],"tags":[229,231,228,233,234,235,230,238,232,237,236,239],"class_list":["post-446","post","type-post","status-publish","format-standard","hentry","category-komarom-esztergom-megye","category-magyarorszag","category-oroszlany","tag-allamositas","tag-dorog","tag-einstand","tag-kapuvar","tag-kunhegyes","tag-nagykoros","tag-rendelointezet-es-apolasi-otthon","tag-sarvar","tag-szarvas","tag-szentgotthard","tag-veresegyhaz","tag-zirc"],"_links":{"self":[{"href":"https:\/\/www.mszporoszlany.hu\/index.php?rest_route=\/wp\/v2\/posts\/446","targetHints":{"allow":["GET"]}}],"collection":[{"href":"https:\/\/www.mszporoszlany.hu\/index.php?rest_route=\/wp\/v2\/posts"}],"about":[{"href":"https:\/\/www.mszporoszlany.hu\/index.php?rest_route=\/wp\/v2\/types\/post"}],"author":[{"embeddable":true,"href":"https:\/\/www.mszporoszlany.hu\/index.php?rest_route=\/wp\/v2\/users\/35"}],"replies":[{"embeddable":true,"href":"https:\/\/www.mszporoszlany.hu\/index.php?rest_route=%2Fwp%2Fv2%2Fcomments&post=446"}],"version-history":[{"count":0,"href":"https:\/\/www.mszporoszlany.hu\/index.php?rest_route=\/wp\/v2\/posts\/446\/revisions"}],"wp:attachment":[{"href":"https:\/\/www.mszporoszlany.hu\/index.php?rest_route=%2Fwp%2Fv2%2Fmedia&parent=446"}],"wp:term":[{"taxonomy":"category","embeddable":true,"href":"https:\/\/www.mszporoszlany.hu\/index.php?rest_route=%2Fwp%2Fv2%2Fcategories&post=446"},{"taxonomy":"post_tag","embeddable":true,"href":"https:\/\/www.mszporoszlany.hu\/index.php?rest_route=%2Fwp%2Fv2%2Ftags&post=446"}],"curies":[{"name":"wp","href":"https:\/\/api.w.org\/{rel}","templated":true}]}}