{"id":455,"date":"2012-04-23T09:17:19","date_gmt":"2012-04-23T08:17:19","guid":{"rendered":"http:\/\/www.mszporoszlany.hu\/?p=455"},"modified":"2012-07-11T22:27:17","modified_gmt":"2012-07-11T21:27:17","slug":"diplomas-morgolodas","status":"publish","type":"post","link":"https:\/\/www.mszporoszlany.hu\/?p=455","title":{"rendered":"Diplom\u00e1s morgol\u00f3d\u00e1s"},"content":{"rendered":"<p><img loading=\"lazy\" decoding=\"async\" class=\"alignleft size-full wp-image-456\" title=\"nefmi\" src=\"https:\/\/www.mszporoszlany.hu\/wp-content\/uploads\/2012\/04\/nefmi.jpg\" alt=\"\" width=\"200\" height=\"120\" \/>Azok sz\u00e1m\u00e1ra, akik sajnos nem vehettek r\u00e9szt a fels\u0151oktat\u00e1s valamelyik int\u00e9zm\u00e9nye megfelel\u0151 k\u00e9pz\u00e9s\u00e9ben, szinte minden esetben \u00e9rtelmezhetetlen a plagiz\u00e1lt diploma vagy doktori \u00e9rtekez\u00e9s. \u00c9rtetlen\u00fcl \u00e1llnak a k\u00e9rd\u00e9s el\u0151tt, mondv\u00e1n, hogy az csak egy pap\u00edr. A doktori k\u00e9pz\u00e9sben pedig csak a diplom\u00e1sok sz\u0171k csoportja \u00e9rintett, \u00edgy az ezzel kapcsolatos ismeretek m\u00e9g hi\u00e1nyosabbak a mindennapok embere sz\u00e1m\u00e1ra.<\/p>\n<p><!--more--><\/p>\n<p>R\u00e9gebben (amikor a faluban a pap, az orvos \u00e9s a tan\u00e1r voltak az \u201eiskol\u00e1zott\u201d emberek) a tanult embernek tisztelete volt. Nem kellett pap\u00edrokat l\u00f3b\u00e1lnia ahhoz, hogy elfogadj\u00e1k \u00e9s elismerj\u00e9k \u00e9rt\u00e9keit. Napjainkra azonban m\u00e1r eszk\u00f6zz\u00e9 \u2013 gyakran hatalmi eszk\u00f6zz\u00e9 \u2013 v\u00e1lt az \u201eigazolt hozz\u00e1\u00e9rt\u00e9s\u201d. Minden kornak megvannak a maga \u201eiskol\u00e1zott\u201d emberei. De napjainkra egy komoly ipar\u00e1g \u00e9p\u00fclt a hamis okm\u00e1nyok ki\u00e1ll\u00edt\u00e1s\u00e1ra. M\u00edg kor\u00e1bban a szakmunk\u00e1s \u00e9s \u00e9retts\u00e9gi bizony\u00edtv\u00e1nyok voltak a kelend\u0151ek, addig a 80-90\u2019 \u00e9vekre a nyelvvizsga igazol\u00e1sok v\u00e1ltak a kurrens term\u00e9k\u00e9. A szabads\u00e1ggal azt\u00e1n j\u00f6tt a v\u00e1llalkoz\u00f3i kedv is. S\u0151t n\u0151tt az \u00e9tv\u00e1gy! Nem csak diplomamunk\u00e1kr\u00f3l der\u00fcltek ki, hogy soha sem k\u00e9sz\u00edtette el az \u00e9rintett, de a tudom\u00e1nyos fokozatok ilyen m\u00f3don megszerz\u00e9se is vir\u00e1gz\u00f3 piacnak bizonyult.<\/p>\n<p>Tal\u00e1n az is kell\u0151m\u00e9rt\u00e9kben fokozta a \u201ev\u00e1llalkoz\u00f3i\u201d kedvet az ilyen igazol\u00e1sok k\u00e9sz\u00edt\u00e9s\u00e9re, hogy a rendszerv\u00e1lt\u00e1s ut\u00e1n a k\u00e9pz\u00e9sek \u00e9s ezen bel\u00fcl kifejezetten a feln\u0151ttk\u00e9pz\u00e9s a kor\u00e1bbi int\u00e9zm\u00e9nyi keretekb\u0151l kiszabadulva v\u00e1llalkoz\u00e1si k\u00f6rnyezetbe ker\u00fclt. Nem csoda, hogy sorra ny\u00edltak a legk\u00fcl\u00f6nf\u00e9l\u00e9bb szakmai k\u00f6z\u00e9p, fels\u0151fok\u00fa \u00e9s nem gyakran tudom\u00e1nyos fokozat\u00fa k\u00e9pz\u00e9seket hirdet\u0151 v\u00e1llalkoz\u00e1sok. Ezek azt\u00e1n mindenf\u00e9le nemzetk\u00f6zi \u201eismerets\u00e9g\u201d r\u00e9v\u00e9n \u00fagy hirdett\u00e9k magukat, mint a tudom\u00e1nyos kutat\u00e1sok \u00e9s k\u00e9pz\u00e9sek fellegv\u00e1rai. Ezekben a \u201efellegv\u00e1rakban\u201d azt\u00e1n persze j\u00f3 p\u00e9nz\u00e9rt mindenki olyan \u201eport\u00e9k\u00e1t\u201d v\u00e1s\u00e1rolt mag\u00e1nak, amilyet k\u00e9nye-kedve, vagy a p\u00e9nzt\u00e1rc\u00e1ja megengedett. Sorra jelentek meg nulla nyelvtud\u00e1ssal rendelkez\u0151 \u201eszakemberek\u201d a k\u00fcl\u00f6nb\u00f6z\u0151 idegen orsz\u00e1gban ki\u00e1ll\u00edtott v\u00e9gzetts\u00e9gekkel, amelyeket munkahelyeken, szakmai k\u00f6r\u00f6kben, vagy \u00e9ppen a politik\u00e1ban k\u00edv\u00e1ntak kamatoztatni.<\/p>\n<p>Schmitt P\u00e1l nem az els\u0151 politikus volt, aki ilyen m\u00f3don pr\u00f3b\u00e1lta meg \u00e9rt\u00e9knek felt\u00fcntetni azt, amihez semmi k\u00f6ze sem volt. Na j\u00f3! \u2013 \u0151 abban is nagyot hib\u00e1zott, hogy m\u00e9g r\u00e1ad\u00e1sul idegen tollakkal is \u00e9keskedett \u00e9s ez kider\u00fclt. Ez a jelens\u00e9g az \u00f6reg Eur\u00f3p\u00e1ban sem ismeretlen, de mintha m\u00e1sk\u00e9nt reag\u00e1ln\u00e1nak itthon \u00e9s k\u00fclf\u00f6ld\u00f6n a \u201elebukott\u201d c\u00edmbitorl\u00f3k, mikor kider\u00fcl a turpiss\u00e1g. Tal\u00e1n ez ind\u00edthatta el azt a lavin\u00e1t is, aminek eredm\u00e9nyek\u00e9nt hirtelen minden, els\u0151sorban a politik\u00e1ban tev\u00e9kenyked\u0151k c\u00edme vizsg\u00e1lat t\u00e1rgy\u00e1v\u00e1 avanzs\u00e1lt. C\u00e9gek ker\u00fcltek az akkredit\u00e1l\u00e1ssal foglalkoz\u00f3 szervezetek g\u00f3rcs\u00f6ve al\u00e1, amelyek fel\u00fcletess\u00e9gb\u0151l, vagy sz\u00e1nd\u00e9kosan olyan okm\u00e1nyokat \u00e1ll\u00edtottak ki, amelyek vagy jogtalanok voltak, vagy alkalmasak voltak a megt\u00e9veszt\u00e9sre. Feln\u0151ttk\u00e9pz\u00e9si enged\u00e9llyel rendelkez\u0151 v\u00e1llalkoz\u00e1sok \u00e1ll\u00edtottak ki tudom\u00e1nyos Ph.D fokozatnak t\u0171n\u0151 igazol\u00e1sokat, amelyeket gyakran k\u00fclf\u00f6ldi \u201eokm\u00e1nyokkal\u201d egy\u00fctt pr\u00f3b\u00e1ltak hitelesk\u00e9nt elfogadtatni.<\/p>\n<div id=\"attachment_457\" style=\"width: 610px\" class=\"wp-caption alignnone\"><img loading=\"lazy\" decoding=\"async\" aria-describedby=\"caption-attachment-457\" class=\"wp-image-457 \" title=\"NEFMI hat\u00e1rozat r\u00e9szlete\" src=\"https:\/\/www.mszporoszlany.hu\/wp-content\/uploads\/2012\/04\/nefmi-nagy.jpg\" alt=\"\" width=\"600\" height=\"400\" srcset=\"https:\/\/www.mszporoszlany.hu\/wp-content\/uploads\/2012\/04\/nefmi-nagy.jpg 600w, https:\/\/www.mszporoszlany.hu\/wp-content\/uploads\/2012\/04\/nefmi-nagy-320x213.jpg 320w\" sizes=\"auto, (max-width: 600px) 100vw, 600px\" \/><p id=\"caption-attachment-457\" class=\"wp-caption-text\">NEFMI hat\u00e1rozat r\u00e9szlete<\/p><\/div>\n<p>A \u201emegt\u00e9vesztettek\u201d persze most kapkodnak f\u0171h\u00f6z-f\u00e1hoz. Szeretn\u00e9k, ha eddigi \u201eel\u0151nyeik\u201d nem t\u0171nn\u00e9nek fel rossz sz\u00ednben, ez\u00e9rt igazol\u00e1sokat, illetve annak t\u0171n\u0151 okm\u00e1nyokat pr\u00f3b\u00e1lnak meg beszerezni \u00e9s nyilv\u00e1noss\u00e1gra hozni, annak ellen\u00e9re, hogy azok nem \u0151ket v\u00e9dik. Hivatalos oldalak t\u0171nnek el \u00e9s alakulnak \u00e1t annak \u00e9rdek\u00e9ben, hogy a kor\u00e1bbi j\u00f6vedelmez\u0151, \u00e1m m\u00e1ra terhess\u00e9 v\u00e1l\u00f3 szolg\u00e1ltat\u00e1sok \u00e9s meg\u00e1llap\u00edt\u00e1sok ne legyenek annyira nyilv\u00e1nval\u00f3ak. \u00c9s min\u00e9l t\u00f6bb akt\u00edv ember \u00e9rintett a dologban ez a folyamat ann\u00e1l gyorsabb!<\/p>\n<p>De mi\u00e9rt is polemiz\u00e1lok \u00e9ppen most err\u0151l? Mert sajnos a k\u00f6rnyezetemben is vannak olyan \u201ehatalommal\u201d felruh\u00e1zott emberek, akik \u00e9rintettek ebben a k\u00e9rd\u00e9sben. Mert diplom\u00e1s emberk\u00e9nt bosszant, hogy azt, ami\u00e9rt \u00e9n \u00e9s a hozz\u00e1m hasonl\u00f3k megdolgoztunk, azt m\u00e1sok teljesen el\u00e9rt\u00e9ktelen\u00edtik a hazug \u00e9s \u00e1lszent viselked\u00e9s\u00fckkel. Mert akkor, amikor emberek t\u00f6megesen vesz\u00edtik el a munk\u00e1jukat, akkor m\u00e1sok jogtalan el\u0151ny\u00f6ket kov\u00e1csolnak hamis okm\u00e1nyokkal a munka \u00e9s a k\u00f6z\u00e9let vil\u00e1g\u00e1ban.<\/p>\n<p>Mert egy ilyen \u201eigazol\u00e1s\u201d megt\u00e9vesztheti a foglalkoztat\u00f3kat \u00e9s a szavaz\u00f3kat is! \u00cdgy csak rem\u00e9lni tudom, hogy a mond\u00e1s szerint el\u0151bb \u00e9ri utol \u0151ket a sors, mint azt a szerencs\u00e9tlen s\u00e1nta kuty\u00e1t!<\/p>\n<p>Javasolt linkek<\/p>\n<ul>\n<li><a title=\"Moha Online\" href=\"http:\/\/www.mohaonline.hu\/eszme\/visszaeles_politikus_diploma\" target=\"_blank\">MohaOnline<\/a><\/li>\n<li><a title=\"Vas\u00e1rnapi H\u00edrek\" href=\"http:\/\/www.vasarnapihirek.hu\/fokusz\/elettapasztalatra_kamu_diploma_jar\" target=\"_blank\">Vas\u00e1rnapi H\u00edrek<\/a><\/li>\n<li><a title=\"Nemzeti Er\u0151forr\u00e1s Miniszt\u00e9rium\" href=\"http:\/\/www.kormany.hu\/hu\/nemzeti-eroforras-miniszterium\/oktatasert-felelos-allamtitkarsag\/hirek\/torvenyessegi-eljaras-kereteben-meghozott-hatarozatok-2011-marcius-21\" target=\"_blank\">NEFMI<\/a><\/li>\n<li>NEFMI <a title=\"NEFMI hat\u00e1rozat\" href=\"http:\/\/www.kormany.hu\/download\/8\/a8\/20000\/Hat%C3%A1rozat_ECONOVUM.pdf\" target=\"_blank\">hat\u00e1rozat<\/a>\u00a0(gyors\u00edt\u00f3t\u00e1ras <a title=\"A NEFMI elt\u00fcntetett weboldala (Google t\u00e1rolt v\u00e1ltozat)\" href=\"\/wp-docs\/NefmiHatarozat.pdf\" target=\"_blank\">v\u00e1ltozat<\/a>)<\/li>\n<li><a title=\"N\u00e9pszava\" href=\"http:\/\/www.nepszava.hu\/articles\/article.php?id=539106\" target=\"_blank\">N\u00e9pszava<\/a><\/li>\n<\/ul>\n","protected":false},"excerpt":{"rendered":"<p>Azok sz\u00e1m\u00e1ra, akik sajnos nem vehettek r\u00e9szt a fels\u0151oktat\u00e1s valamelyik int\u00e9zm\u00e9nye megfelel\u0151 k\u00e9pz\u00e9s\u00e9ben, szinte minden esetben \u00e9rtelmezhetetlen a plagiz\u00e1lt diploma vagy doktori \u00e9rtekez\u00e9s. \u00c9rtetlen\u00fcl \u00e1llnak a k\u00e9rd\u00e9s el\u0151tt, mondv\u00e1n, hogy az csak egy pap\u00edr. A doktori k\u00e9pz\u00e9sben pedig csak a diplom\u00e1sok sz\u0171k csoportja \u00e9rintett, \u00edgy ezzel kapcsolatos ismeretek m\u00e9g hi\u00e1nyosabbak a mindennapok embere sz\u00e1m\u00e1ra. <a href=\"https:\/\/www.mszporoszlany.hu\/?p=455\">Egy kattint\u00e1s ide a folytat\u00e1shoz&#8230;. <span class=\"meta-nav\">&rarr;<\/span><\/a><\/p>\n","protected":false},"author":35,"featured_media":0,"comment_status":"open","ping_status":"closed","sticky":false,"template":"","format":"standard","meta":{"footnotes":""},"categories":[195,196,197,194],"tags":[245,164,248,247,246,249],"class_list":["post-455","post","type-post","status-publish","format-standard","hentry","category-komarom-esztergom-megye","category-magyarorszag","category-nemzetkozi","category-oroszlany","tag-diploma","tag-doktori","tag-hamis","tag-megtevesztes","tag-nyelvvizsga","tag-okmany"],"_links":{"self":[{"href":"https:\/\/www.mszporoszlany.hu\/index.php?rest_route=\/wp\/v2\/posts\/455","targetHints":{"allow":["GET"]}}],"collection":[{"href":"https:\/\/www.mszporoszlany.hu\/index.php?rest_route=\/wp\/v2\/posts"}],"about":[{"href":"https:\/\/www.mszporoszlany.hu\/index.php?rest_route=\/wp\/v2\/types\/post"}],"author":[{"embeddable":true,"href":"https:\/\/www.mszporoszlany.hu\/index.php?rest_route=\/wp\/v2\/users\/35"}],"replies":[{"embeddable":true,"href":"https:\/\/www.mszporoszlany.hu\/index.php?rest_route=%2Fwp%2Fv2%2Fcomments&post=455"}],"version-history":[{"count":0,"href":"https:\/\/www.mszporoszlany.hu\/index.php?rest_route=\/wp\/v2\/posts\/455\/revisions"}],"wp:attachment":[{"href":"https:\/\/www.mszporoszlany.hu\/index.php?rest_route=%2Fwp%2Fv2%2Fmedia&parent=455"}],"wp:term":[{"taxonomy":"category","embeddable":true,"href":"https:\/\/www.mszporoszlany.hu\/index.php?rest_route=%2Fwp%2Fv2%2Fcategories&post=455"},{"taxonomy":"post_tag","embeddable":true,"href":"https:\/\/www.mszporoszlany.hu\/index.php?rest_route=%2Fwp%2Fv2%2Ftags&post=455"}],"curies":[{"name":"wp","href":"https:\/\/api.w.org\/{rel}","templated":true}]}}