{"id":466,"date":"2012-04-24T12:25:46","date_gmt":"2012-04-24T11:25:46","guid":{"rendered":"http:\/\/www.mszporoszlany.hu\/?p=466"},"modified":"2012-04-26T21:13:54","modified_gmt":"2012-04-26T20:13:54","slug":"a-hatalom-%e2%80%9ediszkret-baja","status":"publish","type":"post","link":"https:\/\/www.mszporoszlany.hu\/?p=466","title":{"rendered":"A hatalom \u201ediszkr\u00e9t\u201d b\u00e1ja"},"content":{"rendered":"<p><img loading=\"lazy\" decoding=\"async\" class=\"size-full wp-image-490 alignleft\" title=\"TakacsKaroly02\" src=\"https:\/\/www.mszporoszlany.hu\/wp-content\/uploads\/2012\/04\/TakacsKaroly02.jpg\" alt=\"\" width=\"200\" height=\"120\" \/>\u00dagy l\u00e1tszik, hogy a Fideszben k\u00f6telez\u0151 retorikai \u00e9s stilisztikai oktat\u00e1s folyik a nyilv\u00e1nos kommunik\u00e1ci\u00f3 fejleszt\u00e9se \u00e9rdek\u00e9ben. M\u00e1r nem csak a T. H\u00e1zban elv\u00e1r\u00e1s az any\u00e1z\u00e1s \u00e9s a mocskol\u00f3d\u00e1s, hanem telep\u00fcl\u00e9si k\u00e9pvisel\u0151i szinten is aj\u00e1nlott egy kis mocsok\u00f6ml\u00e9s a sz\u00e1jb\u00f3l. \u00c9s ha egy eg\u00e9sz v\u00e1rost, s\u0151t egy leend\u0151 j\u00e1r\u00e1st k\u00e9pviselsz, akkor egyenesen k\u00f6telez\u0151, hogy nyilv\u00e1nosan al\u00e1zd le embert\u00e1rsaidat \u00e9s azokat, akik k\u00e9pviselet\u00e9re hivatalosan esk\u00fct tett\u00e9l!<\/p>\n<p><!--more--><\/p>\n<p>Gratul\u00e1lunk Polg\u00e1rmester \u00dar!<br \/>\nCsak \u00edgy tov\u00e1bb!<\/p>\n<div id=\"attachment_468\" style=\"width: 427px\" class=\"wp-caption aligncenter\"><a title=\"A szem\u00e9tjeivel pedig itt kell tov\u00e1bb k\u00fczden\u00fcnk, eltartanunk \u0151ket?\" href=\"\/wp-content\/uploads\/2012\/04\/TakacsKarolyB.jpg\" rel=\"lightbox1\"><img loading=\"lazy\" decoding=\"async\" aria-describedby=\"caption-attachment-468\" class=\" wp-image-468  \" title=\"Tak\u00e1cs K\u00e1roly nagy\" src=\"https:\/\/www.mszporoszlany.hu\/wp-content\/uploads\/2012\/04\/TakacsKarolyB.jpg\" alt=\"\" width=\"417\" height=\"201\" srcset=\"https:\/\/www.mszporoszlany.hu\/wp-content\/uploads\/2012\/04\/TakacsKarolyB.jpg 850w, https:\/\/www.mszporoszlany.hu\/wp-content\/uploads\/2012\/04\/TakacsKarolyB-320x154.jpg 320w, https:\/\/www.mszporoszlany.hu\/wp-content\/uploads\/2012\/04\/TakacsKarolyB-600x289.jpg 600w\" sizes=\"auto, (max-width: 417px) 100vw, 417px\" \/><\/a><p id=\"caption-attachment-468\" class=\"wp-caption-text\">Nagy\u00edt\u00e1shoz kattints a k\u00e9pre<\/p><\/div>\n","protected":false},"excerpt":{"rendered":"<p>\u00dagy l\u00e1tszik, hogy a Fideszben k\u00f6telez\u0151 retorikai \u00e9s stilisztikai oktat\u00e1s folyik a nyilv\u00e1nos kommunik\u00e1ci\u00f3 fejleszt\u00e9se \u00e9rdek\u00e9ben. M\u00e1r nem csak a T. H\u00e1zban elv\u00e1r\u00e1s az any\u00e1z\u00e1s \u00e9s a mocskol\u00f3d\u00e1s, hanem telep\u00fcl\u00e9si k\u00e9pvisel\u0151i szinten is aj\u00e1nlott egy kis mocsok\u00f6ml\u00e9s a sz\u00e1jb\u00f3l. \u00c9s ha egy eg\u00e9sz v\u00e1rost, s\u0151t egy leend\u0151 j\u00e1r\u00e1st k\u00e9pviselsz, akkor egyenesen k\u00f6telez\u0151, hogy nyilv\u00e1nosan al\u00e1zd le embert\u00e1rsaidat \u00e9s azokat, akik k\u00e9pviselet\u00e9re hivatalosan esk\u00fct tett\u00e9l! <a href=\"https:\/\/www.mszporoszlany.hu\/?p=466\">Egy kattint\u00e1s ide a folytat\u00e1shoz&#8230;. <span class=\"meta-nav\">&rarr;<\/span><\/a><\/p>\n","protected":false},"author":35,"featured_media":0,"comment_status":"open","ping_status":"closed","sticky":false,"template":"","format":"standard","meta":{"footnotes":""},"categories":[194],"tags":[252,250,251],"class_list":["post-466","post","type-post","status-publish","format-standard","hentry","category-oroszlany","tag-etetes","tag-hivatali-esku","tag-szemetje"],"_links":{"self":[{"href":"https:\/\/www.mszporoszlany.hu\/index.php?rest_route=\/wp\/v2\/posts\/466","targetHints":{"allow":["GET"]}}],"collection":[{"href":"https:\/\/www.mszporoszlany.hu\/index.php?rest_route=\/wp\/v2\/posts"}],"about":[{"href":"https:\/\/www.mszporoszlany.hu\/index.php?rest_route=\/wp\/v2\/types\/post"}],"author":[{"embeddable":true,"href":"https:\/\/www.mszporoszlany.hu\/index.php?rest_route=\/wp\/v2\/users\/35"}],"replies":[{"embeddable":true,"href":"https:\/\/www.mszporoszlany.hu\/index.php?rest_route=%2Fwp%2Fv2%2Fcomments&post=466"}],"version-history":[{"count":0,"href":"https:\/\/www.mszporoszlany.hu\/index.php?rest_route=\/wp\/v2\/posts\/466\/revisions"}],"wp:attachment":[{"href":"https:\/\/www.mszporoszlany.hu\/index.php?rest_route=%2Fwp%2Fv2%2Fmedia&parent=466"}],"wp:term":[{"taxonomy":"category","embeddable":true,"href":"https:\/\/www.mszporoszlany.hu\/index.php?rest_route=%2Fwp%2Fv2%2Fcategories&post=466"},{"taxonomy":"post_tag","embeddable":true,"href":"https:\/\/www.mszporoszlany.hu\/index.php?rest_route=%2Fwp%2Fv2%2Ftags&post=466"}],"curies":[{"name":"wp","href":"https:\/\/api.w.org\/{rel}","templated":true}]}}