{"id":475,"date":"2012-04-25T06:31:14","date_gmt":"2012-04-25T05:31:14","guid":{"rendered":"http:\/\/www.mszporoszlany.hu\/?p=475"},"modified":"2012-04-25T09:14:31","modified_gmt":"2012-04-25T08:14:31","slug":"tisztelt-polgarmester-ur-2-0","status":"publish","type":"post","link":"https:\/\/www.mszporoszlany.hu\/?p=475","title":{"rendered":"Tisztelt Polg\u00e1rmester \u00dar! &#8211; 2.0"},"content":{"rendered":"<p><img loading=\"lazy\" decoding=\"async\" class=\"size-full wp-image-479 alignleft\" title=\"SkodaVsSkoda\" src=\"https:\/\/www.mszporoszlany.hu\/wp-content\/uploads\/2012\/04\/SkodaVsSkoda.jpg\" alt=\"\" width=\"200\" height=\"120\" \/>Nem ny\u00falok azonnal telefon\u00e9rt, ha valami m\u00e1sk\u00e9nt hangzik el a helyi telev\u00edzi\u00f3 \u00e9l\u0151 ad\u00e1s\u00e1ban, mint ahogyan szeretn\u00e9m.\u00a0 Nem szoktam v\u00e1laszolni hazugs\u00e1gokra sem. Akkor sem, ha tudom, az emberek jobban megjegyzik, mint az igazs\u00e1gokat. \u00a0Azok ugyanis nem olyan \u00e9rdekesek.<\/p>\n<p><!--more--><\/p>\n<p>Legut\u00f3bbi hozz\u00e1sz\u00f3l\u00e1sa azonban engem is felh\u00e1bor\u00edtott. Azt \u00e1ll\u00edtotta ebben, hogy <em>\u201ea kor\u00e1bbi szocialista polg\u00e1rmesterek k\u00fclf\u00f6ldi \u00fatjai alatt nem voltak ilyen alaposak, \u00e9s kritikusak amikor hetekre mag\u00e1n c\u00e9lokra haszn\u00e1lt\u00e1k a hivatali aut\u00f3t\u201d.<\/em><\/p>\n<p>\u00d6n hazudik. Ak\u00e1r t\u00e9ved\u00e9sb\u0151l, mert \u00fagy gondolja, hogy \u00edgy lehetett, ak\u00e1r k\u00e9szakarva \u00e1ll\u00edt ilyesmit. Vaskos hazugs\u00e1g ez mindk\u00e9t esetben. Polg\u00e1rmesterk\u00e9nt soha nem haszn\u00e1ltam mag\u00e1nc\u00e9lra a hivatali aut\u00f3t. Szinte mindenhov\u00e1 a saj\u00e1t Skoda 120-as t\u00edpus\u00fa aut\u00f3mmal mentem. Egy kocsija volt a hivatalnak, azt a munkat\u00e1rsak haszn\u00e1lt\u00e1k.\u00a0 Akkoriban \u00e9vente n\u00e9h\u00e1ny olyan alkalom volt, hogy a hivatali Opellel utaztam, s legt\u00f6bbsz\u00f6r azt is magam vezettem.<\/p>\n<p>Mindezeket bizony\u00edtani tudom. Gondolom, ez \u00d6nt nem \u00e9rdekli, de engem leny\u0171g\u00f6zne, ha \u00e1ll\u00edt\u00e1sait bizony\u00edtan\u00e1 is.<\/p>\n<p>Az \u00d6n \u00e1ltal a szennyv\u00edz-teleppel kapcsolatban \u00edrtakhoz pedig mell\u00e9kelek itt egy \u00e9rdekes v\u00e9lem\u00e9nyt:<\/p>\n<p style=\"padding-left: 30px;\"><em>\u201eIsmert t\u00f6bb olyan sz\u00e1nd\u00e9k, hogy egym\u00e1st\u00f3l 80-100 km t\u00e1vols\u00e1gra elhelyezked\u0151 telep\u00fcl\u00e9sek hoznak l\u00e9tre \u00f6nkorm\u00e1nyzati t\u00e1rsul\u00e1st annak \u00e9rdek\u00e9ben, hogy biztos\u00edtani tudj\u00e1k az elv\u00e1rt fogyaszt\u00f3i egyen\u00e9rt\u00e9ket.<\/em><\/p>\n<p style=\"padding-left: 30px;\"><em>Ez a m\u00f3dszer megfelel-e a t\u00f6rv\u00e9ny szellem\u00e9nek?<\/em><\/p>\n<p style=\"padding-left: 30px;\"><em>Amennyiben az integr\u00e1ci\u00f3 adott t\u00e1rsas\u00e1gok r\u00e9sz\u00e9r\u0151l \u00fagy zajlik le, hogy az \u00fajonnan l\u00e9trej\u00f6v\u0151 t\u00e1rsas\u00e1g sz\u00e1mos, egym\u00e1st\u00f3l nagy t\u00e1vols\u00e1gban l\u00e9v\u0151, gyakorlatilag \u00f6n\u00e1ll\u00f3 elsz\u00e1mol\u00e1si egys\u00e9gekk\u00e9nt m\u0171k\u00f6d\u0151 \u00fczemr\u00e9szekb\u0151l \u00e1ll, megalapozottan lehet felt\u00e9telezni, hogy az enged\u00e9lyez\u00e9si elj\u00e1r\u00e1s sor\u00e1n meg\u00e1llap\u00edt\u00e1st fog nyerni, miszerint a m\u0171k\u00f6d\u00e9s a legkisebb k\u00f6lts\u00e9g elv\u00e9t s\u00e9rten\u00e9, ez\u00e9rt az enged\u00e9lyk\u00e9relem elutas\u00edt\u00e1sra fog ker\u00fclni.\u201d<\/em><\/p>\n<p style=\"padding-left: 30px;\"><strong>Forr\u00e1s<\/strong><br \/>\n10 k\u00e9rd\u00e9s 10 v\u00e1lasz a v\u00edzik\u00f6zm\u0171 t\u00f6rv\u00e9nyr\u0151l<br \/>\nVojtilla L\u00e1szl\u00f3, Magyar Energia Hivatal<br \/>\n<a href=\"http:\/\/www.eh.gov.hu\/\" target=\"_blank\">www.eh.gov.hu<\/a><\/p>\n<p>Nagyon sajn\u00e1lom, hogy annyit kell dolgoznia, amint \u00edrja is: \u201d<em>hogy h\u00e1ny ezer \u00f3ra t\u00f6bbletet dolgozok a hivatalban a n\u00e9gy \u00e9v alatt\u2026!<\/em>\u201d \u00a0A v\u00e1laszt\u00e1s el\u0151tt tal\u00e1n \u00e9rdekl\u0151dnie kellett volna, mivel j\u00e1r egy ilyen tiszts\u00e9g?<\/p>\n<p>Azt aj\u00e1nlotta v\u00e9gezet\u00fcl, hogy \u00e9rdemi dolgokban forduljunk a sajt\u00f3referens\u00e9hez. K\u00f6sz\u00f6nj\u00fck a felvil\u00e1gos\u00edt\u00e1st! Azt gondoltuk eddig &#8211; nyilv\u00e1n helytelen\u00fcl -, hogy az a nyolc milli\u00f3, ami utaz\u00e1sokra ment el, \u00e9rdemi dolog, \u00e9s \u00d6nre tartozik. (Egy\u00e9bk\u00e9nt nem v\u00e9letlen\u00fcl nem engedi a t\u00f6rv\u00e9ny, hogy valaki m\u00e1s keres\u0151 tev\u00e9kenys\u00e9get is folytasson a polg\u00e1rmesters\u00e9g mellett. Neh\u00e9z ugyanis sz\u00e9tv\u00e1lasztani egy k\u00f6tetlen munkaid\u0151ben dolgoz\u00f3 vezet\u0151 eset\u00e9ben, mikor dolgozik a k\u00f6z\u00f6ss\u00e9g\u00e9rt, mikor a saj\u00e1t haszn\u00e1ra.)<\/p>\n<p>\u00c9rdekes munkamegoszt\u00e1s alakult ki a fentiek szerint \u00d6n \u00e9s a sajt\u00f3referense k\u00f6z\u00f6tt. Ezek ut\u00e1n \u00e9l\u00fcnk a lehet\u0151s\u00e9ggel, az \u201e\u00e9rdemi dolgokkal\u201d hozz\u00e1 fordulunk. Most m\u00e1r tudom, mi\u00e9rt nincs egyeztet\u00e9s a politikai p\u00e1rtok k\u00f6z\u00f6tt, ami pedig sok\u00e1ig m\u0171k\u00f6d\u00f6tt v\u00e1rosunkban: ez a sajt\u00f3referens dolga. Majd \u0151 kord\u00e1ban tartja az \u00e9rtetlenked\u0151 ellenz\u00e9ket.<\/p>\n<p>Nem lehet k\u00f6nny\u0171 megszokni, hogy a polg\u00e1rmesters\u00e9g politikai megb\u00edzat\u00e1s, mindenki v\u00e9lem\u00e9nyt mondhat r\u00f3la. (Ma m\u00e9g\u2026)<\/p>\n<p>\u00dcdv\u00f6zlettel:<br \/>\nSz\u00e9kely Antal<\/p>\n","protected":false},"excerpt":{"rendered":"<p>Nem ny\u00falok azonnal telefon\u00e9rt, ha valami m\u00e1sk\u00e9nt hangzik el a helyi telev\u00edzi\u00f3 \u00e9l\u0151 ad\u00e1s\u00e1ban, mint ahogyan szeretn\u00e9m.  Nem szoktam v\u00e1laszolni hazugs\u00e1gokra sem. Akkor sem, ha tudom, az emberek jobban megjegyzik, mint az igazs\u00e1gokat.  Azok ugyanis nem olyan \u00e9rdekesek. <a href=\"https:\/\/www.mszporoszlany.hu\/?p=475\">Egy kattint\u00e1s ide a folytat\u00e1shoz&#8230;. <span class=\"meta-nav\">&rarr;<\/span><\/a><\/p>\n","protected":false},"author":35,"featured_media":0,"comment_status":"open","ping_status":"closed","sticky":false,"template":"","format":"standard","meta":{"footnotes":""},"categories":[194],"tags":[253,254,70,79,132],"class_list":["post-475","post","type-post","status-publish","format-standard","hentry","category-oroszlany","tag-hazugsag","tag-hivatali-auto","tag-polgarmester","tag-sajtoreferens","tag-vizikozmu"],"_links":{"self":[{"href":"https:\/\/www.mszporoszlany.hu\/index.php?rest_route=\/wp\/v2\/posts\/475","targetHints":{"allow":["GET"]}}],"collection":[{"href":"https:\/\/www.mszporoszlany.hu\/index.php?rest_route=\/wp\/v2\/posts"}],"about":[{"href":"https:\/\/www.mszporoszlany.hu\/index.php?rest_route=\/wp\/v2\/types\/post"}],"author":[{"embeddable":true,"href":"https:\/\/www.mszporoszlany.hu\/index.php?rest_route=\/wp\/v2\/users\/35"}],"replies":[{"embeddable":true,"href":"https:\/\/www.mszporoszlany.hu\/index.php?rest_route=%2Fwp%2Fv2%2Fcomments&post=475"}],"version-history":[{"count":0,"href":"https:\/\/www.mszporoszlany.hu\/index.php?rest_route=\/wp\/v2\/posts\/475\/revisions"}],"wp:attachment":[{"href":"https:\/\/www.mszporoszlany.hu\/index.php?rest_route=%2Fwp%2Fv2%2Fmedia&parent=475"}],"wp:term":[{"taxonomy":"category","embeddable":true,"href":"https:\/\/www.mszporoszlany.hu\/index.php?rest_route=%2Fwp%2Fv2%2Fcategories&post=475"},{"taxonomy":"post_tag","embeddable":true,"href":"https:\/\/www.mszporoszlany.hu\/index.php?rest_route=%2Fwp%2Fv2%2Ftags&post=475"}],"curies":[{"name":"wp","href":"https:\/\/api.w.org\/{rel}","templated":true}]}}