{"id":481,"date":"2012-04-25T09:26:51","date_gmt":"2012-04-25T08:26:51","guid":{"rendered":"http:\/\/www.mszporoszlany.hu\/?p=481"},"modified":"2012-04-25T09:30:13","modified_gmt":"2012-04-25T08:30:13","slug":"mar-a-sajatjaik-velemenyet-sem-akarjak-tudni-nemhogy-a-polgaroket","status":"publish","type":"post","link":"https:\/\/www.mszporoszlany.hu\/?p=481","title":{"rendered":"M\u00e9gis kinek a v\u00e9lem\u00e9nye?"},"content":{"rendered":"<p><strong>M\u00e1r a saj\u00e1tjaik v\u00e9lem\u00e9ny\u00e9t sem akarj\u00e1k tudni, nemhogy a polg\u00e1rok\u00e9t<\/strong><\/p>\n<p><img loading=\"lazy\" decoding=\"async\" class=\"size-full wp-image-483 alignleft\" title=\"Szavazas02\" src=\"https:\/\/www.mszporoszlany.hu\/wp-content\/uploads\/2012\/04\/Szavazas02.jpg\" alt=\"\" width=\"200\" height=\"120\" \/>Ekkora \u00e9g\u00e9st r\u00e9gen l\u00e1tott a parlament, mint a h\u00e9tf\u0151i napon. A fideszes k\u00e9pvisel\u0151k az \u00fajs\u00e1g\u00edr\u00f3kt\u00f3l \u00e9rdekl\u0151dtek, mi is van fenn a korm\u00e1ny honlapj\u00e1n, ahov\u00e1 az \u0151 tudtuk n\u00e9lk\u00fcl ker\u00fclt fel a Sz\u00e9ll K\u00e1lm\u00e1n terv 2.0-\u00e1s v\u00e1ltozata.<\/p>\n<p><!--more--><\/p>\n<p>\u201e\u00c9n arra gondolok, hogy az ellenz\u00e9k tal\u00e1lm\u00e1nya ez\u201d mondta a mobiltelefon-ad\u00f3r\u00f3l az egyik korm\u00e1nyp\u00e1rti honatya, pedig ez most nem kommunista \u00e1rm\u00e1nykod\u00e1s volt, hanem a cs\u00fafos t\u00e9ny: a Nemzeti Egy\u00fcttm\u0171k\u00f6d\u00e9s Rendszere \u00f6nj\u00e1r\u00f3v\u00e1 v\u00e1lt. (Egy hvg.hu-nak nyilatkoz\u00f3 Fidesz-vezet\u0151 szerint egy\u00e9bk\u00e9nt el\u0151sz\u00f6r fordult el\u0151, hogy a korm\u00e1nyf\u0151 semmilyen inform\u00e1ci\u00f3t nem osztott meg vel\u00fck el\u0151zetesen.)<\/p>\n<p>Sz\u00f3val, m\u00e1r a saj\u00e1t k\u00e9pvisel\u0151it sem avatja be a Nemzeti Egy\u00fcttm\u0171k\u00f6d\u00e9s Rendszere, amely a jelek szerint meg van gy\u0151z\u0151dve arr\u00f3l, hogy a k\u00e9tharmados t\u00f6bbs\u00e9g erre is felhatalmaz\u00e1st ad.<\/p>\n<p>Mindezt csak az\u00e9rt id\u00e9ztem, mert eddig csak azt l\u00e1ttuk, hogy az \u00e9rdekk\u00e9pviseleti szervek, a szakszervezetek, meg a civil k\u00f6z\u00f6ss\u00e9gek vannak nagy\u00edvben lesajn\u00e1lva, mostant\u00f3l pedig a n\u00e9p megv\u00e1lasztott k\u00e9pvisel\u0151i is, meg persze \u201eazemberek\u201d, akik feje f\u00f6l\u00f6tt megy ez az \u00e9rdekes j\u00e1t\u00e9k.<\/p>\n<p>Kis haz\u00e1nkban egy\u00e9bk\u00e9nt k\u00eds\u00e9rtetiesen hasonl\u00f3 a helyzet, m\u00e1r ami \u201eazemberek\u201d v\u00e9lem\u00e9ny\u00e9t illeti. Tal\u00e1n eml\u00e9kszik a kedves olvas\u00f3, amikor r\u00f6gt\u00f6n a v\u00e1laszt\u00e1sok ut\u00e1n \u00e1t akart\u00e1k festeni a frissen fel\u00faj\u00edtott m\u0171vel\u0151d\u00e9si k\u00f6zpontot, zebracs\u00edkosra. A v\u00e1ros weboldal\u00e1n tartott szavaz\u00e1s azt\u00e1n akkora ellen\u00e1ll\u00e1st mutatott, hogy letettek r\u00f3la (letettek r\u00f3la?). Onnant\u00f3l kezdve Oroszl\u00e1nyban m\u00e1r nem \u00e9rdekelte a hatalom gyakorl\u00f3it a v\u00e9lem\u00e9ny, k\u00fcl\u00f6n\u00f6sen nem az emberek\u00e9, s erre kiv\u00e1l\u00f3 bizony\u00edt\u00e9k a helyi TV szavaz\u00f3oldala, ahonnan tov\u00e1bbi p\u00e9ld\u00e1inkat vett\u00fck. Az\u00e9rt onnan, mert a v\u00e1ros demokr\u00e1ciaoldal\u00e1n megsz\u0171nt a szavaz\u00e1si lehet\u0151s\u00e9g.<\/p>\n<p>Nos, mint arr\u00f3l ezen a port\u00e1lon is besz\u00e1moltunk, a Nagy V\u00e1rosi N\u00e9vad\u00f3versenyen a S\u00e1gv\u00e1ri Endre \u00c1ltal\u00e1nos Iskola tantest\u00fclete, tanul\u00f3i \u00e9s sz\u00fcl\u0151i szervezete Irinyi J\u00e1nost javasolta \u2013 ha m\u00e1r mindenk\u00e9ppen \u201e\u00e1tnevezni\u201d kell, az iskola di\u00e1kjai pedig ragaszkodtak az eddigi elnevez\u00e9shez. Az ORITEL szavaz\u00e1s\u00e1n arra a k\u00e9rd\u00e9sre, hogy: Mi a v\u00e9lem\u00e9nye a S\u00e1gv\u00e1ri iskola \u00e1tnevez\u00e9s\u00e9r\u0151l? \u2013 ezek a v\u00e1laszok sz\u00fclettek:<\/p>\n<ul>\n<li>Nekem mindegy, h\u00edvhatj\u00e1k b\u00e1rhogyan <strong>7%<\/strong><\/li>\n<li>\u00cdgy szoktuk meg, maradjon <strong>65%<\/strong><\/li>\n<li>\u00c9ppen ideje volt m\u00e1r <strong>28%<\/strong><\/li>\n<\/ul>\n<p>A v\u00e9geredm\u00e9ny pedig: Hunyadi M\u00e1ty\u00e1s \u00c1ltal\u00e1nos Iskola lesz a neve. De ugyanilyen gy\u00f6ngyszem a k\u00e9t k\u00f6z\u00e9piskola esete. Alig p\u00e1r h\u00f3napja rendk\u00edv\u00fcl szellemes \u00e9s tal\u00e1l\u00f3 nevet kapott a kereszts\u00e9gben: Oroszl\u00e1ny V\u00e1ros Gimn\u00e1ziuma \u00e9s Szakk\u00e9pz\u0151 Iskol\u00e1ja. Azt\u00e1n j\u00f6tt az \u00fajabb n\u00e9vad\u00f3. Az int\u00e9zm\u00e9ny tantest\u00fclete a jelenlegi elnevez\u00e9st prefer\u00e1lta, m\u00edg sz\u00fcl\u0151i\u00a0munkak\u00f6z\u00f6ss\u00e9ge, k\u00f6zalkalmazotti k\u00f6z\u00f6ss\u00e9ge, \u00e9s di\u00e1k\u00f6nkorm\u00e1nyzata \u00d6veges J\u00f3zsef professzor nev\u00e9t, a v\u00e9geredm\u00e9ny pedig az a n\u00e9v, amire senki sem szavazott: Hamvas B\u00e9la.<\/p>\n<p>Azt\u00e1n itt van az V\u00e9rtessoml\u00f3 fel\u00e9 vezet\u0151 \u00fat, mellyel kapcsolatban a k\u00e9rd\u00e9s \u00edgy hangzott: \u00c9p\u00fclj\u00f6n-e \u00fat V\u00e9rtessoml\u00f3ra oroszl\u00e1nyi p\u00e9nzb\u0151l? A v\u00e1laszad\u00f3k 66 %-a arra voksolt, ink\u00e1bb v\u00e1roson bel\u00fcl k\u00f6lts\u00fck el azt a 25 milli\u00f3 forintot. \u00c9s, hogy mi a n\u00e9p v\u00e9lem\u00e9ny\u00e9nek k\u00f6vetkezm\u00e9nye? Ezt m\u00e1r \u00d6n is tudja. Semmi.<\/p>\n","protected":false},"excerpt":{"rendered":"<p>Ekkora \u00e9g\u00e9st r\u00e9gen l\u00e1tott a parlament, mint a h\u00e9tf\u0151i napon. A fideszes k\u00e9pvisel\u0151k az \u00fajs\u00e1g\u00edr\u00f3kt\u00f3l \u00e9rdekl\u0151dtek, mi is van fenn a korm\u00e1ny honlapj\u00e1n, ahov\u00e1 az \u0151 tudtuk n\u00e9lk\u00fcl ker\u00fclt fel a Sz\u00e9ll K\u00e1lm\u00e1n terv 2.0-\u00e1s v\u00e1ltozata. <a href=\"https:\/\/www.mszporoszlany.hu\/?p=481\">Egy kattint\u00e1s ide a folytat\u00e1shoz&#8230;. <span class=\"meta-nav\">&rarr;<\/span><\/a><\/p>\n","protected":false},"author":35,"featured_media":0,"comment_status":"open","ping_status":"closed","sticky":false,"template":"","format":"standard","meta":{"footnotes":""},"categories":[196,194],"tags":[256,60,94,184,258,257,255],"class_list":["post-481","post","type-post","status-publish","format-standard","hentry","category-magyarorszag","category-oroszlany","tag-ellenzek","tag-fidesz","tag-hamvas-bela","tag-nemzeti-egyuttmukodes-rendszere","tag-szavazat","tag-velemeny","tag-zemberek"],"_links":{"self":[{"href":"https:\/\/www.mszporoszlany.hu\/index.php?rest_route=\/wp\/v2\/posts\/481","targetHints":{"allow":["GET"]}}],"collection":[{"href":"https:\/\/www.mszporoszlany.hu\/index.php?rest_route=\/wp\/v2\/posts"}],"about":[{"href":"https:\/\/www.mszporoszlany.hu\/index.php?rest_route=\/wp\/v2\/types\/post"}],"author":[{"embeddable":true,"href":"https:\/\/www.mszporoszlany.hu\/index.php?rest_route=\/wp\/v2\/users\/35"}],"replies":[{"embeddable":true,"href":"https:\/\/www.mszporoszlany.hu\/index.php?rest_route=%2Fwp%2Fv2%2Fcomments&post=481"}],"version-history":[{"count":0,"href":"https:\/\/www.mszporoszlany.hu\/index.php?rest_route=\/wp\/v2\/posts\/481\/revisions"}],"wp:attachment":[{"href":"https:\/\/www.mszporoszlany.hu\/index.php?rest_route=%2Fwp%2Fv2%2Fmedia&parent=481"}],"wp:term":[{"taxonomy":"category","embeddable":true,"href":"https:\/\/www.mszporoszlany.hu\/index.php?rest_route=%2Fwp%2Fv2%2Fcategories&post=481"},{"taxonomy":"post_tag","embeddable":true,"href":"https:\/\/www.mszporoszlany.hu\/index.php?rest_route=%2Fwp%2Fv2%2Ftags&post=481"}],"curies":[{"name":"wp","href":"https:\/\/api.w.org\/{rel}","templated":true}]}}