{"id":493,"date":"2012-04-26T10:16:19","date_gmt":"2012-04-26T09:16:19","guid":{"rendered":"http:\/\/www.mszporoszlany.hu\/?p=493"},"modified":"2012-04-26T10:21:44","modified_gmt":"2012-04-26T09:21:44","slug":"indul-az-%e2%80%9euthenger","status":"publish","type":"post","link":"https:\/\/www.mszporoszlany.hu\/?p=493","title":{"rendered":"Indul az \u201e\u00fathenger\u201d"},"content":{"rendered":"<p><img loading=\"lazy\" decoding=\"async\" class=\"size-full wp-image-495 alignleft\" title=\"Iratmegsemmisito\" src=\"https:\/\/www.mszporoszlany.hu\/wp-content\/uploads\/2012\/04\/Iratmegsemmisito.jpg\" alt=\"\" width=\"200\" height=\"120\" \/>\u00c1prilis 23-\u00e1n tett\u00fck k\u00f6zz\u00e9 egy \u201eDiplom\u00e1s morgol\u00f3d\u00e1sai\u201d c\u00edm\u0171 bejegyz\u00e9s\u00fcnket, amely t\u00f6bb a t\u00e9m\u00e1hoz kapcsol\u00f3d\u00f3 hivatkoz\u00e1st is tartalmazott. Egyik be\u00e9rkezett hozz\u00e1sz\u00f3l\u00e1sban arr\u00f3l t\u00e1j\u00e9koz\u00f3dhattunk, hogy a NEFMI honlapj\u00e1r\u00f3l elt\u0171nt a bejegyz\u00e9sben megadott oldal. Ut\u00e1na n\u00e9zt\u00fcnk \u00e9s d\u00f6bbenettel tapasztaltuk, hogy a \u201ehivatal\u201d \u00fagy d\u00f6nt\u00f6tt, hogy az eddigi hi\u00e1nyos t\u00e1j\u00e9koztat\u00e1st sem \u00e9rdemlik meg a \u201ezemberek\u201d, \u00edgy t\u00f6r\u00f6lt\u00e9k a teljes vizsg\u00e1lati \u00fcgyben hozott hat\u00e1rozatra vonatkoz\u00f3 k\u00f6zlem\u00e9ny\u00fcket.<\/p>\n<p><!--more--><\/p>\n<p>Csak nem olyan sokan \u00e9rintettek lettek a dologban, hogy terhess\u00e9 v\u00e1lt?<\/p>\n<div id=\"attachment_498\" style=\"width: 430px\" class=\"wp-caption aligncenter\"><a title=\"A k\u00f6dd\u00e9 v\u00e1lt hat\u00e1rozati oldal kih\u0171lt helye...\" href=\"https:\/\/www.mszporoszlany.hu\/wp-content\/uploads\/2012\/04\/Nefmi404.jpg\" rel=\"lightbox1\"><img loading=\"lazy\" decoding=\"async\" aria-describedby=\"caption-attachment-498\" class=\"wp-image-498 \" title=\"Nefmi404\" src=\"https:\/\/www.mszporoszlany.hu\/wp-content\/uploads\/2012\/04\/Nefmi404.jpg\" alt=\"\" width=\"420\" height=\"259\" srcset=\"https:\/\/www.mszporoszlany.hu\/wp-content\/uploads\/2012\/04\/Nefmi404.jpg 600w, https:\/\/www.mszporoszlany.hu\/wp-content\/uploads\/2012\/04\/Nefmi404-320x197.jpg 320w\" sizes=\"auto, (max-width: 420px) 100vw, 420px\" \/><\/a><p id=\"caption-attachment-498\" class=\"wp-caption-text\">Nagy\u00edt\u00e1shoz kattints a k\u00e9pre<\/p><\/div>\n<p>Ez\u00e9rt egy kis nyomoz\u00e1sba kezdt\u00fcnk, \u00e9s siker\u00fclt a Google (a mi bar\u00e1tunk!) keres\u0151 egy rejtett bugyr\u00e1ban fellelni a kor\u00e1bban hi\u00e1nyosan l\u00e9tez\u0151 oldal maradv\u00e1nyait. \u00cdgy az esem\u00e9nyek dokument\u00e1l\u00e1sa \u00e9rdek\u00e9ben mind az eredeti <a title=\"Diplom\u00e1s morgol\u00f3d\u00e1s\" href=\"\/?p=455\">cikkben<\/a>, mind ebben a bejegyz\u00e9sben elhelyezt\u00fck a <a title=\"A NEFMI elt\u0171nt oldal\u00e1nak maradv\u00e1nyai\" href=\"\/wp-docs\/NefmiHatarozat.pdf\" target=\"_blank\">dokumentummaradv\u00e1nyt <\/a>PDF form\u00e1ban.<\/p>\n<p>El\u00e9g \u00e9rdekes, hogy mi\u00e9rt ezt az utat v\u00e1lasztotta a k\u00f6zp\u00e9nzekb\u0151l m\u0171k\u00f6d\u0151 NEFMI!<\/p>\n","protected":false},"excerpt":{"rendered":"<p>\u00c1prilis 23-\u00e1n tett\u00fck k\u00f6zz\u00e9 egy \u201eDiplom\u00e1s morgol\u00f3d\u00e1sai\u201d c\u00edm\u0171 bejegyz\u00e9s\u00fcnket, amely t\u00f6bb a t\u00e9m\u00e1hoz kapcsol\u00f3d\u00f3 hivatkoz\u00e1st is tartalmazott. Egyik be\u00e9rkezett hozz\u00e1sz\u00f3l\u00e1sban arr\u00f3l t\u00e1j\u00e9koz\u00f3dhattunk, hogy a NEFMI honlapj\u00e1r\u00f3l elt\u0171nt a bejegyz\u00e9sben megadott oldal. Ut\u00e1na n\u00e9zt\u00fcnk \u00e9s d\u00f6bbenettel tapasztaltuk, hogy a \u201ehivatal\u201d \u00fagy d\u00f6nt\u00f6tt, hogy az eddigi hi\u00e1nyos t\u00e1j\u00e9koztat\u00e1st sem \u00e9rdemlik meg a \u201ezemberek\u201d, \u00edgy t\u00f6r\u00f6lt\u00e9k a teljes vizsg\u00e1lati \u00fcgyben hozott hat\u00e1rozatra vonatkoz\u00f3 k\u00f6zlem\u00e9ny\u00fcket. <a href=\"https:\/\/www.mszporoszlany.hu\/?p=493\">Egy kattint\u00e1s ide a folytat\u00e1shoz&#8230;. <span class=\"meta-nav\">&rarr;<\/span><\/a><\/p>\n","protected":false},"author":35,"featured_media":0,"comment_status":"open","ping_status":"closed","sticky":false,"template":"","format":"standard","meta":{"footnotes":""},"categories":[196],"tags":[261,259,260],"class_list":["post-493","post","type-post","status-publish","format-standard","hentry","category-magyarorszag","tag-eltunt","tag-nefmi","tag-weboldal"],"_links":{"self":[{"href":"https:\/\/www.mszporoszlany.hu\/index.php?rest_route=\/wp\/v2\/posts\/493","targetHints":{"allow":["GET"]}}],"collection":[{"href":"https:\/\/www.mszporoszlany.hu\/index.php?rest_route=\/wp\/v2\/posts"}],"about":[{"href":"https:\/\/www.mszporoszlany.hu\/index.php?rest_route=\/wp\/v2\/types\/post"}],"author":[{"embeddable":true,"href":"https:\/\/www.mszporoszlany.hu\/index.php?rest_route=\/wp\/v2\/users\/35"}],"replies":[{"embeddable":true,"href":"https:\/\/www.mszporoszlany.hu\/index.php?rest_route=%2Fwp%2Fv2%2Fcomments&post=493"}],"version-history":[{"count":0,"href":"https:\/\/www.mszporoszlany.hu\/index.php?rest_route=\/wp\/v2\/posts\/493\/revisions"}],"wp:attachment":[{"href":"https:\/\/www.mszporoszlany.hu\/index.php?rest_route=%2Fwp%2Fv2%2Fmedia&parent=493"}],"wp:term":[{"taxonomy":"category","embeddable":true,"href":"https:\/\/www.mszporoszlany.hu\/index.php?rest_route=%2Fwp%2Fv2%2Fcategories&post=493"},{"taxonomy":"post_tag","embeddable":true,"href":"https:\/\/www.mszporoszlany.hu\/index.php?rest_route=%2Fwp%2Fv2%2Ftags&post=493"}],"curies":[{"name":"wp","href":"https:\/\/api.w.org\/{rel}","templated":true}]}}