{"id":504,"date":"2012-04-26T21:37:26","date_gmt":"2012-04-26T20:37:26","guid":{"rendered":"http:\/\/www.mszporoszlany.hu\/?p=504"},"modified":"2012-04-26T21:56:33","modified_gmt":"2012-04-26T20:56:33","slug":"az-elso-fecske","status":"publish","type":"post","link":"https:\/\/www.mszporoszlany.hu\/?p=504","title":{"rendered":"Az els\u0151 fecske"},"content":{"rendered":"<p><img loading=\"lazy\" decoding=\"async\" class=\"alignleft size-full wp-image-506\" title=\"Fecske\" src=\"https:\/\/www.mszporoszlany.hu\/wp-content\/uploads\/2012\/04\/Fecske.jpg\" alt=\"\" width=\"200\" height=\"120\" \/>Minden m\u00e9dia sz\u00e1m\u00e1ra fontos inform\u00e1ci\u00f3 a &#8222;rajong\u00f3t\u00e1bor&#8221; nagys\u00e1ga. Ez a mi eset\u00fcnkben a l\u00e1togat\u00e1snapl\u00f3kb\u00f3l pontosan m\u00e9rhet\u0151, \u00e9s biztat\u00f3 eredm\u00e9nyeket kapunk az elemz\u00e9sek sor\u00e1n. Izgalmas dolog az is, amikor a szerkeszt\u0151s\u00e9g munk\u00e1j\u00e1t az olvas\u00f3k, n\u00e9z\u0151k saj\u00e1t v\u00e9lem\u00e9ny\u00fckkel t\u00e1mogatj\u00e1k, kieg\u00e9sz\u00edtik, \u00e1rnyalj\u00e1k. Erre eddig egy lehet\u0151s\u00e9get biztos\u00edtottunk azzal, hogy olvas\u00f3ink hozz\u00e1sz\u00f3lhattak bejegyz\u00e9seinkhez. Ma azonban egy olyan olvas\u00f3i v\u00e9lem\u00e9nyt kaptunk, amely a szerkeszt\u0151s\u00e9g tagjainak v\u00e9lem\u00e9nye szerint, teljes m\u00e9rt\u00e9kben megfelel annak, hogy \u00f6n\u00e1ll\u00f3 bejegyz\u00e9s form\u00e1j\u00e1ban tegy\u00fck k\u00f6zz\u00e9. Vagyis szerkeszt\u0151s\u00e9g\u00fcnkh\u00f6z csatlakozott az els\u0151 &#8222;k\u00fcls\u0151s&#8221;!<\/p>\n<p><!--more--><\/p>\n<p>Az olvas\u00f3i lev\u00e9l a &#8222;Hatalom &#8216;diszkr\u00e9t&#8217; b\u00e1ja&#8221; c\u00edm\u0171 bejegyz\u00e9s\u00fcnkh\u00f6z, illetve Tak\u00e1cs K\u00e1roly polg\u00e1rmester \u00e1ltal n\u00e9h\u00e1ny napja k\u00f6zz\u00e9tett Facebook <a title=\"Tak\u00e1cs K\u00e1roly Facebook bejegyz\u00e9se\" href=\"\/?p=466\" target=\"_blank\">bejegyz\u00e9shez <\/a>kapcsol\u00f3d\u00f3an keletkezett. Ut\u00f3lag is k\u00f6sz\u00f6nj\u00fck olvas\u00f3nknak az anyagot, illetve a bizalm\u00e1t \u00e9s megbecs\u00fcl\u00e9s\u00e9t a r\u00f6vid ideje v\u00e9gzett munk\u00e1nkkal kapcsolatosan.<\/p>\n<p>Ennyi bevezet\u0151 ut\u00e1n j\u00f6jj\u00f6n az olvas\u00f3i lev\u00e9l:<\/p>\n<p><em>Tisztelt Polg\u00e1rmester \u00dar!<\/em><\/p>\n<p><em>Nagyon sajn\u00e1lom! \u00c1t tudom \u00e9rezni, mit jelent egy k\u00f6zel\u00e1ll\u00f3 bar\u00e1t, vagy rokon elveszt\u00e9se, ugyanis m\u00falt p\u00e9nteken \u00e9n is temet\u00e9sen vettem r\u00e9szt!<\/em><\/p>\n<p><em>Val\u00f3sz\u00edn\u0171leg a gy\u00e1sz, a f\u00e1jdalom hom\u00e1lyos\u00edtotta el a j\u00f3zan \u00edt\u00e9l\u0151k\u00e9pess\u00e9g\u00e9t akkor, amikor \u00fagy \u00e9rezte, hogy &#8222;szemetekkel&#8221; kell egy\u00fctt \u00e9lnie. Ennek ellen\u00e9re szeretn\u00e9k v\u00e1laszt kapni arra, hogy ki is illik bele ebbe a kateg\u00f3ri\u00e1ba? Hol a hat\u00e1r? Van egy\u00e1ltal\u00e1n ilyen? Politikai, gondolati, \u00e9rt\u00e9krendi vagy szoci\u00e1lis alapon kell ezt n\u00e9zni? Esetleg m\u00e1sk\u00e9pp?<\/em><\/p>\n<p><em>\u00dajra \u00e9s \u00fajra elolvastam a v\u00e1ros honlapj\u00e1n l\u00e9v\u0151 polg\u00e1rmesteri k\u00f6sz\u00f6nt\u0151j\u00e9t, de ott nincs hangs\u00falyozva, hogy csak bizonyos k\u00f6r\u00f6knek sz\u00f3l, nem az eg\u00e9sz v\u00e1rosnak. Szerintem egy v\u00e1ros vezet\u0151je &#8211; m\u00e9g akkor is, ha egy p\u00e1rt \u00e1ltal megfogalmazott c\u00e9lokat tart k\u00f6vetend\u0151nek &#8211; nem v\u00e1logathat a v\u00e1ros lakosai k\u00f6z\u00f6tt aszerint, hogy ki szimpatikus neki \u00e9s kit tart &#8222;szem\u00e9tnek&#8221;. Ki tehet ugyan egy t\u00e1bl\u00e1t a v\u00e1ros hat\u00e1r\u00e1ba, hogy SZEMETET LERAKNI TILOS! De ett\u0151l m\u00e9g az \u00f6n \u00e1ltal &#8222;szem\u00e9tnek&#8221; titul\u00e1lt emberek jelen vannak \u00e9s lesznek is. Ha tetszik \u00f6nnek, ha nem!<\/em><\/p>\n<p><em>Az \u00f6n mott\u00f3ja szerint: Polg\u00e1rmesterk\u00e9nt ugyanannak a dinamikus, fejleszt\u0151 szeml\u00e9letnek a megval\u00f3s\u00edt\u00e1s\u00e1ra t\u00f6rekszem, mint a V\u00e9rtesi Er\u0151m\u0171 vez\u00e9rigazgat\u00f3jak\u00e9nt, \u00e9s amit K\u00f6lcsey \u00f6r\u00f6k\u00e9rv\u00e9ny\u0171 szavai mondanak el legszebben: &#8222;Messze j\u00f6vend\u0151vel komolyan vess \u00f6szve jelenkort:\/ Hass, alkoss, gyarap\u00edts: s a Haza f\u00e9nyre der\u0171l!&#8221;<\/em><\/p>\n<p><em>Gondolom, hogy &#8222;\u0151slakosk\u00e9nt&#8221; tal\u00e1n nem csukott szemmel j\u00e1rt kamp\u00e1nyolni a v\u00e1laszt\u00e1sok el\u0151tt. Ha m\u00e1skor nem is, tal\u00e1n akkor bizony\u00e1ra nagyon sok v\u00e1roslak\u00f3val tal\u00e1lkozott. Rem\u00e9lem nem most d\u00f6bbent r\u00e1, hogy &#8211; az \u00d6n \u00e9rt\u00e9krendje szerint &#8211; az embereknek k\u00e9t kateg\u00f3ri\u00e1ja van a v\u00e1rosban. Azaz vannak az \u00f6n \u00e1ltal szeretett &#8222;j\u00f3 emberek&#8221; \u00e9s vannak az \u00f6n \u00e1ltal gy\u0171l\u00f6lt &#8222;szemetek&#8221;, akiket sajn\u00e1latos m\u00f3don \u00d6n\u00f6knek, j\u00f3 embereknek kell eltartani! Mert, ha ez \u00edgy van, akkor val\u00f3ban nagyon nagy probl\u00e9ma van \u00d6nnel!<\/em><\/p>\n<p><em>Azzal kapcsolatosan, hogy ki tart el kit, csak annyit jegyezn\u00e9k meg, hogy \u00d6n az oroszl\u00e1nyi ad\u00f3fizet\u0151k p\u00e9nz\u00e9b\u0151l v\u00e1s\u00e1rolt \u00faj dr\u00e1ga g\u00e9pkocsit. Szint\u00e9n az ad\u00f3fizet\u0151k p\u00e9nz\u00e9b\u0151l kapja a fizet\u00e9s\u00e9t \u00e9s a pr\u00e9mium\u00e1t. Az indokolatlan int\u00e9zm\u00e9ny\u00e1tnevez\u00e9sek k\u00f6lts\u00e9gei is ad\u00f3fizet\u0151k p\u00e9nz\u00e9b\u0151l lettek \u00e9s lesznek kifizetve. Ezzel szemben \u00d6n\u00f6k m\u00e9g nem sok mindent adtak a k\u00f6z\u00f6ss\u00e9gnek az elm\u00falt k\u00f6zel k\u00e9t \u00e9v alatt.<\/em><\/p>\n<p><em>Engedjen meg m\u00e9g egy apr\u00f3 \u00e9szrev\u00e9telt: nem musz\u00e1j itt k\u00fczdeni&#8230;<\/em><\/p>\n","protected":false},"excerpt":{"rendered":"<p>Minden m\u00e9dia sz\u00e1m\u00e1ra fontos inform\u00e1ci\u00f3 a &#8222;rajong\u00f3t\u00e1bor&#8221; nagys\u00e1ga. Ez a mi eset\u00fcnkben a l\u00e1togat\u00e1snapl\u00f3kb\u00f3l pontosan m\u00e9rhet\u0151, \u00e9s biztat\u00f3 eredm\u00e9nyeket kapunk az elemz\u00e9sek sor\u00e1n. Izgalmas dolog az is, amikor a szerkeszt\u0151s\u00e9g munk\u00e1j\u00e1t az olvas\u00f3k, n\u00e9z\u0151k saj\u00e1t v\u00e9lem\u00e9ny\u00fckkel t\u00e1mogatj\u00e1k, kieg\u00e9sz\u00edtik, \u00e1rnyalj\u00e1k. Erre eddig egy lehet\u0151s\u00e9get biztos\u00edtottunk azzal, hogy olvas\u00f3ink hozz\u00e1sz\u00f3lhattak bejegyz\u00e9seinkhez. Ma azonban egy olyan olvas\u00f3i v\u00e9lem\u00e9nyt kaptunk, amely a szerkeszt\u0151s\u00e9g tagjainak v\u00e9lem\u00e9nye szerint, teljes m\u00e9rt\u00e9kben megfelel annak, hogy \u00f6n\u00e1ll\u00f3 bejegyz\u00e9s form\u00e1j\u00e1ban tegy\u00fck k\u00f6zz\u00e9. Vagyis szerkeszt\u0151s\u00e9g\u00fcnkh\u00f6z csatlakozott az els\u0151 &#8222;k\u00fcls\u0151s&#8221;! <a href=\"https:\/\/www.mszporoszlany.hu\/?p=504\">Egy kattint\u00e1s ide a folytat\u00e1shoz&#8230;. <span class=\"meta-nav\">&rarr;<\/span><\/a><\/p>\n","protected":false},"author":35,"featured_media":0,"comment_status":"open","ping_status":"closed","sticky":false,"template":"","format":"standard","meta":{"footnotes":""},"categories":[194],"tags":[264,266,263,265,70,251,9,262],"class_list":["post-504","post","type-post","status-publish","format-standard","hentry","category-oroszlany","tag-ertek","tag-facebook","tag-fizetes","tag-jo-ember","tag-polgarmester","tag-szemetje","tag-takacs-karoly","tag-uj-auto"],"_links":{"self":[{"href":"https:\/\/www.mszporoszlany.hu\/index.php?rest_route=\/wp\/v2\/posts\/504","targetHints":{"allow":["GET"]}}],"collection":[{"href":"https:\/\/www.mszporoszlany.hu\/index.php?rest_route=\/wp\/v2\/posts"}],"about":[{"href":"https:\/\/www.mszporoszlany.hu\/index.php?rest_route=\/wp\/v2\/types\/post"}],"author":[{"embeddable":true,"href":"https:\/\/www.mszporoszlany.hu\/index.php?rest_route=\/wp\/v2\/users\/35"}],"replies":[{"embeddable":true,"href":"https:\/\/www.mszporoszlany.hu\/index.php?rest_route=%2Fwp%2Fv2%2Fcomments&post=504"}],"version-history":[{"count":0,"href":"https:\/\/www.mszporoszlany.hu\/index.php?rest_route=\/wp\/v2\/posts\/504\/revisions"}],"wp:attachment":[{"href":"https:\/\/www.mszporoszlany.hu\/index.php?rest_route=%2Fwp%2Fv2%2Fmedia&parent=504"}],"wp:term":[{"taxonomy":"category","embeddable":true,"href":"https:\/\/www.mszporoszlany.hu\/index.php?rest_route=%2Fwp%2Fv2%2Fcategories&post=504"},{"taxonomy":"post_tag","embeddable":true,"href":"https:\/\/www.mszporoszlany.hu\/index.php?rest_route=%2Fwp%2Fv2%2Ftags&post=504"}],"curies":[{"name":"wp","href":"https:\/\/api.w.org\/{rel}","templated":true}]}}