{"id":521,"date":"2012-04-29T14:44:32","date_gmt":"2012-04-29T13:44:32","guid":{"rendered":"http:\/\/www.mszporoszlany.hu\/?p=521"},"modified":"2012-04-29T14:44:32","modified_gmt":"2012-04-29T13:44:32","slug":"nem-megszoritas-csak-egy-kis-plusz-ado","status":"publish","type":"post","link":"https:\/\/www.mszporoszlany.hu\/?p=521","title":{"rendered":"Nem megszor\u00edt\u00e1s, csak egy kis plusz ad\u00f3"},"content":{"rendered":"<p><img loading=\"lazy\" decoding=\"async\" class=\"alignleft size-full wp-image-522\" title=\"SzellKalman\" src=\"https:\/\/www.mszporoszlany.hu\/wp-content\/uploads\/2012\/04\/SzellKalman.jpg\" alt=\"\" width=\"200\" height=\"120\" \/>Ember legyen a talp\u00e1n, aki becs\u00fclettel v\u00e9gigolvassa a korm\u00e1ny Sz\u00e9ll K\u00e1lm\u00e1n terv\u00e9nek 2.0-\u00e1s v\u00e1ltozat\u00e1t, hiszen a teljes anyag mintegy 270 oldal. Persze a l\u00e9nyeg, mind annyi m\u00e1sszor, a v\u00e9g\u00e9n, az utols\u00f3 oldalakon b\u00fajik meg. Sz\u00f3val, kezdj\u00fck a 255-ik oldalon:<\/p>\n<p><!--more--><\/p>\n<p>\u201e<em>Az \u00e1llamh\u00e1ztart\u00e1s egyens\u00faly\u00e1t a k\u00f6lts\u00e9gvet\u00e9s bev\u00e9teli oldal\u00e1n alapvet\u0151en \u00f6t \u00faj ad\u00f3int\u00e9zked\u00e9s bevezet\u00e9se biztos\u00edtja. Az int\u00e9zked\u00e9sek kialak\u00edt\u00e1sakor a Korm\u00e1ny nagy hangs\u00falyt helyez arra, hogy azok folyom\u00e1nyak\u00e9nt els\u0151sorban az indirekt, fogyaszt\u00e1si\/forgalmi t\u00edpus\u00fa ad\u00f3k s\u00falya n\u00f6vekedjen. Az int\u00e9zked\u00e9sek kialak\u00edt\u00e1sa sor\u00e1n figyelmet ford\u00edtottunk az EU m\u00e1s tagorsz\u00e1gaiban alkalmazott megold\u00e1sokra \u00e9s a p\u00e9nz\u00fcgyi tev\u00e9kenys\u00e9gek ad\u00f3ztat\u00e1s\u00e1val kapcsolatos legut\u00f3bbi nemzetk\u00f6zi fejlem\u00e9nyekre is.<\/em><\/p>\n<p><em><strong>P\u00c9NZ\u00dcGYI TRANZAKCI\u00d3S ILLET\u00c9K BEVEZET\u00c9SE<\/strong><\/em><\/p>\n<p><em>A k\u00f6lts\u00e9gvet\u00e9s egyens\u00faly\u00e1nak biztos\u00edt\u00e1sa \u00e9rdek\u00e9ben 2013. \u00e9v elej\u00e9t\u0151l sor ker\u00fcl egy \u00faj, a p\u00e9nz\u00fcgyi tranzakci\u00f3kat terhel\u0151 illet\u00e9k bevezet\u00e9s\u00e9re. Az illet\u00e9k tervezett \u00e1ltal\u00e1nos kulcsa 0,1%. Az \u00faj ad\u00f3nem gyakorlatilag egy forgalmi t\u00edpus\u00fa ad\u00f3, \u00edgy j\u00f3l illeszkedik a Korm\u00e1ny indirekt ad\u00f3k s\u00faly\u00e1nak n\u00f6vel\u00e9s\u00e9t c\u00e9lz\u00f3 ad\u00f3z\u00e1si strat\u00e9gi\u00e1j\u00e1ba. Tov\u00e1bbi el\u0151nye, hogy rendk\u00edv\u00fcl sz\u00e9les ad\u00f3alapot terhel, \u00edgy igen alacsony kulcs mellett is jelent\u0151s k\u00f6lts\u00e9gvet\u00e9si bev\u00e9telt eredm\u00e9nyez. Az ad\u00f3 elker\u00fcl\u00e9s\u00e9nek visszaszor\u00edt\u00e1sa \u00e9rdek\u00e9ben az ad\u00f3 bevezet\u00e9s\u00e9vel p\u00e1rhuzamosan sor ker\u00fcl az elektronikus fizet\u00e9sre \u00f6szt\u00f6nz\u0151 ad\u00f3elemek \u00e9s int\u00e9zked\u00e9sek bevezet\u00e9s\u00e9re is.<\/em><\/p>\n<p><em>Az ad\u00f3 \u00edgy alapvet\u0151en lakoss\u00e1gi \u00e9s v\u00e1llalati banki, illetve postai tranzakci\u00f3kra (\u00edgy a k\u00e9szp\u00e9nzfelv\u00e9telre \u00e9s befizet\u00e9sre, a gazdas\u00e1gi szerepl\u0151k banki \u00e1tutal\u00e1saira, a csoportos beszed\u00e9sekre, a bankk\u00e1rty\u00e1s v\u00e1s\u00e1rl\u00e1sokra \u00e9s a postai p\u00e9nzforgalmi tranzakci\u00f3kra) terjedne ki. A k\u00fcl\u00f6n\u00f6sen nagy \u00e9rt\u00e9k\u0171, k\u00f6nnyebben mobiliz\u00e1lhat\u00f3 tranzakci\u00f3k eset\u00e9ben sz\u00fcks\u00e9ges az ad\u00f3 m\u00e9rt\u00e9k\u00e9nek maximaliz\u00e1l\u00e1sa vagy annak degressz\u00edv kialak\u00edt\u00e1sa.<\/em><\/p>\n<p><em>Az ad\u00f3 bevezet\u00e9s\u00e9b\u0151l 130-228 Mrd Ft bev\u00e9telt v\u00e1runk. A 130 milli\u00e1rd Ft-os bev\u00e9tel el\u00e9r\u00e9s\u00e9hez az ad\u00f3 tranzakci\u00f3nk\u00e9nti \u00e9rt\u00e9k\u00e9t nem kevesebb, mint 30 ezer Ft-ban maxim\u00e1ljuk. Tov\u00e1bbi lehets\u00e9ges, a bev\u00e9telt n\u00f6vel\u0151 elem lehet, ha az ad\u00f3 fels\u0151 hat\u00e1ra magasabb \u00e9rt\u00e9kben ker\u00fcl meghat\u00e1roz\u00e1sra, ha az ad\u00f3 nem maximaliz\u00e1lt \u00e9rt\u00e9kkel, hanem s\u00e1vosan, bizonyos \u00e9rt\u00e9khat\u00e1r f\u00f6l\u00f6tt 0,01 sz\u00e1zal\u00e9kos kulccsal ker\u00fcl bevezet\u00e9sre, illetve ha az elektronikus fizet\u00e9sek \u00f6szt\u00f6nz\u00e9se \u00e9rdek\u00e9ben a k\u00e9szp\u00e9nzfelv\u00e9teli tranzakci\u00f3k eset\u00e9ben magasabb kulcs ker\u00fcl meghat\u00e1roz\u00e1sra.<\/em><\/p>\n<p><em><strong>T\u00c1VK\u00d6ZL\u00c9SI SZOLG\u00c1LTAT\u00c1SI AD\u00d3 BEVEZET\u00c9SE<\/strong><\/em><\/p>\n<p><em>A bev\u00e9telek n\u00f6vel\u00e9s\u00e9t szolg\u00e1lja a t\u00e1vk\u00f6zl\u00e9si szolg\u00e1ltat\u00e1sokra kivetett, indirekt ad\u00f3 bevezet\u00e9se. A 2012-es k\u00f6lts\u00e9gvet\u00e9s egyens\u00faly\u00e1nak biztos\u00edt\u00e1sa \u00e9rdek\u00e9ben az ad\u00f3nem m\u00e1r az idei \u00e9v k\u00f6zep\u00e9t\u0151l bevezet\u00e9sre ker\u00fclne. Az ad\u00f3 illeszkedik a Korm\u00e1ny j\u00f6vedelmi ad\u00f3k s\u00faly\u00e1nak cs\u00f6kkent\u00e9s\u00e9t \u00e9s az indirekt ad\u00f3k s\u00faly\u00e1nak n\u00f6vel\u00e9s\u00e9t c\u00e9lz\u00f3 politik\u00e1j\u00e1ba. Hasonl\u00f3, fogyaszt\u00e1si t\u00edpus\u00fa telekommunik\u00e1ci\u00f3s ad\u00f3ra tal\u00e1lhatunk p\u00e9ld\u00e1t az Egyes\u00fclt \u00c1llamok sz\u00e1mos tag\u00e1llam\u00e1ban \u00e9s M\u00e1lt\u00e1n. Az ad\u00f3 \u00e1ltal\u00e1nosan minden megkezdett perc \u00e9s elk\u00fcld\u00f6tt SMS\/MMS ut\u00e1n 2 forint. Az ad\u00f3nem bevezet\u00e9se 2012-ben v\u00e1rakoz\u00e1saink szerint 30 milli\u00e1rd forint, 2013-t\u00f3l 52 milli\u00e1rd forint t\u00f6bbletbev\u00e9telt eredm\u00e9nyez \u00e9ves szinten.<\/em><\/p>\n<p><em><strong>AZ ENERGIAELL\u00c1T\u00d3K J\u00d6VEDELEMAD\u00d3J\u00c1NAK FENNTART\u00c1SA<\/strong><\/em><\/p>\n<p><em>Az eredeti terveknek megfelel\u0151en 2012-ben kivezet\u00e9sre ker\u00fcl az energiaszektorra 2010-ben kivetett \u00e1gazati k\u00fcl\u00f6nad\u00f3, amelyb\u0151l a k\u00f6lts\u00e9gvet\u00e9snek a tavalyi \u00e9vben 99,0 milli\u00e1rd forint bev\u00e9tele sz\u00e1rmazott.<\/em><\/p>\n<p><em>A jelenlegi 8%-n\u00e1l magasabb, 16%-os kulccsal tov\u00e1bbra is fennmarad ugyanakkor az energiaell\u00e1t\u00f3k 2009-ben bevezetett j\u00f6vedelemad\u00f3ja, ami a t\u00e1rsas\u00e1gi ad\u00f3\u00e9t\u00f3l csak kism\u00e9rt\u00e9kben elt\u00e9r\u0151 alapra ker\u00fclt kivet\u00e9sre. Az ad\u00f3alap sz\u00e9les\u00edt\u00e9se \u00e9rdek\u00e9ben az ad\u00f3nem egyes tov\u00e1bbi k\u00f6zm\u0171szolg\u00e1ltat\u00e1sokra is kiterjeszt\u00e9sre ker\u00fcl. Az ad\u00f3alap sz\u00e9les\u00edt\u00e9s\u00e9t jelenti az \u00e1gazati k\u00fcl\u00f6nad\u00f3k megsz\u0171n\u00e9se is, hiszen annak \u00f6sszeg\u00e9vel az ad\u00f3alap kor\u00e1bban cs\u00f6kkenthet\u0151 volt. Az ad\u00f3nem ilyen form\u00e1ban val\u00f3 fenntart\u00e1sa v\u00e1rakoz\u00e1saink szerint 55 milli\u00e1rd forint t\u00f6bbletbev\u00e9telt eredm\u00e9nyez az ad\u00f3nem megsz\u00fcntet\u00e9s\u00e9vel sz\u00e1mol\u00f3 kor\u00e1bbi forgat\u00f3k\u00f6nyvh\u00f6z k\u00e9pest.<\/em><\/p>\n<p><em><strong>EGYS\u00c9GES BIZTOS\u00cdT\u00c1SI AD\u00d3 BEVEZET\u00c9SE AZ EUR\u00d3PAI P\u00c9LD\u00c1K FIGYELEMBEV\u00c9TEL\u00c9VEL<\/strong><\/em><\/p>\n<p><em>A Korm\u00e1ny sz\u00e1nd\u00e9kai szerint ez\u00e9rt a biztos\u00edt\u00f3kra jelenleg kivetett h\u00e1rom ad\u00f3nem (p\u00e9nz\u00fcgyi szervezetek k\u00fcl\u00f6nad\u00f3ja, baleseti ad\u00f3, t\u0171zv\u00e9delmi hozz\u00e1j\u00e1rul\u00e1s) kiv\u00e1lt\u00e1s\u00e1ra \u00faj, egys\u00e9ges biztos\u00edt\u00e1si ad\u00f3 ker\u00fcl bevezet\u00e9sre.<\/em><\/p>\n<p><em>Az \u00faj ad\u00f3 al\u00f3l \u00edgy mentes\u00fclnek \u00e9letbiztos\u00edt\u00e1sok, amellyel a Korm\u00e1ny els\u0151 sorban az \u00f6ngondoskod\u00e1st \u00e9s a hossz\u00fa t\u00e1v\u00fa megtakar\u00edt\u00e1sokat k\u00edv\u00e1nja \u00f6szt\u00f6n\u00f6zni. A vagyoni- \u00e9s balesetbiztos\u00edt\u00e1sok eset\u00e9ben 10%-os, a casco biztos\u00edt\u00e1sok eset\u00e9ben 15%-os kulcsot k\u00edv\u00e1nunk meghat\u00e1rozni, m\u00edg a k\u00f6telez\u0151 g\u00e9pj\u00e1rm\u0171 felel\u0151ss\u00e9gbiztos\u00edt\u00e1s eset\u00e9ben \u2013 a baleseti ad\u00f3 be\u00e9p\u00edt\u00e9s\u00e9vel \u2013 30%-os kulcs ker\u00fcl bevezet\u00e9sre. Az \u00e1talak\u00edt\u00e1sb\u00f3l \u2013 a k\u00fcl\u00f6nad\u00f3 m\u00e9rt\u00e9k\u00e9nek megfelez\u00e9s\u00e9vel sz\u00e1mol\u00f3 alap forgat\u00f3k\u00f6nyv\u00fcnkh\u00f6z k\u00e9pest \u2013 15 milli\u00e1rd forint t\u00f6bbletbev\u00e9telre sz\u00e1m\u00edtunk.<\/em><\/p>\n<p><em><strong>FORD\u00cdTOTT \u00c1FA BEVEZET\u00c9SE A MEZ\u0150GAZDAS\u00c1GBAN<\/strong><\/em><\/p>\n<p><em>A Korm\u00e1ny a ford\u00edtott ad\u00f3z\u00e1s bevezet\u00e9s\u00e9t tervezi a gabona- \u00e9s az olajosmag- \u00e9s feh\u00e9rjen\u00f6v\u00e9ny szektorban.<\/em><\/p>\n<p><em>Az ad\u00f3csal\u00e1sok jelent\u0151s\u00e9g\u00e9re \u00e9s az \u00e9rintett szektorok tev\u00e9kenys\u00e9g\u00e9nek szezonalit\u00e1s\u00e1ra (az arat\u00e1sok kezd\u0151 id\u0151pontj\u00e1ra) val\u00f3 tekintettel Magyarorsz\u00e1g a ford\u00edtott ad\u00f3z\u00e1st 2012. j\u00falius 1-t\u0151l k\u00edv\u00e1nja alkalmazni, amit az Eur\u00f3pai Bizotts\u00e1gnak k\u00fcld\u00f6tt k\u00e9relemben is jelzett. A ford\u00edtott \u00e1fa bevezet\u00e9se kapcs\u00e1n 10 milli\u00e1rd forint eredm\u00e9nyszeml\u00e9let\u0171 t\u00f6bbletbev\u00e9telt v\u00e1runk 2012-ben, 15 milli\u00e1rd forintot 2013-ban.<\/em><\/p>\n<p><strong><em>A KISAD\u00d3K SZ\u00c1M\u00c1NAK CS\u00d6KKENT\u00c9SE<\/em><\/strong><\/p>\n<p><em>Az ad\u00f3rendszer egyszer\u0171s\u00edt\u00e9se v\u00e9gett indokolt az ad\u00f3k sz\u00e1m\u00e1t ism\u00e9t cs\u00f6kkenteni olyan k\u00f6zterhekkel, melyek nem hoznak jelent\u0151s bev\u00e9telt, ugyanakkor szignifik\u00e1ns adminisztr\u00e1ci\u00f3s terhet jelentenek. A kor\u00e1bban le\u00edrt int\u00e9zked\u00e9sek k\u00f6z\u00fcl az ad\u00f3nemek sz\u00e1m\u00e1t cs\u00f6kkenti a szektor\u00e1lis k\u00fcl\u00f6nad\u00f3 megsz\u0171n\u00e9se.<\/em><\/p>\n<p><em>Ugyancsak cs\u00f6kken az ad\u00f3nemek sz\u00e1ma az\u00e1ltal, hogy a t\u0171zv\u00e9delmi hozz\u00e1j\u00e1rul\u00e1s \u00e9s a baleseti ad\u00f3 beolvad a biztos\u00edt\u00e1si ad\u00f3ba. A fentiek mellett megsz\u00fcntetj\u00fck<\/em><br \/>\n<em>&#8211; a gy\u00f3gyszert\u00e1r szolidarit\u00e1si d\u00edjat<\/em><br \/>\n<em>&#8211; a mag\u00e1nszem\u00e9lyek 98%-os k\u00fcl\u00f6nad\u00f3j\u00e1t \u00e9s<\/em><br \/>\n<em>&#8211; a katasztr\u00f3fav\u00e9delmi hozz\u00e1j\u00e1rul\u00e1st,<\/em><br \/>\n<em>melyek \u00f6sszess\u00e9g\u00e9ben mintegy 2 milli\u00e1rd forint kies\u00e9st jelentenek.<\/em>&#8221;<\/p>\n<p>A 98 %-os ad\u00f3 kivezet\u00e9s\u00e9t \u2013 a hatalmas felh\u00e1borod\u00e1s hat\u00e1s\u00e1ra &#8211; az\u00f3ta c\u00e1folja a Fidesz, de az\u00e9rt m\u00e9g ne \u00edrjuk le, ugyanis a tervben m\u00e9g szerepel! Tal\u00e1n ez m\u00e1r a 2014-es buk\u00e1sra val\u00f3 felk\u00e9sz\u00fcl\u00e9st szolg\u00e1lja, amikor j\u00f6hetnek majd a pof\u00e1tlanul magas v\u00e9gkiel\u00e9g\u00edt\u00e9sek? Ma m\u00e9g nem tudhatjuk, de az\u00e9rt \u2013 pestiesen sz\u00f3lva \u2013 a t\u00f6bbi sem semmi, t\u00f6bb ezer forinttal r\u00f6vid\u00edti meg a csal\u00e1dokat havonta.<\/p>\n","protected":false},"excerpt":{"rendered":"<p>Ember legyen a talp\u00e1n, aki becs\u00fclettel v\u00e9gigolvassa a korm\u00e1ny Sz\u00e9ll K\u00e1lm\u00e1n terv\u00e9nek 2.0-\u00e1s v\u00e1ltozat\u00e1t, hiszen a teljes anyag mintegy 270 oldal. Persze a l\u00e9nyeg, mind annyi m\u00e1sszor, a v\u00e9g\u00e9n, az utols\u00f3 oldalakon b\u00fajik meg. Sz\u00f3val, kezdj\u00fck a 255-ik oldalon: <a href=\"https:\/\/www.mszporoszlany.hu\/?p=521\">Egy kattint\u00e1s ide a folytat\u00e1shoz&#8230;. <span class=\"meta-nav\">&rarr;<\/span><\/a><\/p>\n","protected":false},"author":35,"featured_media":0,"comment_status":"open","ping_status":"closed","sticky":false,"template":"","format":"standard","meta":{"footnotes":""},"categories":[196],"tags":[272,271,273,268,274,267,270,269],"class_list":["post-521","post","type-post","status-publish","format-standard","hentry","category-magyarorszag","tag-biztositasi-ado","tag-energiaado","tag-forditott-afa","tag-koltsegvetes","tag-pofatlan-vegkielegitesek","tag-szell-kalman","tag-tavkozlesi-ado","tag-tranzakcios-illetek"],"_links":{"self":[{"href":"https:\/\/www.mszporoszlany.hu\/index.php?rest_route=\/wp\/v2\/posts\/521","targetHints":{"allow":["GET"]}}],"collection":[{"href":"https:\/\/www.mszporoszlany.hu\/index.php?rest_route=\/wp\/v2\/posts"}],"about":[{"href":"https:\/\/www.mszporoszlany.hu\/index.php?rest_route=\/wp\/v2\/types\/post"}],"author":[{"embeddable":true,"href":"https:\/\/www.mszporoszlany.hu\/index.php?rest_route=\/wp\/v2\/users\/35"}],"replies":[{"embeddable":true,"href":"https:\/\/www.mszporoszlany.hu\/index.php?rest_route=%2Fwp%2Fv2%2Fcomments&post=521"}],"version-history":[{"count":0,"href":"https:\/\/www.mszporoszlany.hu\/index.php?rest_route=\/wp\/v2\/posts\/521\/revisions"}],"wp:attachment":[{"href":"https:\/\/www.mszporoszlany.hu\/index.php?rest_route=%2Fwp%2Fv2%2Fmedia&parent=521"}],"wp:term":[{"taxonomy":"category","embeddable":true,"href":"https:\/\/www.mszporoszlany.hu\/index.php?rest_route=%2Fwp%2Fv2%2Fcategories&post=521"},{"taxonomy":"post_tag","embeddable":true,"href":"https:\/\/www.mszporoszlany.hu\/index.php?rest_route=%2Fwp%2Fv2%2Ftags&post=521"}],"curies":[{"name":"wp","href":"https:\/\/api.w.org\/{rel}","templated":true}]}}