{"id":679,"date":"2010-01-01T00:00:27","date_gmt":"2009-12-31T23:00:27","guid":{"rendered":"http:\/\/www.mszporoszlany.hu\/?p=679"},"modified":"2024-10-27T16:01:10","modified_gmt":"2024-10-27T15:01:10","slug":"eross-laszlo","status":"publish","type":"post","link":"https:\/\/www.mszporoszlany.hu\/?p=679","title":{"rendered":"Moln\u00e1r Istv\u00e1n"},"content":{"rendered":"<div id=\"adatlap\">\n<div class=\"foto\"><img loading=\"lazy\" decoding=\"async\" class=\"alignnone\" alt=\"\" src=\"\/wp-fotos\/Molnar.jpg\" width=\"150\" height=\"195\" \/><\/div>\n<div class=\"adat\">\n<pre>Beoszt\u00e1s.....: <strong>v\u00e1rosi eln\u00f6k<\/strong>\r\nBizotts\u00e1g....: <strong><\/strong>\r\nE-mail.......: <strong>molnaristvan@mszp.hu<\/strong>\r\nTelefon......: +36 (30) 552-2707<\/pre>\n<\/div>\n<\/div>\n<div id=\"adatlapvege\"><\/div>\n<p><!--more--><\/p>\n<p>1986-ban sz\u00fclettem Sz\u00e9kesfeh\u00e9rv\u00e1ron. P\u00e1rommal 2009 \u00f3ta \u00e9lek Oroszl\u00e1nyban, 2013-ban sz\u00fcletett fi\u00fagyermek\u00fcnk, Moln\u00e1r Gerg\u0151 Istv\u00e1n.<\/p>\n<p>Gyermekkoromat egy Fej\u00e9r megyei faluban, Nagyl\u00f3kon t\u00f6lt\u00f6ttem. \u00c9retts\u00e9git 2005-ben a veszpr\u00e9mi Lovassy L\u00e1szl\u00f3 Gimn\u00e1ziumban szereztem, az Arany J\u00e1nos Tehets\u00e9ggondoz\u00f3 program els\u0151 \u00e9vfolyam\u00e1ban. A k\u00f6z\u00e9piskola ut\u00e1n tanulm\u00e1nyaimat a gy\u0151ri Sz\u00e9chenyi Istv\u00e1n Egyetemen folytattam, ahol 2010-ben G\u00e9p\u00e9szm\u00e9rn\u00f6k BSc, J\u00e1rm\u0171g\u00e9p\u00e9sz diplom\u00e1t szereztem. Tanulm\u00e1nyaimat pedag\u00f3giai ter\u00fcleten folytattam tov\u00e1bb, 2011-ben M\u00e9rn\u00f6ktan\u00e1r MA- G\u00e9p\u00e9szm\u00e9rn\u00f6k abszolut\u00f3riumot szereztem.<\/p>\n<p>Egyetemi tanulm\u00e1nyaim alatt lehet\u0151s\u00e9gem volt egy fel\u00e9p\u00edtm\u00e9ny-gy\u00e1rt\u00f3 c\u00e9gn\u00e9l dolgozni, ny\u00e1ri gyakorlatom alatt pedig villamos motorvonatok karbantart\u00e1si rendj\u00e9t dolgoztam \u00e1t. Alap\u00edt\u00f3 tagja voltam a Szenergy Team-nek, \u00e9s a Shell Eco-marathon verseny t\u00f6rt\u00e9nelm\u00e9ben els\u0151 magyar csapatk\u00e9nt a napelemes kateg\u00f3ria k\u00fcl\u00f6nd\u00edj\u00e1val t\u00e9rt\u00fcnk haza. A csapatban a villamos hajt\u00e1s- \u00e9s napelemes t\u00f6lt\u0151rendszer kidolgoz\u00e1s\u00e1ban tev\u00e9kenykedtem, BSc-s diplomamunk\u00e1m is ebben a t\u00e9m\u00e1ban sz\u00fcletett. G\u00e9p\u00e9szm\u00e9rn\u00f6k diplom\u00e1m megszerz\u00e9se el\u0151tt f\u00e9l \u00e9vvel m\u00e1r az oroszl\u00e1nyi E\u00f6tv\u00f6s Lor\u00e1nd Szakk\u00f6z\u00e9p- \u00e9s Szakiskol\u00e1ban dolgoztam, ahol m\u0171szaki elm\u00e9leti t\u00e1rgyakat oktattam.<\/p>\n<p>A k\u00f6z\u00f6ss\u00e9gi munk\u00e1m\u00e9rt 2010-ben Pro Auditoribus kit\u00fcntet\u0151 oklevelet kaptam Gy\u0151r megyei jog\u00fa v\u00e1ros\u00e1t\u00f3l, valamint a gy\u0151ri Sz\u00e9chenyi Istv\u00e1n Egyetem Hallgat\u00f3i \u00d6nkorm\u00e1nyzat\u00e1t\u00f3l.<\/p>\n<p>A k\u00f6z\u00e9let, a k\u00f6z\u00f6ss\u00e9g szolg\u00e1lata mindig is \u00e9rdekelt. K\u00f6z\u00e9piskol\u00e1ban \u00e9s az egyetemen is a hallgat\u00f3i \u00f6nkorm\u00e1nyzatok munk\u00e1j\u00e1t seg\u00edtettem. Eg\u00e9sz \u00e9letemben baloldali gondolkod\u00e1s\u00fa ember voltam, a ny\u00edlt politikai sz\u00ednrel\u00e9p\u00e9st az a folyamat ind\u00edtotta el, ami 2010-ben Oroszl\u00e1nyban elindult.<\/p>\n<p>Az MSZP Oroszl\u00e1nyi Szervezet\u00e9nek vezet\u0151s\u00e9gi tagj\u00e1v\u00e1 2013-ban v\u00e1lasztottak. V\u00e1llal\u00e1somnak megfelel\u0151en szeretn\u00e9m k\u00e9pviselni az \u00e9sszer\u0171 \u00e9s kisz\u00e1m\u00edthat\u00f3 ifj\u00fas\u00e1g-, valamint oktat\u00e1spolitik\u00e1t v\u00e1rosi szinten. Oroszl\u00e1nyi polg\u00e1rk\u00e9nt a helyi \u00e9rt\u00e9kek meg\u0151rz\u00e9s\u00e9t, \u00faj \u00e9rt\u00e9kek teremt\u00e9s\u00e9t is feladatomnak tekintem.<\/p>\n","protected":false},"excerpt":{"rendered":"<p>Beoszt\u00e1s&#8230;..: v\u00e1rosi eln\u00f6k Bizotts\u00e1g&#8230;.: E-mail&#8230;&#8230;.: molnaristvan@mszp.hu Telefon&#8230;&#8230;: +36 (30) 552-2707<\/p>\n","protected":false},"author":35,"featured_media":0,"comment_status":"closed","ping_status":"closed","sticky":false,"template":"","format":"standard","meta":{"footnotes":""},"categories":[194],"tags":[275],"class_list":["post-679","post","type-post","status-publish","format-standard","hentry","category-oroszlany","tag-adatlap"],"_links":{"self":[{"href":"https:\/\/www.mszporoszlany.hu\/index.php?rest_route=\/wp\/v2\/posts\/679","targetHints":{"allow":["GET"]}}],"collection":[{"href":"https:\/\/www.mszporoszlany.hu\/index.php?rest_route=\/wp\/v2\/posts"}],"about":[{"href":"https:\/\/www.mszporoszlany.hu\/index.php?rest_route=\/wp\/v2\/types\/post"}],"author":[{"embeddable":true,"href":"https:\/\/www.mszporoszlany.hu\/index.php?rest_route=\/wp\/v2\/users\/35"}],"replies":[{"embeddable":true,"href":"https:\/\/www.mszporoszlany.hu\/index.php?rest_route=%2Fwp%2Fv2%2Fcomments&post=679"}],"version-history":[{"count":1,"href":"https:\/\/www.mszporoszlany.hu\/index.php?rest_route=\/wp\/v2\/posts\/679\/revisions"}],"predecessor-version":[{"id":3000,"href":"https:\/\/www.mszporoszlany.hu\/index.php?rest_route=\/wp\/v2\/posts\/679\/revisions\/3000"}],"wp:attachment":[{"href":"https:\/\/www.mszporoszlany.hu\/index.php?rest_route=%2Fwp%2Fv2%2Fmedia&parent=679"}],"wp:term":[{"taxonomy":"category","embeddable":true,"href":"https:\/\/www.mszporoszlany.hu\/index.php?rest_route=%2Fwp%2Fv2%2Fcategories&post=679"},{"taxonomy":"post_tag","embeddable":true,"href":"https:\/\/www.mszporoszlany.hu\/index.php?rest_route=%2Fwp%2Fv2%2Ftags&post=679"}],"curies":[{"name":"wp","href":"https:\/\/api.w.org\/{rel}","templated":true}]}}