{"id":693,"date":"2010-01-01T00:00:15","date_gmt":"2009-12-31T23:00:15","guid":{"rendered":"http:\/\/www.mszporoszlany.hu\/?p=693"},"modified":"2024-10-27T15:58:41","modified_gmt":"2024-10-27T14:58:41","slug":"lazok-zoltan","status":"publish","type":"post","link":"https:\/\/www.mszporoszlany.hu\/?p=693","title":{"rendered":"Laz\u00f3k Zolt\u00e1n"},"content":{"rendered":"<div id=\"adatlap\">\n<div class=\"foto\"><img loading=\"lazy\" decoding=\"async\" class=\"alignnone\" src=\"\/wp-fotos\/Lazok.jpg\" alt=\"\" width=\"150\" height=\"195\" \/><\/div>\n<div class=\"adat\">\n<pre>Beoszt\u00e1s.....: <strong><\/strong>\r\nE-mail.......: <strong><\/strong>\r\nTelefon......: -<\/pre>\n<\/div>\n<\/div>\n<div class=\"adatlapvege\"><\/div>\n<p><!--more--><\/p>\n<p>1957-ben sz\u00fclettem Oroszl\u00e1nyon. A J\u00f3zsef Attila \u00c1ltal\u00e1nos Iskol\u00e1b\u00f3l az esztergomi Botty\u00e1n J\u00e1nos Szakk\u00f6z\u00e9piskola k\u00f6vetkezett, majd a Budapesti M\u0171szaki Egyetem Villamosm\u00e9rn\u00f6ki kar. Az Egyetem elv\u00e9gz\u00e9se ut\u00e1n az Oroszl\u00e1nyi Sz\u00e9nb\u00e1ny\u00e1kn\u00e1l dolgoztam 1990-ig k\u00fcl\u00f6nb\u00f6z\u0151 beoszt\u00e1sokban, de mindv\u00e9gig fejleszt\u0151 m\u00e9rn\u00f6kk\u00e9nt. Ezt k\u00f6vet\u0151en m\u00e9rn\u00f6kirod\u00e1ban, f\u0151leg energiagazd\u00e1lkod\u00f3 rendszerek fejleszt\u00e9s\u00e9vel \u00e9s telep\u00edt\u00e9s\u00e9vel foglalkoztam. 2001-ben p\u00e1ly\u00e1zattal ker\u00fcltem az Oroszl\u00e1nyi T\u00e1vh\u0151szolg\u00e1ltat\u00f3 Kft-hez, mely c\u00e9get 2002-ben r\u00e9szv\u00e9nyt\u00e1rsas\u00e1gg\u00e1 alak\u00edtottuk. 2002-t\u0151l 2010 december\u00e9ig t\u00f6lt\u00f6ttem be az Oroszl\u00e1nyi Szolg\u00e1ltat\u00f3 ZRt vez\u00e9rigazgat\u00f3i posztj\u00e1t. Ma \u00fajra m\u00e9rn\u00f6kirod\u00e1ban tev\u00e9kenykedem, p\u00e1ly\u00e1zat\u00edr\u00e1ssal, szol\u00e1r technol\u00f3gi\u00e1kkal \u00e9s \u00e9p\u00fcletek energetikai tan\u00fas\u00edt\u00e1s\u00e1val foglalkozom t\u00f6bbek k\u00f6z\u00f6tt.<\/p>\n<p><strong>Nagyobb beruh\u00e1z\u00e1sok amelyeket ir\u00e1ny\u00edtottam<\/strong><\/p>\n<ul>\n<li>2004 Szennyv\u00edztelep teljes rekonstrukci\u00f3ja<\/li>\n<li>2005 Iskola \u00fati \u00e9p\u00fclet fel\u00faj\u00edt\u00e1sa, \u00e9rt\u00e9kest\u00e9se<\/li>\n<li>2006-2007 T\u00f3part Lak\u00f3park \u00e9p\u00edt\u00e9se \u00e9s \u00e9rt\u00e9kes\u00edt\u00e9se<\/li>\n<li>2007 Uszoda fel\u00faj\u00edt\u00e1s<\/li>\n<li>2007 V\u00e1rosi Als\u00f3 Park-t\u00f3 teljes k\u00f6r\u0171 fel\u00faj\u00edt\u00e1sa<\/li>\n<\/ul>\n<p>1979 \u00f3ta h\u00e1zas ember vagyok. H\u00e1rom feln\u0151tt gyermekem van, \u00e9s k\u00e9t unok\u00e1m a harmadik \u00fatban. 1994 \u00f3ta foglalkozom politik\u00e1val, 1994-1998 k\u00f6z\u00f6tt az \u00d6nkorm\u00e1nyzat Gazdas\u00e1gi bizotts\u00e1g\u00e1nak k\u00fcls\u0151s tagja voltam, majd 1998-2002 k\u00f6z\u00f6tt az akkori 7-es k\u00f6rzetben nyertem k\u00e9pvisel\u0151k\u00e9nt. Ebben az id\u0151szakban a P\u00e9nz\u00fcgyi Bizotts\u00e1g eln\u00f6ke \u00e9s frakci\u00f3-vezet\u0151 is voltam. 1999-2002 k\u00f6z\u00f6tt a T\u00e9rs\u00e9g- \u00e9s Gazdas\u00e1gfejleszt\u0151 KHT fel\u00fcgyel\u0151 bizotts\u00e1g eln\u00f6ke voltam.(Az \u00f6sszef\u00e9rhetetlens\u00e9gi t\u00f6rv\u00e9ny miatt az OSZZRt vezet\u0151jek\u00e9nt nem vehettem r\u00e9szt a k\u00e9pvisel\u0151 test\u00fcletben.)<\/p>\n<p><strong>T\u00e1rsadalmi szerepv\u00e1llal\u00e1saim<\/strong><\/p>\n<ul>\n<li>1984 Magyar Elektrotechnikai Egyes\u00fclet<\/li>\n<li>1982-1990 k\u00f6z\u00f6tt OMBKE<\/li>\n<li>2002 Magyar Energiafogyaszt\u00f3k Sz\u00f6vets\u00e9ge, (2003- 2009 orsz\u00e1gos eln\u00f6ks\u00e9gi tag)<\/li>\n<li>2003 \u00d6nk\u00e9ntes T\u0171zolt\u00f3s\u00e1g Oroszl\u00e1ny, k\u00f6ztest\u00fcleti eln\u00f6k, 2010 \u00f3ta eln\u00f6khelyettes<\/li>\n<li>2008 Energiagazd\u00e1lkod\u00e1si Tudom\u00e1nyos Egyes\u00fclet<\/li>\n<li>2011 B\u00e1ny\u00e1sz N\u00e9pdalk\u00f6r Egyes\u00fclet &#8211; eln\u00f6k<\/li>\n<\/ul>\n","protected":false},"excerpt":{"rendered":"<p>Beoszt\u00e1s&#8230;..: E-mail&#8230;&#8230;.: Telefon&#8230;&#8230;: &#8211;<\/p>\n","protected":false},"author":35,"featured_media":0,"comment_status":"closed","ping_status":"closed","sticky":false,"template":"","format":"standard","meta":{"footnotes":""},"categories":[194],"tags":[275],"class_list":["post-693","post","type-post","status-publish","format-standard","hentry","category-oroszlany","tag-adatlap"],"_links":{"self":[{"href":"https:\/\/www.mszporoszlany.hu\/index.php?rest_route=\/wp\/v2\/posts\/693","targetHints":{"allow":["GET"]}}],"collection":[{"href":"https:\/\/www.mszporoszlany.hu\/index.php?rest_route=\/wp\/v2\/posts"}],"about":[{"href":"https:\/\/www.mszporoszlany.hu\/index.php?rest_route=\/wp\/v2\/types\/post"}],"author":[{"embeddable":true,"href":"https:\/\/www.mszporoszlany.hu\/index.php?rest_route=\/wp\/v2\/users\/35"}],"replies":[{"embeddable":true,"href":"https:\/\/www.mszporoszlany.hu\/index.php?rest_route=%2Fwp%2Fv2%2Fcomments&post=693"}],"version-history":[{"count":1,"href":"https:\/\/www.mszporoszlany.hu\/index.php?rest_route=\/wp\/v2\/posts\/693\/revisions"}],"predecessor-version":[{"id":2996,"href":"https:\/\/www.mszporoszlany.hu\/index.php?rest_route=\/wp\/v2\/posts\/693\/revisions\/2996"}],"wp:attachment":[{"href":"https:\/\/www.mszporoszlany.hu\/index.php?rest_route=%2Fwp%2Fv2%2Fmedia&parent=693"}],"wp:term":[{"taxonomy":"category","embeddable":true,"href":"https:\/\/www.mszporoszlany.hu\/index.php?rest_route=%2Fwp%2Fv2%2Fcategories&post=693"},{"taxonomy":"post_tag","embeddable":true,"href":"https:\/\/www.mszporoszlany.hu\/index.php?rest_route=%2Fwp%2Fv2%2Ftags&post=693"}],"curies":[{"name":"wp","href":"https:\/\/api.w.org\/{rel}","templated":true}]}}