{"id":705,"date":"2010-01-01T00:00:21","date_gmt":"2009-12-31T23:00:21","guid":{"rendered":"http:\/\/www.mszporoszlany.hu\/?p=705"},"modified":"2024-10-27T15:55:13","modified_gmt":"2024-10-27T14:55:13","slug":"rajnai-gabor","status":"publish","type":"post","link":"https:\/\/www.mszporoszlany.hu\/?p=705","title":{"rendered":"Rajnai G\u00e1bor"},"content":{"rendered":"<div id=\"adatlap\">\n<div class=\"foto\"><img loading=\"lazy\" decoding=\"async\" class=\"alignnone\" src=\"\/wp-fotos\/Rajnai.jpg\" alt=\"\" width=\"150\" height=\"195\" \/><\/div>\n<div class=\"adat\">\n<pre>Beoszt\u00e1s.....: <strong>k\u00e9pvisel\u0151, bizotts\u00e1gi eln\u00f6k<\/strong>\r\nBizotts\u00e1g....: <strong>p\u00e9nz\u00fcgyi \u00e9s hum\u00e1n bizotts\u00e1g<\/strong>\r\nK\u00f6rzet.......: <strong>lista<\/strong>\r\nE-mail.......: <strong>rajnaigabor@oroszlany.hu<\/strong>\r\nTelefon......: -<\/pre>\n<\/div>\n<\/div>\n<div id=\"adatlapvege\"><\/div>\n<p><!--more--><\/p>\n<p>61 \u00e9ves, nyugd\u00edjas m\u0171szaki pedag\u00f3gus vagyok. Oroszl\u00e1nyban n\u0151ttem fel, s jelenleg is itt lakom, a T\u00e1ncsics udvarban. A helyi E\u00f6tv\u00f6s Lor\u00e1nd M\u0171szaki K\u00f6z\u00e9piskol\u00e1ban v\u00e9geztem tanulm\u00e1nyaimat. Itt kezdtem dolgozni 1974-ben, mint b\u00e1ny\u00e1szati oktat\u00f3, majd a m\u0171szaki igazgat\u00f3-helyettesi feladatokat l\u00e1ttam el eg\u00e9szen 2002-ig, polg\u00e1rmesterr\u00e9 v\u00e1laszt\u00e1somig.<\/p>\n<p>Huszonnyolc \u00e9ve veszek r\u00e9szt akt\u00edvan a k\u00f6z\u00e9letben. 1994-ben a 4. sz. k\u00f6rzet v\u00e1laszt\u00f3inak bizalm\u00e1b\u00f3l lettem telep\u00fcl\u00e9si k\u00e9pvisel\u0151, majd a test\u00fclet alpolg\u00e1rmesterr\u00e9 v\u00e1lasztott. Az 1998-2002-es id\u0151szakban, k\u00f6rzetemben ism\u00e9t k\u00e9pvisel\u0151v\u00e9, majd \u00fajra alpolg\u00e1rmesterr\u00e9 v\u00e1lasztottak. A 2002-es v\u00e1laszt\u00e1sokon lettem Oroszl\u00e1ny polg\u00e1rmestere, \u00e9s 2006-ban a telep\u00fcl\u00e9s polg\u00e1rai \u00fajrav\u00e1lasztottak.<\/p>\n<p>2010 okt\u00f3ber\u00e9ben k\u00f6rzetemben \u00fajra telep\u00fcl\u00e9si k\u00e9pvisel\u0151 lettem, az \u00f6nkorm\u00e1nyzatban a p\u00e9nz\u00fcgyi bizotts\u00e1g eln\u00f6ki feladatait l\u00e1tom el.<\/p>\n","protected":false},"excerpt":{"rendered":"<p>Beoszt\u00e1s&#8230;..: k\u00e9pvisel\u0151, bizotts\u00e1gi eln\u00f6k Bizotts\u00e1g&#8230;.: p\u00e9nz\u00fcgyi \u00e9s hum\u00e1n bizotts\u00e1g K\u00f6rzet&#8230;&#8230;.: lista E-mail&#8230;&#8230;.: rajnaigabor@oroszlany.hu Telefon&#8230;&#8230;: &#8211;<\/p>\n","protected":false},"author":35,"featured_media":0,"comment_status":"closed","ping_status":"closed","sticky":false,"template":"","format":"standard","meta":{"footnotes":""},"categories":[194],"tags":[275],"class_list":["post-705","post","type-post","status-publish","format-standard","hentry","category-oroszlany","tag-adatlap"],"_links":{"self":[{"href":"https:\/\/www.mszporoszlany.hu\/index.php?rest_route=\/wp\/v2\/posts\/705","targetHints":{"allow":["GET"]}}],"collection":[{"href":"https:\/\/www.mszporoszlany.hu\/index.php?rest_route=\/wp\/v2\/posts"}],"about":[{"href":"https:\/\/www.mszporoszlany.hu\/index.php?rest_route=\/wp\/v2\/types\/post"}],"author":[{"embeddable":true,"href":"https:\/\/www.mszporoszlany.hu\/index.php?rest_route=\/wp\/v2\/users\/35"}],"replies":[{"embeddable":true,"href":"https:\/\/www.mszporoszlany.hu\/index.php?rest_route=%2Fwp%2Fv2%2Fcomments&post=705"}],"version-history":[{"count":3,"href":"https:\/\/www.mszporoszlany.hu\/index.php?rest_route=\/wp\/v2\/posts\/705\/revisions"}],"predecessor-version":[{"id":2992,"href":"https:\/\/www.mszporoszlany.hu\/index.php?rest_route=\/wp\/v2\/posts\/705\/revisions\/2992"}],"wp:attachment":[{"href":"https:\/\/www.mszporoszlany.hu\/index.php?rest_route=%2Fwp%2Fv2%2Fmedia&parent=705"}],"wp:term":[{"taxonomy":"category","embeddable":true,"href":"https:\/\/www.mszporoszlany.hu\/index.php?rest_route=%2Fwp%2Fv2%2Fcategories&post=705"},{"taxonomy":"post_tag","embeddable":true,"href":"https:\/\/www.mszporoszlany.hu\/index.php?rest_route=%2Fwp%2Fv2%2Ftags&post=705"}],"curies":[{"name":"wp","href":"https:\/\/api.w.org\/{rel}","templated":true}]}}