{"id":723,"date":"2010-01-01T00:00:09","date_gmt":"2009-12-31T23:00:09","guid":{"rendered":"http:\/\/www.mszporoszlany.hu\/?p=723"},"modified":"2024-10-27T15:57:36","modified_gmt":"2024-10-27T14:57:36","slug":"szekely-antal","status":"publish","type":"post","link":"https:\/\/www.mszporoszlany.hu\/?p=723","title":{"rendered":"Sz\u00e9kely Antal"},"content":{"rendered":"<div id=\"adatlap\">\n<div class=\"foto\"><img loading=\"lazy\" decoding=\"async\" class=\"alignnone\" src=\"\/wp-fotos\/Szekely.jpg\" alt=\"\" width=\"150\" height=\"195\" \/><\/div>\n<div class=\"adat\">\n<pre>Beoszt\u00e1s.....: <strong>k\u00e9pvisel\u0151, bizotts\u00e1gi tag<\/strong>\r\nK\u00f6rzet.......: <strong>2. v\u00e1laszt\u00f3k\u00f6rzet<\/strong>\r\nBizotts\u00e1g....: <strong>p\u00e9nz\u00fcgyi \u00e9s hum\u00e1n bizotts\u00e1g<\/strong>\r\nE-mail.......: <strong>szekely.antal@oroszlany.hu<\/strong>\r\nTelefon......: <strong>-<\/strong><\/pre>\n<\/div>\n<\/div>\n<div id=\"adatlapvege\"><\/div>\n<p><!--more--><\/p>\n<p>1952-ben sz\u00fclettem, az\u00f3ta \u00e9lek Oroszl\u00e1nyon. \u00c9desap\u00e1m itt volt pedag\u00f3gus, \u00e9desany\u00e1m varr\u00f3n\u0151k\u00e9nt dolgozott. Feles\u00e9gem a J\u00f3zsef Attila iskola pedag\u00f3gusa, fiam Gy\u0151rben \u00e9l, ott tan\u00edt.<\/p>\n<p>Iskol\u00e1imat a v\u00e1rosban v\u00e9geztem, itt \u00e9retts\u00e9giztem, majd magyar-t\u00f6rt\u00e9nelem szakos tan\u00e1r lettem az egri Ho Si Minh Tan\u00e1rk\u00e9pz\u0151 f\u0151iskol\u00e1n. Posztgradu\u00e1lis k\u00e9pz\u00e9sben m\u00e9g k\u00e9t diplom\u00e1t szereztem (magyar kieg\u00e9sz\u00edt\u0151 szak: P\u00e1zm\u00e1ny P\u00e9ter Katolikus Egyetem B\u00f6lcs\u00e9szettudom\u00e1nyi Kar, k\u00f6zoktat\u00e1s vezet\u0151: Budapesti M\u0171szaki \u00e9s Gazdas\u00e1gtudom\u00e1nyi Egyetem M\u0171szaki Pedag\u00f3gia Tansz\u00e9k.) Jelenleg tan\u00e1rk\u00e9nt dolgozom Oroszl\u00e1ny V\u00e1ros Gimn\u00e1ziuma \u00e9s Szakk\u00e9pz\u0151 Iskol\u00e1j\u00e1ban.<\/p>\n<p>1994-t\u0151l veszek r\u00e9szt az \u00f6nkorm\u00e1nyzati munk\u00e1ban, 1994-1998 k\u00f6z\u00f6tt polg\u00e1rmesterek\u00e9nt, 2002-2010 k\u00f6z\u00f6tt alpolg\u00e1rmesterk\u00e9nt, 2010-t\u0151l k\u00e9pvisel\u0151k\u00e9nt, az MSZP frakci\u00f3j\u00e1nak vezet\u0151jek\u00e9nt. A 2. sz\u00e1m\u00fa v\u00e1laszt\u00f3k\u00f6rzet k\u00e9pvisel\u0151je vagyok. Tagja vagyok a megyei k\u00f6zgy\u0171l\u00e9snek \u00e9s az MSZP orsz\u00e1gos v\u00e1lasztm\u00e1ny\u00e1nak.<\/p>\n","protected":false},"excerpt":{"rendered":"<p>Beoszt\u00e1s&#8230;..: k\u00e9pvisel\u0151, bizotts\u00e1gi tag K\u00f6rzet&#8230;&#8230;.: 2. v\u00e1laszt\u00f3k\u00f6rzet Bizotts\u00e1g&#8230;.: p\u00e9nz\u00fcgyi \u00e9s hum\u00e1n bizotts\u00e1g E-mail&#8230;&#8230;.: szekely.antal@oroszlany.hu Telefon&#8230;&#8230;: &#8211;<\/p>\n","protected":false},"author":35,"featured_media":0,"comment_status":"closed","ping_status":"closed","sticky":false,"template":"","format":"standard","meta":{"footnotes":""},"categories":[194],"tags":[275],"class_list":["post-723","post","type-post","status-publish","format-standard","hentry","category-oroszlany","tag-adatlap"],"_links":{"self":[{"href":"https:\/\/www.mszporoszlany.hu\/index.php?rest_route=\/wp\/v2\/posts\/723","targetHints":{"allow":["GET"]}}],"collection":[{"href":"https:\/\/www.mszporoszlany.hu\/index.php?rest_route=\/wp\/v2\/posts"}],"about":[{"href":"https:\/\/www.mszporoszlany.hu\/index.php?rest_route=\/wp\/v2\/types\/post"}],"author":[{"embeddable":true,"href":"https:\/\/www.mszporoszlany.hu\/index.php?rest_route=\/wp\/v2\/users\/35"}],"replies":[{"embeddable":true,"href":"https:\/\/www.mszporoszlany.hu\/index.php?rest_route=%2Fwp%2Fv2%2Fcomments&post=723"}],"version-history":[{"count":1,"href":"https:\/\/www.mszporoszlany.hu\/index.php?rest_route=\/wp\/v2\/posts\/723\/revisions"}],"predecessor-version":[{"id":2994,"href":"https:\/\/www.mszporoszlany.hu\/index.php?rest_route=\/wp\/v2\/posts\/723\/revisions\/2994"}],"wp:attachment":[{"href":"https:\/\/www.mszporoszlany.hu\/index.php?rest_route=%2Fwp%2Fv2%2Fmedia&parent=723"}],"wp:term":[{"taxonomy":"category","embeddable":true,"href":"https:\/\/www.mszporoszlany.hu\/index.php?rest_route=%2Fwp%2Fv2%2Fcategories&post=723"},{"taxonomy":"post_tag","embeddable":true,"href":"https:\/\/www.mszporoszlany.hu\/index.php?rest_route=%2Fwp%2Fv2%2Ftags&post=723"}],"curies":[{"name":"wp","href":"https:\/\/api.w.org\/{rel}","templated":true}]}}