{"id":747,"date":"2012-05-02T09:40:58","date_gmt":"2012-05-02T08:40:58","guid":{"rendered":"http:\/\/www.mszporoszlany.hu\/?p=747"},"modified":"2012-05-05T07:17:18","modified_gmt":"2012-05-05T06:17:18","slug":"megis-kinek-az-elete","status":"publish","type":"post","link":"https:\/\/www.mszporoszlany.hu\/?p=747","title":{"rendered":"M\u00e9gis kinek az \u00e9lete?"},"content":{"rendered":"<p><img loading=\"lazy\" decoding=\"async\" class=\"alignleft size-full wp-image-748\" title=\"Fiatalok\" src=\"https:\/\/www.mszporoszlany.hu\/wp-content\/uploads\/2012\/05\/Fiatalok.jpg\" alt=\"\" width=\"200\" height=\"120\" \/>Unalom\u0171z\u00e9s gyan\u00e1nt n\u00e9zem a &#8222;helyi kir\u00e1lyi TV&#8221; m\u0171sor\u00e1t. Csak kapkodom a fejem, hogy a sok &#8222;jogv\u00e9gzett&#8221;, \u00e9s &#8222;jogtud\u00f3s&#8221; hogyan osztja az \u00e9szt. T\u00e9ma a vend\u00e9gl\u00e1t\u00f3 egys\u00e9gek kontra nyugalomra v\u00e1gy\u00f3 lak\u00f3k. Polg\u00e1rmester, tan\u00e1cseln\u00f6k helyettes, jegyz\u0151 \u00e9s k\u00e9pvisel\u0151k osztj\u00e1k a lapokat egym\u00e1snak, de olyan \u00e9rz\u00e9sem van, mintha s\u00fcketek p\u00e1rbesz\u00e9de zajlana.<\/p>\n<p><!--more--><\/p>\n<p>Sz\u00e9kely k\u00e9pvisel\u0151 \u00far (a probl\u00e9m\u00e1val \u00e9rintett k\u00f6rzet megv\u00e1lasztott k\u00e9pvisel\u0151je) elmondja, hogy szerette volna, ha a t\u00e9m\u00e1ban tartott, nagy \u00e9rdekl\u0151d\u00e9sre sz\u00e1mot tart\u00f3 lakoss\u00e1gi f\u00f3rumon, jelen lett volna a hivatal (nem a test\u00fclet, hanem a HIVATAL) r\u00e9sz\u00e9r\u0151l valami szakember. Egy szakember, aki &#8222;hivatalos&#8221; t\u00e1j\u00e9koztat\u00e1st adott volna arr\u00f3l, hogy egy lakoss\u00e1g \u00e1ltal \u00e1ltal\u00e1ban felvetett probl\u00e9ma kezel\u00e9s\u00e9t, milyen jogi (hivatalos, hat\u00f3s\u00e1gi) folyamat \u00e9s milyen m\u00f3don k\u00e9pes kezelni. Illetve, hogy t\u00e1j\u00e9koztassa a jogban j\u00e1ratlan lakoss\u00e1got arr\u00f3l, hogy milyen eszk\u00f6z\u00f6k \u00e1llnak rendelkez\u00e9s\u00e9re annak \u00e9rdek\u00e9ben, hogy akarat\u00e1nak \u00e9rv\u00e9nyt szerezhessen!<\/p>\n<p>Jegyz\u0151asszonyt\u00f3l \u00e9rkezik is az elker\u00fcl\u0151 v\u00e1lasz! (Mintha a k\u00e9rd\u00e9st nem is hallotta, vagy nem is \u00e9rtette volna!) Megl\u00e1t\u00e1sa szerint egy folyamatban l\u00e9v\u0151 elj\u00e1r\u00e1st nem lehet azzal befoly\u00e1solni, hogy az \u00e9rintettek sz\u00e1m\u00e1ra t\u00e1j\u00e9koztat\u00e1st ad az \u00fcgyr\u0151l. No de k\u00e9rem! \u2013 erre senki nem is k\u00e9rte! Arra azonban igen, hogy gyakorolja azt a k\u00f6teless\u00e9g\u00e9t, melynek \u00e9rtelm\u00e9ben t\u00e1j\u00e9koztatnia kell azokat, akik az \u00e1ltala &#8222;kezelt&#8221; telep\u00fcl\u00e9sen a telep\u00fcl\u00e9s m\u0171k\u00f6d\u00e9s\u00e9vel, m\u0171k\u00f6dtet\u00e9s\u00e9vel kapcsolatosan szeretn\u00e9nek inform\u00e1ci\u00f3hoz jutni. (Mint v\u00e1laszt\u00f3polg\u00e1rnak, mint ad\u00f3fizet\u0151nek az is \u00e1tfut a fejemen, ha a helyi hat\u00f3s\u00e1g els\u0151 embere \u00edgy j\u00e1r el egy k\u00f6z\u00f6ss\u00e9g \u00e9s egy telep\u00fcl\u00e9si k\u00e9pvisel\u0151 kezdem\u00e9nyez\u00e9sekor, akkor milyen hozz\u00e1\u00e1ll\u00e1sra sz\u00e1m\u00edthatok, mint egyed\u00fcli &#8222;\u00fcgyf\u00e9l&#8221; az \u00e1ltala vezetett int\u00e9zm\u00e9nyben! H\u00e1t sok j\u00f3ra ezek ut\u00e1n lehet, hogy nem?)<\/p>\n<p>De ez mind nem el\u00e9g! Kiterjedt k\u00e9pzetts\u00e9g\u0171 polg\u00e1rmester\u00fcnk sz\u00e1j\u00e1b\u00f3l j\u00f6n a k\u00f6vetkez\u0151 okos v\u00e9lem\u00e9ny, er\u0151s\u00edtve jegyz\u0151asszony v\u00e9lem\u00e9ny\u00e9t. Nem eg\u00e9szen \u00e9rti, hogy mi k\u00f6ze a test\u00fcletnek ehhez a dologhoz, ugyanis megl\u00e1t\u00e1sa szerint ez egy hat\u00f3s\u00e1gi elj\u00e1r\u00e1s, amihez a test\u00fcletnek semmi k\u00f6ze. H\u00e1t kedves Tak\u00e1cs \u00far, szer\u00e9nyen megjegyezn\u00e9m, hogy sajnos, de igen is van k\u00f6ze. Nem is kev\u00e9s! Val\u00f3ban igaz az, hogy a v\u00e1llalkoz\u00e1sok m\u0171k\u00f6d\u00e9s\u00e9vel kapcsolatosan vannak orsz\u00e1gos szint\u0171 jogszab\u00e1lyok, amelyek alapjaiban befoly\u00e1solj\u00e1k az ilyen szervez\u0151d\u00e9sek m\u0171k\u00f6d\u00e9s\u00e9t orsz\u00e1gos szinten. De bizony\u00e1ra \u00f6n is hallott m\u00e1r az \u00f6nkorm\u00e1nyzatis\u00e1gr\u00f3l, annak tagjair\u00f3l, illetve k\u00e9pvisel\u0151ir\u0151l. Ez az a helyi &#8222;hatalom&#8221;, amely a rendszerv\u00e1lt\u00e1s egyik legnagyobb v\u00edvm\u00e1nya. (B\u00e1r ahogy elvt\u00e1rsai int\u00e9zked\u00e9seit eln\u00e9zem, l\u00e1tom, hogy ez a v\u00edvm\u00e1ny az \u00f6n\u00f6k sz\u00e1m\u00e1ra nem \u00e9ppen a legfontosabb \u00e9rt\u00e9k! Ami egy\u00e9bk\u00e9nt \u00fajkori t\u00f6rt\u00e9nelm\u00fcnk szerintem legf\u00e9nyesebb \u00e9kk\u00f6ve.) Felt\u00e9telezem, tiszt\u00e1ban van azzal, hogy bizony a k\u00e9pvisel\u0151k test\u00fclete jogalkot\u00f3 szerv. Vagyis saj\u00e1t m\u0171k\u00f6d\u00e9si ter\u00fclet\u00e9n bel\u00fcl jog\u00e1ban \u00e1ll (hozz\u00e1teszem, v\u00e9lem\u00e9nyem szerint az \u00e9rt\u00e9kek v\u00e9delm\u00e9ben gyakran k\u00f6teless\u00e9ge is) jogszab\u00e1lyokat alkotni, amelyet azt\u00e1n az ott \u00e9l\u0151k \u00e9s tev\u00e9kenyked\u0151k k\u00f6telesek betartani. Ellenkez\u0151 esetben szab\u00e1lys\u00e9rt\u00e9st k\u00f6vetnek el, amelyet a jegyz\u0151 \u00e1ltal vezetett hat\u00f3s\u00e1gi szerv k\u00f6teles megfelel\u0151en szankcion\u00e1lni. A szab\u00e1lyok megs\u00e9rt\u00e9s\u00e9t pedig helyi \u00e9s orsz\u00e1gos szervek illet\u00e9kesek kimondani. De ez csak ellen\u0151rz\u00e9sek sor\u00e1n ker\u00fclhet napvil\u00e1gra. Arr\u00f3l, hogy a jegyz\u0151 \u00e9s hivatala mennyire hat\u00e9konyan m\u0171k\u00f6dteti ellen\u0151rz\u0151 szerepk\u00f6r\u00e9t, most nem akarok gondolatokat pap\u00edrra vetni, maradjunk annyiban, hogy a hat\u00e9konys\u00e1ga m\u00e9g nem optim\u00e1lis.<\/p>\n<p>Csak az\u00e9rt, hogy a t\u00e9ma megkoron\u00e1z\u00e1sra ker\u00fclj\u00f6n, Papp P\u00e9ter tan\u00e1cseln\u00f6k-helyettes (\u0151 m\u00e1r l\u00e9nyegesen t\u00f6bbet tudhat az &#8216;\u00e1lamos\u00edt\u00e1s&#8217; folyamat\u00e1r\u00f3l, mint mi) jelzi, hogy az \u0151 v\u00e1rosvezet\u00e9si politik\u00e1juk fontos r\u00e9sze a v\u00e1llalkoz\u00e1sok menedzsel\u00e9se is. Ez\u00e9rt a lakoss\u00e1g ig\u00e9nyei mellett, a v\u00e1llalkoz\u00e1sok ig\u00e9nyeit is szem el\u0151tt tartj\u00e1k. Mint oroszl\u00e1nyi v\u00e1llalkoz\u00f3 \u00f6r\u00f6mmel vettem harcos ki\u00e1ll\u00e1s\u00e1t a v\u00e1llalkoz\u00e1sok mellett. Azonban felh\u00edvn\u00e1m figyelm\u00e9t t\u00f6bb, \u00e9rdekes szempontra. Az els\u0151, hogy a v\u00e1llalkoz\u00e1sok t\u00f6rt\u00e9nelmi c\u00e9lja a haszonszerz\u00e9s (cs\u00fanya sz\u00f3val a kizs\u00e1km\u00e1nyol\u00e1s). Ennek a f\u0151 c\u00e9lnak gyakran vannak \u00e1ldozatai (\u00e9l\u0151vil\u00e1g, k\u00f6rnyezet, t\u00e1rsadalom, stb.). Tal\u00e1n \u00e9ppen ennek \u00e9rdek\u00e9ben sz\u00fcletnek olyan t\u00f6rv\u00e9nyek a vil\u00e1g minden r\u00e9sz\u00e9n, amelynek c\u00e9lja \u00e9ppen a minden\u00e1ron val\u00f3 haszonszerz\u00e9s megg\u00e1tl\u00e1sa, a &#8222;zemberek&#8221; \u00e9s a k\u00f6rnyezet v\u00e9delme \u00e9rdek\u00e9ben.<br \/>\nA m\u00e1sik, hogy a v\u00e1llalkoz\u00e1sok tev\u00e9kenys\u00e9g alapj\u00e1n j\u00f3l csoportos\u00edthat\u00f3ak. Ennek megfelel\u0151en vannak olyan tev\u00e9kenys\u00e9gek, amelyek egy lak\u00f3k\u00f6rnyezetben nyugodtan m\u0171k\u00f6dhetnek, s\u0151t alapvet\u0151 elv\u00e1r\u00e1s, hogy \u00e9ppen ilyen k\u00f6rnyezetben m\u0171k\u00f6djenek. Vannak azonban olyan tev\u00e9kenys\u00e9gek, amelyek nem val\u00f3k lak\u00f3k\u00f6rnyezetekbe. \u00d6nnek kedves tan\u00e1cseln\u00f6k-helyettes elvt\u00e1rs \u00e9ppen az lenne a feladata, hogy mint felel\u0151s szem\u00e9ly (megv\u00e1lasztott k\u00e9pvisel\u0151, fizetett vezet\u0151) \u00e9szrevegye a fontos k\u00fcl\u00f6nbs\u00e9geket \u00e9s a megfelel\u0151 eszk\u00f6z\u00f6k seg\u00edts\u00e9g\u00e9vel (ak\u00e1r jogszab\u00e1lyok alkot\u00e1s\u00e1val) teremtsen rendet az egyik, vagy m\u00e1sik f\u00e9l jogosulatlan sz\u00e1nd\u00e9kait megregul\u00e1zva.<\/p>\n<p>Mint oroszl\u00e1nyi lakos, mint szavaz\u00f3, mint v\u00e1llalkoz\u00f3, \u00e9s mint sz\u00fcl\u0151 tudatom minden r\u00e9sztvev\u0151vel, hogy a nagy f\u00fcrdet\u00e9sben csak a gyerekre nem siker\u00fclt kell\u0151 figyelmet ford\u00edtani. A probl\u00e9ma nem az, hogy &#8222;A&#8221; vagy &#8222;B&#8221; vend\u00e9gl\u00e1t\u00f3hely ny\u00fajthat-e nagy hangterhel\u00e9ssel j\u00e1r\u00f3 szolg\u00e1ltat\u00e1st saj\u00e1t haszn\u00e1nak jelent\u0151s m\u00e9rt\u00e9k\u0171 n\u00f6vel\u00e9se \u00e9rdek\u00e9ben, m\u00e1sok jogosnak v\u00e9lt ig\u00e9nyeinek megs\u00e9rt\u00e9s\u00e9vel, hanem az, hogy a 10&#8242; \u00e9s 20&#8242; \u00e9ves koroszt\u00e1ly sz\u00e1m\u00e1ra megteremtj\u00fck-e azt az \u00e9letteret, amelyben oroszl\u00e1nyinak \u00e9rezhetik magukat. Ebben a k\u00e9rd\u00e9sk\u00f6rben sajnos 10-20 \u00e9ves elmarad\u00e1sban vagyunk. Igen! \u2013 lehet, s\u0151t bizonyos, hogy polg\u00e1rmester\u00fcnknek igaza van. M\u00e1r \u00f6regek, f\u00e1sultak a k\u00e9pvisel\u0151k \u00e9s a v\u00e1rosunk \u00fajkori alap\u00edt\u00f3i. Nem akartuk, vagy nem voltunk k\u00e9pesek \u00e9szrevenni, hogy a vil\u00e1g (ha nem is fejl\u0151d\u00f6tt, de) nagyot v\u00e1ltozott. \u00c9s a v\u00e1ltoz\u00e1s ig\u00e9nyeket gener\u00e1lt.<br \/>\nAz \u00e9n nagyap\u00e1m m\u00e9g nem tudta \u00e9s nem \u00e9rtette, hogy mi a rock &amp; roll \u00e9rz\u00e9s, \u00e9s ez\u00e9rt el\u00edt\u00e9lte a sz\u00fcleim gener\u00e1ci\u00f3j\u00e1t. \u00c9n m\u00e1r abban a korban \u00e9ltem, amikor a R&amp;R kering\u0151 volt a heavy metal, vagy a punk st\u00edlusokhoz k\u00e9pest. Gyermekem \u00e9s tan\u00edtv\u00e1nyaim pedig naponta gy\u0151zk\u00f6dnek arr\u00f3l, hogy a rap, a hip-hop, a house, a techno \u00e9s hasonl\u00f3 &#8222;zajokra&#8221; a &#8216;zene&#8217; kifejez\u00e9s jogosan haszn\u00e1lhat\u00f3-e, vagy sem. Meg\u00e9rtem \u00e9s elfogadom \u0151ket \u00e9s ig\u00e9nyeiket, m\u00e9g akkor is, ha \u00e9lcel\u0151dve f\u0171z\u00f6k megjegyz\u00e9seket szenved\u00e9lyes v\u00e9dekez\u00e9s\u00fckh\u00f6z. Ahogy nekem a R&amp;B, a R&amp;R \u00e9s a 60&#8242; \u00e9s 70&#8242; \u00e9vek kiv\u00e1l\u00f3 zenei st\u00edlusai \u00e9s el\u0151ad\u00f3ik teremtik meg a meghitt k\u00f6rnyezetet, sz\u00e1mukra az \u00faj st\u00edlusok adj\u00e1k meg ugyan ezt. \u00c9n h\u00e1zibulikban, kerti partikon, pinc\u00e9kben m\u0171k\u00f6d\u0151 ifj\u00fas\u00e1gi klubokban szocializ\u00e1l\u00f3dtam, j\u00f3l elk\u00fcl\u00f6n\u00fclve sz\u00fcleim sz\u00f3rakoz\u00e1st ny\u00fajt\u00f3 tereit\u0151l. Fejhallgat\u00f3t vettem fel, hogy ap\u00e1mat ne ideges\u00edtse a zaj, amely sz\u00e1momra mindig megnyugv\u00e1st adott.<\/p>\n<p>Mi\u00e9rt nem vessz\u00fck \u00e9szre, hogy a ma 10&#8242;, 20&#8242; \u00e9vesei is csak jogos ig\u00e9nyeket fogalmaznak meg, amikor sz\u00f3rakoz\u00e1sukr\u00f3l akarnak gondoskodni? \u00c9vek \u00f3ta h\u00fcly\u00edtj\u00fck \u0151ket azzal, hogy megteremtj\u00fck az extr\u00e9m sportol\u00e1s lehet\u0151s\u00e9g\u00e9t. Mi\u00e9rt nincs erre a c\u00e9lra is 5-10 milli\u00f3nk, amikor minden enn\u00e9l sokkal nagyobb butas\u00e1gra van? Mi\u00e9rt nem tudunk olyan rendez\u00e9si tervet k\u00e9sz\u00edteni, amelyben nem t\u00edz, h\u00fasz \u00e9v m\u00falva, hanem 1-2 \u00e9ven bel\u00fcl megny\u00edlna a lehet\u0151s\u00e9g olyan v\u00e1llalkoz\u00f3i tev\u00e9kenys\u00e9gek folytat\u00e1s\u00e1ra, amelyek egy t\u00e9rben lenn\u00e9nek k\u00e9pesek a mai kornak megfelel\u0151 ig\u00e9nyeket kiel\u00e9g\u00edt\u0151 &#8222;fiatalos&#8221; sz\u00f3rakoz\u00e1st biztos\u00edtani? Egy ilyen k\u00f6rnyezetben azt\u00e1n t\u00e1mogathatn\u00e1nk a v\u00e1llalkoz\u00f3kat azzal, hogy ter\u00fclethasznos\u00edt\u00e1si, ad\u00f3z\u00e1si \u00e9s egy\u00e9b p\u00e9nzpolitikai elj\u00e1r\u00e1ssal seg\u00edtj\u00fck elk\u00e9pzel\u00e9seiket.<\/p>\n<p>\u00c9vek \u00f3ta j\u00e1rok k\u00fcl\u00f6nf\u00e9le orsz\u00e1gok, v\u00e1rosok fiatalok \u00e1ltal l\u00e1togatott sz\u00f3rakoz\u00f3helyeire. Nagyon sok \u00e9rdekes \u00e9s mindenki elv\u00e1r\u00e1sainak megfelel\u0151en m\u0171k\u00f6d\u0151 centrumot, vend\u00e9gl\u00e1t\u00f3- \u00e9s koncerthelyet l\u00e1ttam m\u00e1r, amely mindenki ig\u00e9nyeire megfelel\u0151 v\u00e1laszt adott. A j\u00f3 p\u00e9ld\u00e1k\u00e9rt r\u00e1ad\u00e1sul nem is kell messzire menni. Csak nyitott szemmel kellene j\u00e1rni, \u00e9s akarni kellene a probl\u00e9m\u00e1kat megoldani. Nem pedig h\u00fcly\u00edteni egym\u00e1st \u00e9s mindenki m\u00e1st.<\/p>\n<p>Javaslom, a tisztelt gr\u00e9miumnak (k\u00e9pvisel\u0151k, hivatalnokok, szakemberek), hogy egyszer az \u00e9letben k\u00e9rdezz\u00fck m\u00e1r meg a fiatalokat arr\u00f3l, hogy mit\u0151l \u00e9rezn\u00e9k \u0150K Oroszl\u00e1nyt a maguk\u00e9nak. A sok idi\u00f3ta felm\u00e9r\u00e9s helyett egyszer k\u00e9sz\u00edts\u00fcnk m\u00e1r egy olyat is, ami k\u00e9pes bemutatni az ig\u00e9nyeket, illetve azok kiel\u00e9g\u00edt\u00e9s\u00e9re adhat\u00f3 v\u00e1laszokat. Teremts\u00fck m\u00e1r meg azt a k\u00f6rnyezetet, amelyben a mai kor fiataljai is \u00fagy \u00e9rezhetik, hogy fontos r\u00e9szei telep\u00fcl\u00e9s\u00fcnknek. Szervezz\u00fcnk m\u00e1r olyan f\u00f3rumokat, ahol az \u0151 \u00e9rdekeik ker\u00fclnek napirendre \u00e9s nem az aktu\u00e1lpolitika idiotizmusai. Ahol nem kioktatni, nevelni, szem\u00e9lyes \u00e9rdekek ment\u00e9n befoly\u00e1solni akarjuk \u0151ket, hanem meghallgatni. B\u00e1r azon sem csod\u00e1lkozn\u00e9k, ha figyelemre se m\u00e9ltatn\u00e1nak benn\u00fcnket! V\u00e9g\u00fcl is t\u0151l\u00fcnk mennyi figyelmet kaptak az elm\u00falt 20 \u00e9vben? De hiszem, hogy a k\u00f6z\u00f6ss\u00e9g\u00fcnk fennmarad\u00e1sa \u00e9s szellemi, erk\u00f6lcsi eg\u00e9szs\u00e9g\u00e9nek pozit\u00edv v\u00e1ltoz\u00e1sa megk\u00f6veteli ennek a feladatnak az elv\u00e9gz\u00e9s\u00e9t is. Csak rem\u00e9lni tudom, hogy m\u00e9g \u00e9letemben l\u00e1thatom a v\u00e1ltoz\u00e1s kezdeti jeleit.<\/p>\n<p>S\u00f3lyom J\u00f6ran<br \/>\nsz\u00fcl\u0151, pedag\u00f3gus, szavaz\u00f3<br \/>\noroszl\u00e1nyi<\/p>\n","protected":false},"excerpt":{"rendered":"<p>Unalom\u0171z\u00e9s gyan\u00e1nt n\u00e9zem a &#8222;helyi kir\u00e1lyi TV&#8221; m\u0171sor\u00e1t. Csak kapkodom a fejem, hogy a sok &#8222;jogv\u00e9gzett&#8221;, \u00e9s &#8222;jogtud\u00f3s&#8221; hogyan osztja az \u00e9szt. T\u00e9ma a vend\u00e9gl\u00e1t\u00f3 egys\u00e9gek kontra nyugalomra v\u00e1gy\u00f3 lak\u00f3k. Polg\u00e1rmester, tan\u00e1cseln\u00f6k helyettes, jegyz\u0151 \u00e9s k\u00e9pvisel\u0151k osztj\u00e1k a lapokat egym\u00e1snak, de olyan \u00e9rz\u00e9sem van, mintha s\u00fcketek p\u00e1rbesz\u00e9de zajlana. <a href=\"https:\/\/www.mszporoszlany.hu\/?p=747\">Egy kattint\u00e1s ide a folytat\u00e1shoz&#8230;. <span class=\"meta-nav\">&rarr;<\/span><\/a><\/p>\n","protected":false},"author":35,"featured_media":0,"comment_status":"open","ping_status":"closed","sticky":false,"template":"","format":"standard","meta":{"footnotes":""},"categories":[194],"tags":[287,286,284,278,276,277,285,49,281,282,70,61,283,227,280],"class_list":["post-747","post","type-post","status-publish","format-standard","hentry","category-oroszlany","tag-fejlesztesi-terv","tag-felmeres","tag-fiatalok","tag-hatosag","tag-helyi-kiralyi-tv","tag-hivatal","tag-igeny","tag-jegyzo","tag-jogalkotas","tag-onkormanyzat","tag-polgarmester","tag-szekely-antal","tag-tanacselnok-helyettes","tag-vallalkozas","tag-vallalkozo-barat"],"_links":{"self":[{"href":"https:\/\/www.mszporoszlany.hu\/index.php?rest_route=\/wp\/v2\/posts\/747","targetHints":{"allow":["GET"]}}],"collection":[{"href":"https:\/\/www.mszporoszlany.hu\/index.php?rest_route=\/wp\/v2\/posts"}],"about":[{"href":"https:\/\/www.mszporoszlany.hu\/index.php?rest_route=\/wp\/v2\/types\/post"}],"author":[{"embeddable":true,"href":"https:\/\/www.mszporoszlany.hu\/index.php?rest_route=\/wp\/v2\/users\/35"}],"replies":[{"embeddable":true,"href":"https:\/\/www.mszporoszlany.hu\/index.php?rest_route=%2Fwp%2Fv2%2Fcomments&post=747"}],"version-history":[{"count":0,"href":"https:\/\/www.mszporoszlany.hu\/index.php?rest_route=\/wp\/v2\/posts\/747\/revisions"}],"wp:attachment":[{"href":"https:\/\/www.mszporoszlany.hu\/index.php?rest_route=%2Fwp%2Fv2%2Fmedia&parent=747"}],"wp:term":[{"taxonomy":"category","embeddable":true,"href":"https:\/\/www.mszporoszlany.hu\/index.php?rest_route=%2Fwp%2Fv2%2Fcategories&post=747"},{"taxonomy":"post_tag","embeddable":true,"href":"https:\/\/www.mszporoszlany.hu\/index.php?rest_route=%2Fwp%2Fv2%2Ftags&post=747"}],"curies":[{"name":"wp","href":"https:\/\/api.w.org\/{rel}","templated":true}]}}