{"id":754,"date":"2012-05-03T15:41:06","date_gmt":"2012-05-03T14:41:06","guid":{"rendered":"http:\/\/www.mszporoszlany.hu\/?p=754"},"modified":"2012-05-03T15:45:35","modified_gmt":"2012-05-03T14:45:35","slug":"buncselekmeny-csalas","status":"publish","type":"post","link":"https:\/\/www.mszporoszlany.hu\/?p=754","title":{"rendered":"B\u0171ncselekm\u00e9ny-csal\u00e1s"},"content":{"rendered":"<p><strong>V\u00e1dat emeltek Sziksz\u00f3 polg\u00e1rmestere ellen<\/strong><\/p>\n<p><img loading=\"lazy\" decoding=\"async\" class=\"alignleft size-full wp-image-755\" title=\"Martossy\" src=\"https:\/\/www.mszporoszlany.hu\/wp-content\/uploads\/2012\/05\/Martossy.jpg\" alt=\"\" width=\"200\" height=\"120\" \/>Nagyobb k\u00e1rt okoz\u00f3, \u00fczletszer\u0171en elk\u00f6vetett csal\u00e1s b\u0171ntette \u00e9s m\u00e1s b\u0171ncselekm\u00e9ny miatt emelt v\u00e1dat F\u00fczess\u00e9ri J\u00f3zsef, Sziksz\u00f3 v\u00e1ros f\u00fcggetlen polg\u00e1rmestere ellen a Miskolci V\u00e1rosi \u00dcgy\u00e9szs\u00e9g.<\/p>\n<p><!--more--><\/p>\n<p>Martossy Gy\u00f6rgy, a Borsod-Aba\u00faj-Zempl\u00e9n Megyei F\u0151\u00fcgy\u00e9szs\u00e9g sz\u00f3viv\u0151je szerd\u00e1n arr\u00f3l t\u00e1j\u00e9koztatta az MTI-t, hogy a polg\u00e1rmester az \u00f6nkorm\u00e1nyzat tulajdon\u00e1ban l\u00e9v\u0151 szem\u00e9lyaut\u00f3t hivatalos \u00e9s mag\u00e1n\u00fatjaira is haszn\u00e1lhatta, az \u00f6nkorm\u00e1nyzat havonta 2000-2000 kilom\u00e9ter hivatali c\u00e9l\u00fa, illetve mag\u00e1nc\u00e9l\u00fa haszn\u00e1latot enged\u00e9lyezett a v\u00e1rosvezet\u0151nek, \u00fagy, hogy a mag\u00e1nc\u00e9l\u00fa haszn\u00e1lat k\u00f6lts\u00e9geit a polg\u00e1rmester k\u00f6teles megt\u00e9r\u00edteni az \u00f6nkorm\u00e1nyzatnak.<\/p>\n<p>A v\u00e1dirat szerint 2007-2009-ben a polg\u00e1rmester folyamatosan megt\u00e9vesztette az \u00f6nkorm\u00e1nyzatot a g\u00e9pkocsi haszn\u00e1lat\u00e1val kapcsolatban, a menetlevelekben \u00e9s az \u00fatnyilv\u00e1ntart\u00e1sokban val\u00f3tlan adatokat t\u00fcntetett fel, mag\u00e1nc\u00e9l\u00fa haszn\u00e1latot hivatalos haszn\u00e1latk\u00e9nt tartott nyilv\u00e1n. A megjel\u00f6lt \u00fati c\u00e9lok \u00e9s a tankol\u00e1sok sem egyeztek meg. Mindezzel Sziksz\u00f3 \u00f6nkorm\u00e1nyzat\u00e1nak 963.610 forint k\u00e1rt okozott.<\/p>\n<p>A polg\u00e1rmester tagadja a cselekm\u00e9nyek elk\u00f6vet\u00e9s\u00e9t, a v\u00e1dirat tan\u00favallom\u00e1sokon, okiratokon, hivatalos megkeres\u00e9seken alapul.<\/p>\n<p>B\u0171n\u00f6ss\u00e9g meg\u00e1llap\u00edt\u00e1sa eset\u00e9n a b\u00edr\u00f3s\u00e1g \u00f6t \u00e9vig terjed\u0151 b\u00f6rt\u00f6nb\u00fcntet\u00e9st is kir\u00f3hat; az \u00fcgy\u00e9szs\u00e9g a polg\u00e1rmesterrel szemben felf\u00fcggesztett b\u00f6rt\u00f6n kiszab\u00e1s\u00e1ra tett ind\u00edtv\u00e1nyt. Ha b\u0171n\u00f6ss\u00e9g\u00e9t kimondja a b\u00edr\u00f3s\u00e1g, a polg\u00e1rmester elveszti tiszts\u00e9g\u00e9t &#8211; tette hozz\u00e1 a sz\u00f3viv\u0151.<\/p>\n<p>Miskolc, 2012. m\u00e1jus 2., szerda (MTI)<br \/>\n<a title=\"Forr\u00e1s\" href=\"http:\/\/index.hu\/belfold\/2012\/05\/02\/vademeles_a_szikszoi_polgarmester_ellen\/\" target=\"_blank\">index.hu<\/a><\/p>\n","protected":false},"excerpt":{"rendered":"<p>Nagyobb k\u00e1rt okoz\u00f3, \u00fczletszer\u0171en elk\u00f6vetett csal\u00e1s b\u0171ntette \u00e9s m\u00e1s b\u0171ncselekm\u00e9ny miatt emelt v\u00e1dat F\u00fczess\u00e9ri J\u00f3zsef, Sziksz\u00f3 v\u00e1ros f\u00fcggetlen polg\u00e1rmestere ellen a Miskolci V\u00e1rosi \u00dcgy\u00e9szs\u00e9g. <a href=\"https:\/\/www.mszporoszlany.hu\/?p=754\">Egy kattint\u00e1s ide a folytat\u00e1shoz&#8230;. <span class=\"meta-nav\">&rarr;<\/span><\/a><\/p>\n","protected":false},"author":35,"featured_media":0,"comment_status":"open","ping_status":"closed","sticky":false,"template":"","format":"standard","meta":{"footnotes":""},"categories":[196],"tags":[291,293,292,70,294,295,290],"class_list":["post-754","post","type-post","status-publish","format-standard","hentry","category-magyarorszag","tag-963-610-forint-kar","tag-autohasznalat","tag-bortonbuntetes","tag-polgarmester","tag-szikszo","tag-vademeles","tag-vadirat"],"_links":{"self":[{"href":"https:\/\/www.mszporoszlany.hu\/index.php?rest_route=\/wp\/v2\/posts\/754","targetHints":{"allow":["GET"]}}],"collection":[{"href":"https:\/\/www.mszporoszlany.hu\/index.php?rest_route=\/wp\/v2\/posts"}],"about":[{"href":"https:\/\/www.mszporoszlany.hu\/index.php?rest_route=\/wp\/v2\/types\/post"}],"author":[{"embeddable":true,"href":"https:\/\/www.mszporoszlany.hu\/index.php?rest_route=\/wp\/v2\/users\/35"}],"replies":[{"embeddable":true,"href":"https:\/\/www.mszporoszlany.hu\/index.php?rest_route=%2Fwp%2Fv2%2Fcomments&post=754"}],"version-history":[{"count":0,"href":"https:\/\/www.mszporoszlany.hu\/index.php?rest_route=\/wp\/v2\/posts\/754\/revisions"}],"wp:attachment":[{"href":"https:\/\/www.mszporoszlany.hu\/index.php?rest_route=%2Fwp%2Fv2%2Fmedia&parent=754"}],"wp:term":[{"taxonomy":"category","embeddable":true,"href":"https:\/\/www.mszporoszlany.hu\/index.php?rest_route=%2Fwp%2Fv2%2Fcategories&post=754"},{"taxonomy":"post_tag","embeddable":true,"href":"https:\/\/www.mszporoszlany.hu\/index.php?rest_route=%2Fwp%2Fv2%2Ftags&post=754"}],"curies":[{"name":"wp","href":"https:\/\/api.w.org\/{rel}","templated":true}]}}