{"id":760,"date":"2012-05-03T21:22:39","date_gmt":"2012-05-03T20:22:39","guid":{"rendered":"http:\/\/www.mszporoszlany.hu\/?p=760"},"modified":"2012-05-09T23:35:28","modified_gmt":"2012-05-09T22:35:28","slug":"meghivo","status":"publish","type":"post","link":"https:\/\/www.mszporoszlany.hu\/?p=760","title":{"rendered":"Megh\u00edv\u00f3"},"content":{"rendered":"<p><img loading=\"lazy\" decoding=\"async\" class=\"size-full wp-image-761 alignright\" title=\"EU\" src=\"https:\/\/www.mszporoszlany.hu\/wp-content\/uploads\/2012\/05\/EU.jpg\" alt=\"\" width=\"200\" height=\"120\" \/>Kedves Bar\u00e1tunk!<\/p>\n<p>Szeretettel megh\u00edvunk a Gy\u0151zelem Napja \u00e9s az Eur\u00f3pai Uni\u00f3 Napja alkalm\u00e1b\u00f3l szervezett \u00fcnneps\u00e9g\u00fcnkre.<br \/>\nHelye: <strong>Haraszthegyi H\u0151si Eml\u00e9km\u0171<br \/>\n<\/strong>Ideje: <strong>2012. m\u00e1jus 9. &#8211; 17:00 \u00f3ra.<\/strong><\/p>\n<p>Az \u00fcnneps\u00e9gen besz\u00e9det mond \u00e9s a szervezet nev\u00e9ben koszor\u00faz Sz\u00e9kely Antal az MSZP Oroszl\u00e1nyi Szervezet\u00e9nek eln\u00f6ke. K\u00e9rj\u00fck, hogy aki teheti, ez alkalomb\u00f3l egy-egy sz\u00e1l vir\u00e1got helyezzen el az eml\u00e9km\u0171 talapzat\u00e1n\u00e1l.<\/p>\n<p>Szeretettel v\u00e1runk!<br \/>\nMSZP Oroszl\u00e1nyi Szervezete<\/p>\n","protected":false},"excerpt":{"rendered":"<p>Kedves Bar\u00e1tunk! Szeretettel megh\u00edvunk a Gy\u0151zelem Napja \u00e9s az Eur\u00f3pai Uni\u00f3 Napja alkalm\u00e1b\u00f3l szervezett \u00fcnneps\u00e9g\u00fcnkre. Helye: Haraszthegyi H\u0151si Eml\u00e9km\u0171 Ideje: 2012. m\u00e1jus 9. &#8211; 17:00 \u00f3ra. Az \u00fcnneps\u00e9gen besz\u00e9det mond \u00e9s a szervezet nev\u00e9ben koszor\u00faz Sz\u00e9kely Antal az MSZP Oroszl\u00e1nyi &hellip; <a href=\"https:\/\/www.mszporoszlany.hu\/?p=760\">Egy kattint\u00e1s ide a folytat\u00e1shoz&#8230;. <span class=\"meta-nav\">&rarr;<\/span><\/a><\/p>\n","protected":false},"author":35,"featured_media":0,"comment_status":"closed","ping_status":"closed","sticky":false,"template":"","format":"standard","meta":{"footnotes":""},"categories":[197,194],"tags":[297,296,298,61,299],"class_list":["post-760","post","type-post","status-publish","format-standard","hentry","category-nemzetkozi","category-oroszlany","tag-europai-unio-napja","tag-gyozelem-napja","tag-koszoruzas","tag-szekely-antal","tag-unnepseg"],"_links":{"self":[{"href":"https:\/\/www.mszporoszlany.hu\/index.php?rest_route=\/wp\/v2\/posts\/760","targetHints":{"allow":["GET"]}}],"collection":[{"href":"https:\/\/www.mszporoszlany.hu\/index.php?rest_route=\/wp\/v2\/posts"}],"about":[{"href":"https:\/\/www.mszporoszlany.hu\/index.php?rest_route=\/wp\/v2\/types\/post"}],"author":[{"embeddable":true,"href":"https:\/\/www.mszporoszlany.hu\/index.php?rest_route=\/wp\/v2\/users\/35"}],"replies":[{"embeddable":true,"href":"https:\/\/www.mszporoszlany.hu\/index.php?rest_route=%2Fwp%2Fv2%2Fcomments&post=760"}],"version-history":[{"count":0,"href":"https:\/\/www.mszporoszlany.hu\/index.php?rest_route=\/wp\/v2\/posts\/760\/revisions"}],"wp:attachment":[{"href":"https:\/\/www.mszporoszlany.hu\/index.php?rest_route=%2Fwp%2Fv2%2Fmedia&parent=760"}],"wp:term":[{"taxonomy":"category","embeddable":true,"href":"https:\/\/www.mszporoszlany.hu\/index.php?rest_route=%2Fwp%2Fv2%2Fcategories&post=760"},{"taxonomy":"post_tag","embeddable":true,"href":"https:\/\/www.mszporoszlany.hu\/index.php?rest_route=%2Fwp%2Fv2%2Ftags&post=760"}],"curies":[{"name":"wp","href":"https:\/\/api.w.org\/{rel}","templated":true}]}}