{"id":777,"date":"2012-05-04T06:05:25","date_gmt":"2012-05-04T05:05:25","guid":{"rendered":"http:\/\/www.mszporoszlany.hu\/?p=777"},"modified":"2012-05-04T06:05:25","modified_gmt":"2012-05-04T05:05:25","slug":"fakul-a-narancs-megyenkben","status":"publish","type":"post","link":"https:\/\/www.mszporoszlany.hu\/?p=777","title":{"rendered":"Fakul a narancs megy\u00e9nkben"},"content":{"rendered":"<p><img loading=\"lazy\" decoding=\"async\" class=\"alignleft size-full wp-image-248\" title=\"gyarapodas\" src=\"https:\/\/www.mszporoszlany.hu\/wp-content\/uploads\/2012\/03\/gyarapodas.jpg\" alt=\"\" width=\"200\" height=\"120\" \/>A legut\u00f3bbi orsz\u00e1ggy\u0171l\u00e9si v\u00e1laszt\u00e1sok \u00f3ta az MSZP Kom\u00e1rom-Esztergom megy\u00e9ben, a Jobbik Heves megy\u00e9ben, az LMP Fej\u00e9r megy\u00e9ben n\u00f6velte legink\u00e1bb t\u00e1mogat\u00f3i ar\u00e1ny\u00e1t, m\u00edg a Fidesz-KDNP Hajd\u00fa-Bihar megy\u00e9ben \u0151rizte meg a legnagyobb ar\u00e1nyban h\u00edveit \u2013 der\u00fcl ki a T\u00e1rki p\u00e1rtszimp\u00e1tia-vizsg\u00e1lat\u00e1b\u00f3l, amelyben a tavaly \u00e9v eleje \u00f3ta t\u00f6rt\u00e9nt ter\u00fcleti elmozdul\u00e1sokat t\u00e9rk\u00e9pezt\u00e9k fel \u2013 olvashat\u00f3 a hvg.hu port\u00e1lon.<\/p>\n<p><!--more--><\/p>\n<p>A szocialist\u00e1k t\u00e1mogat\u00f3inak ar\u00e1nya B\u00e1cs-Kiskun megy\u00e9ben volt a legalacsonyabb (4 sz\u00e1zal\u00e9k) az elm\u00falt 15 h\u00f3nap sor\u00e1n. Ez ut\u00f3bbi megy\u00e9ben \u00e9s Vas megy\u00e9ben vesz\u00edtettek n\u00e9pszer\u0171s\u00e9g\u00fckb\u0151l a legt\u00f6bbet, m\u00edg Kom\u00e1rom-Esztergom, Borsodban \u00e9s J\u00e1sz-Nagykun-Szolnok megy\u00e9ben nyert\u00e9k a legt\u00f6bbet.<\/p>\n<p>A teljes anyagot itt <a title=\"T\u00c1RKI jalent\u00e9s\" href=\"http:\/\/hvg.hu\/itthon\/20120503_tarki_jelentes\" target=\"_blank\">olvashatja<\/a>!<\/p>\n<div id=\"attachment_778\" style=\"width: 570px\" class=\"wp-caption aligncenter\"><img loading=\"lazy\" decoding=\"async\" aria-describedby=\"caption-attachment-778\" class=\"size-full wp-image-778\" title=\"TARKI201204\" src=\"https:\/\/www.mszporoszlany.hu\/wp-content\/uploads\/2012\/05\/TARKI201204.jpg\" alt=\"\" width=\"560\" height=\"349\" srcset=\"https:\/\/www.mszporoszlany.hu\/wp-content\/uploads\/2012\/05\/TARKI201204.jpg 560w, https:\/\/www.mszporoszlany.hu\/wp-content\/uploads\/2012\/05\/TARKI201204-320x199.jpg 320w\" sizes=\"auto, (max-width: 560px) 100vw, 560px\" \/><p id=\"caption-attachment-778\" class=\"wp-caption-text\">Az MSZP n\u00e9pszer\u0171s\u00e9g\u00e9nek v\u00e1ltoz\u00e1sa<\/p><\/div>\n","protected":false},"excerpt":{"rendered":"<p>A legut\u00f3bbi orsz\u00e1ggy\u0171l\u00e9si v\u00e1laszt\u00e1sok \u00f3ta az MSZP Kom\u00e1rom-Esztergom megy\u00e9ben, a Jobbik Heves megy\u00e9ben, az LMP Fej\u00e9r megy\u00e9ben n\u00f6velte legink\u00e1bb t\u00e1mogat\u00f3i ar\u00e1ny\u00e1t, m\u00edg a Fidesz-KDNP Hajd\u00fa-Bihar megy\u00e9ben \u0151rizte meg a legnagyobb ar\u00e1nyban h\u00edveit \u2013 der\u00fcl ki a T\u00e1rki p\u00e1rtszimp\u00e1tia-vizsg\u00e1lat\u00e1b\u00f3l, amelyben a tavaly \u00e9v eleje \u00f3ta t\u00f6rt\u00e9nt ter\u00fcleti elmozdul\u00e1sokat t\u00e9rk\u00e9pezt\u00e9k fel \u2013 olvashat\u00f3 a hvg.hu port\u00e1lon. <a href=\"https:\/\/www.mszporoszlany.hu\/?p=777\">Egy kattint\u00e1s ide a folytat\u00e1shoz&#8230;. <span class=\"meta-nav\">&rarr;<\/span><\/a><\/p>\n","protected":false},"author":35,"featured_media":0,"comment_status":"open","ping_status":"closed","sticky":false,"template":"","format":"standard","meta":{"footnotes":""},"categories":[195,196,58],"tags":[301,153,302,300],"class_list":["post-777","post","type-post","status-publish","format-standard","hentry","category-komarom-esztergom-megye","category-magyarorszag","category-mszp","tag-hvg-hu","tag-lmp","tag-szocialistak","tag-tarki"],"_links":{"self":[{"href":"https:\/\/www.mszporoszlany.hu\/index.php?rest_route=\/wp\/v2\/posts\/777","targetHints":{"allow":["GET"]}}],"collection":[{"href":"https:\/\/www.mszporoszlany.hu\/index.php?rest_route=\/wp\/v2\/posts"}],"about":[{"href":"https:\/\/www.mszporoszlany.hu\/index.php?rest_route=\/wp\/v2\/types\/post"}],"author":[{"embeddable":true,"href":"https:\/\/www.mszporoszlany.hu\/index.php?rest_route=\/wp\/v2\/users\/35"}],"replies":[{"embeddable":true,"href":"https:\/\/www.mszporoszlany.hu\/index.php?rest_route=%2Fwp%2Fv2%2Fcomments&post=777"}],"version-history":[{"count":0,"href":"https:\/\/www.mszporoszlany.hu\/index.php?rest_route=\/wp\/v2\/posts\/777\/revisions"}],"wp:attachment":[{"href":"https:\/\/www.mszporoszlany.hu\/index.php?rest_route=%2Fwp%2Fv2%2Fmedia&parent=777"}],"wp:term":[{"taxonomy":"category","embeddable":true,"href":"https:\/\/www.mszporoszlany.hu\/index.php?rest_route=%2Fwp%2Fv2%2Fcategories&post=777"},{"taxonomy":"post_tag","embeddable":true,"href":"https:\/\/www.mszporoszlany.hu\/index.php?rest_route=%2Fwp%2Fv2%2Ftags&post=777"}],"curies":[{"name":"wp","href":"https:\/\/api.w.org\/{rel}","templated":true}]}}