{"id":78,"date":"2012-03-15T10:15:44","date_gmt":"2012-03-15T09:15:44","guid":{"rendered":"http:\/\/www.mszporoszlany.hu\/?p=78"},"modified":"2012-04-06T20:28:04","modified_gmt":"2012-04-06T19:28:04","slug":"marciusi-gondolat","status":"publish","type":"post","link":"https:\/\/www.mszporoszlany.hu\/?p=78","title":{"rendered":"M\u00e1rciusi gondolat"},"content":{"rendered":"<p><em><img loading=\"lazy\" decoding=\"async\" class=\"alignleft size-full wp-image-129\" title=\"szechenyi\" src=\"https:\/\/www.mszporoszlany.hu\/wp-content\/uploads\/2012\/03\/szechenyi.jpg\" alt=\"\" width=\"200\" height=\"120\" \/>\u201eMinden nemzetnek olyan korm\u00e1nya van, amin\u0151t meg\u00e9rdemel. Ha valami okn\u00e1l fogva ostoba, vagy komisz emberek \u00fclnek egy b\u00f6lcs \u00e9s becs\u00fcletes n\u00e9p nyak\u00e1ra, akkor a n\u00e9p azokat a sil\u00e1ny fick\u00f3kat min\u00e9l hamarabb a pokol fenek\u00e9re k\u00fcldi. De ha egy hitv\u00e1ny korm\u00e1ny huzamosan megmarad a hely\u00e9n, akkor bizonyos, hogy a nemzetben van a hiba. Akkor a nemzet aljas vagy m\u0171veletlen.\u201d<\/em><\/p>\n<p>&#8211; Gr\u00f3f Sz\u00e9chenyi Istv\u00e1n &#8211;<\/p>\n","protected":false},"excerpt":{"rendered":"<p>\u201eMinden nemzetnek olyan korm\u00e1nya van, amin\u0151t meg\u00e9rdemel. Ha valami okn\u00e1l fogva ostoba, vagy komisz emberek \u00fclnek egy b\u00f6lcs \u00e9s becs\u00fcletes n\u00e9p nyak\u00e1ra, akkor a n\u00e9p azokat a sil\u00e1ny fick\u00f3kat min\u00e9l hamarabb a pokol fenek\u00e9re k\u00fcldi. De ha egy hitv\u00e1ny korm\u00e1ny &hellip; <a href=\"https:\/\/www.mszporoszlany.hu\/?p=78\">Egy kattint\u00e1s ide a folytat\u00e1shoz&#8230;. <span class=\"meta-nav\">&rarr;<\/span><\/a><\/p>\n","protected":false},"author":35,"featured_media":0,"comment_status":"open","ping_status":"closed","sticky":false,"template":"","format":"standard","meta":{"footnotes":""},"categories":[196],"tags":[15,14,16,13],"class_list":["post-78","post","type-post","status-publish","format-standard","hentry","category-magyarorszag","tag-kormany","tag-nemzet","tag-nep","tag-szechenyi-istvan"],"_links":{"self":[{"href":"https:\/\/www.mszporoszlany.hu\/index.php?rest_route=\/wp\/v2\/posts\/78","targetHints":{"allow":["GET"]}}],"collection":[{"href":"https:\/\/www.mszporoszlany.hu\/index.php?rest_route=\/wp\/v2\/posts"}],"about":[{"href":"https:\/\/www.mszporoszlany.hu\/index.php?rest_route=\/wp\/v2\/types\/post"}],"author":[{"embeddable":true,"href":"https:\/\/www.mszporoszlany.hu\/index.php?rest_route=\/wp\/v2\/users\/35"}],"replies":[{"embeddable":true,"href":"https:\/\/www.mszporoszlany.hu\/index.php?rest_route=%2Fwp%2Fv2%2Fcomments&post=78"}],"version-history":[{"count":0,"href":"https:\/\/www.mszporoszlany.hu\/index.php?rest_route=\/wp\/v2\/posts\/78\/revisions"}],"wp:attachment":[{"href":"https:\/\/www.mszporoszlany.hu\/index.php?rest_route=%2Fwp%2Fv2%2Fmedia&parent=78"}],"wp:term":[{"taxonomy":"category","embeddable":true,"href":"https:\/\/www.mszporoszlany.hu\/index.php?rest_route=%2Fwp%2Fv2%2Fcategories&post=78"},{"taxonomy":"post_tag","embeddable":true,"href":"https:\/\/www.mszporoszlany.hu\/index.php?rest_route=%2Fwp%2Fv2%2Ftags&post=78"}],"curies":[{"name":"wp","href":"https:\/\/api.w.org\/{rel}","templated":true}]}}