{"id":80,"date":"2012-03-16T10:21:34","date_gmt":"2012-03-16T09:21:34","guid":{"rendered":"http:\/\/www.mszporoszlany.hu\/?p=80"},"modified":"2012-07-11T22:30:33","modified_gmt":"2012-07-11T21:30:33","slug":"tiltakozunk-inditunk-visszakozunk","status":"publish","type":"post","link":"https:\/\/www.mszporoszlany.hu\/?p=80","title":{"rendered":"Tiltakozunk, ind\u00edtunk, visszakozunk"},"content":{"rendered":"<p><strong>Tiltakozunk<\/strong><\/p>\n<p><strong><\/strong><img loading=\"lazy\" decoding=\"async\" class=\"alignleft size-full wp-image-131\" title=\"vasut\" src=\"https:\/\/www.mszporoszlany.hu\/wp-content\/uploads\/2012\/03\/vasut.jpg\" alt=\"\" width=\"200\" height=\"120\" \/>Tiltakoz\u00e1sok a vas\u00fati sz\u00e1rnyvonalak megsz\u00fcntet\u00e9se ellen a megy\u00e9ben. Dr. V\u00f6lner P\u00e1l t\u00e1j\u00e9koztatta a megmozdul\u00e1s r\u00e9sztvev\u0151it arr\u00f3l, hogy a k\u00f6zgy\u0171l\u00e9s el\u0151z\u0151 nap elfogadott hat\u00e1rozataiban k\u00e9ri a korm\u00e1nyt, hogy a Kom\u00e1rom-Esztergom \u00e9s Kom\u00e1rom-Sz\u00e9kesfeh\u00e9rv\u00e1r mell\u00e9kvonal megsz\u00fcntet\u00e9s\u00e9t vegye le napirendj\u00e9r\u0151l. K\u00e9ri tov\u00e1bb\u00e1 a megye orsz\u00e1ggy\u0171l\u00e9si k\u00e9pvisel\u0151it, tegyenek meg mindent annak \u00e9rdek\u00e9ben, hogy a k\u00e9t mell\u00e9kvonal megsz\u00fcntet\u00e9se elker\u00fclhet\u0151 legyen.<\/p>\n<p><em>\/fidesz.hu &#8211; 2009.11.11\/<\/em><\/p>\n<p><!--more--><\/p>\n<p><strong>Ind\u00edtunk<\/strong><\/p>\n<p><strong><\/strong>Ny\u00e1ron m\u00e1r elkezdte a vas\u00fati sz\u00e1rnyvonalak \u00fajranyit\u00e1s\u00e1t az \u00faj korm\u00e1ny, december k\u00f6zep\u00e9t\u0151l hat szakaszt helyeznek vissza a forgalomba. Hat, kor\u00e1bban bez\u00e1rt sz\u00e1rnyvonalon indulhat \u00fajra a vas\u00fati k\u00f6zleked\u00e9s december 12-t\u0151l &#8211; jelentette be V\u00f6lner P\u00e1l, a Nemzeti Fejleszt\u00e9si Miniszt\u00e9rium infrastrukt\u00far\u00e1\u00e9rt felel\u0151s \u00e1llamtitk\u00e1ra. Elmondta, hogy a ny\u00e1ron elkezdett sz\u00e1rnyvonal \u00fajranyit\u00e1sok folytat\u00f3dnak, ez\u00e9rt a Feh\u00e9rgyarmat-Zajta, Kocsord-als\u00f3-Csenger, Aba\u00fajsz\u00e1nt\u00f3-Hidasn\u00e9meti, Koml\u00f3-Godisa, B\u00f6rg\u00f6nd-S\u00e1rbog\u00e1rd \u00e9s az Alm\u00e1sf\u00fcz\u00edt\u0151-Esztergom vonalakon, \u00f6sszesen 165 kil\u00f3m\u00e9teren indulhat \u00fajra a vas\u00fati forgalom. Az \u00e1llamtitk\u00e1r hangs\u00falyozta, hogy a korm\u00e1nyzat olyan &#8211; kor\u00e1bban bez\u00e1rt &#8211; vonalakon rendeli meg a szem\u00e9lysz\u00e1ll\u00edt\u00e1s \u00fajraind\u00edt\u00e1s\u00e1t, amelyek m\u0171szakilag alkalmasak a k\u00f6zleked\u00e9sre; az \u00fajranyit\u00e1s nem ig\u00e9nyel \u00fajabb beruh\u00e1z\u00e1st. Hozz\u00e1tette, ezek a l\u00e9p\u00e9sek is kifejezik, hogy a korm\u00e1ny kiemelt c\u00e9lja a vas\u00fatfejleszt\u00e9s.<\/p>\n<p><em>\/hvg.hu &#8211; 2010.09.28\/<\/em><\/p>\n<p><em><\/em><strong>Visszakozunk<\/strong><\/p>\n<p><strong><\/strong>Nyolc-nyolc \u00e9s f\u00e9l sz\u00e1zal\u00e9k k\u00f6r\u00fcli kapacit\u00e1scs\u00f6kkent\u00e9s j\u00f6het \u2013 k\u00f6z\u00f6lte V\u00f6lner P\u00e1l \u00e1llamtitk\u00e1r n\u00e9h\u00e1ny \u00f3r\u00e1val azut\u00e1n, hogy jelent\u0151s j\u00e1ratsz\u0171k\u00edt\u00e9sr\u0151l sz\u00f3l\u00f3, \u00e1ll\u00edt\u00f3lag a fejleszt\u00e9si miniszt\u00e9riumb\u00f3l sz\u00e1rmaz\u00f3 koncepci\u00f3 sziv\u00e1rgott ki. Az \u00e1llamtitk\u00e1r sajt\u00f3t\u00e1j\u00e9koztat\u00f3j\u00e1n elmondta, hogy vonalbez\u00e1r\u00e1sra nem ker\u00fcl sor. Err\u0151l egy\u00e9bk\u00e9nt maga a koncepci\u00f3 sem \u00edr, csup\u00e1n k\u00fcl\u00f6n\u00f6sen nagy m\u00e9rt\u00e9k\u0171 j\u00e1ratsz\u0171k\u00edt\u00e9sekr\u0151l, lenne p\u00e9ld\u00e1ul nem egy olyan vonal, ahol naponta 3-4 vonatp\u00e1r k\u00f6zlekedne. A Sz\u00e9kesfeh\u00e9rv\u00e1r \u00e9s Szombathely k\u00f6zti vonal lehet az egyik legnagyobb vesztes, ott 18 j\u00e1rat sz\u0171nhet meg, Szeged \u00e9s Cegl\u00e9d k\u00f6zt 13, a f\u0151v\u00e1rosb\u00f3l indul\u00f3k k\u00f6z\u00fcl a Budapest-Szolnok-B\u00e9k\u00e9scsaba-L\u0151k\u00f6sh\u00e1za vonalon 12 j\u00e1rat nem indulhat egy h\u00f3nap m\u00falva. Olyan vonal nem lesz, amelyen ne maradn\u00e1nak vonatok, m\u00e9gis, sokkal kevesebb j\u00e1rat lesz az eddigin\u00e9l. Kom\u00e1romr\u00f3l Esztergomba p\u00e9ld\u00e1ul naponta 14 vonat j\u00e1r most, a tervezet szerint ebb\u0151l mind\u00f6ssze kett\u0151 maradna.<\/p>\n<p><em>\/vg. hu &#8211; 2012.03.09\/<\/em><\/p>\n<p><em><\/em><strong>Mostoha sors<\/strong><\/p>\n<p>A mostoha sors\u00fa alm\u00e1sf\u00fcz\u00edt\u0151i vonalat hol bez\u00e1rj\u00e1k, hol ism\u00e9t megnyitj\u00e1k. A nyilv\u00e1noss\u00e1gra ker\u00fclt menetrendi tervezet szerint \u00e1prilist\u00f3l tizenk\u00e9t j\u00e1ratot sz\u00fcntetnek meg, ezzel a minim\u00e1lis n\u00e9gyre reduk\u00e1lva a szolg\u00e1ltat\u00e1st. A szem\u00e9lysz\u00e1ll\u00edt\u00e1s 2009. december 13-t\u00f3l, a 2009\/2010. \u00e9vi menetrendv\u00e1lt\u00e1ssal megsz\u0171nt, \u00e9s 2010. december 12-\u00e9n nyitott\u00e1k meg \u00fajra V\u00f6lner P\u00e1l \u00e9s a k\u00f6rny\u00e9k polg\u00e1rmestereinek jelenl\u00e9t\u00e9ben.<\/p>\n<p><em>\/szeretgom.hu &#8211; 2012.03.09\/<\/em><\/p>\n<p><strong>Egy v\u00e9lem\u00e9ny<\/strong><\/p>\n<p>Aprop\u00f3, K\u00e1d\u00e1r. Az\u00e9rt k\u00edv\u00e1ncsi lenn\u00e9k, mivel vett\u00e9k r\u00e1 V\u00f6lnert arra, hogy \u00e9ppen sz\u0171kebb p\u00e1tri\u00e1j\u00e1ban, Kom\u00e1rom-Esztergom megy\u00e9ben, ahol \u0151 kor\u00e1bban, a megyei k\u00f6zgy\u0171l\u00e9s eln\u00f6kek\u00e9nt a Kom\u00e1rom-Feh\u00e9rv\u00e1r vonal megv\u00e9d\u00e9s\u00e9vel, a b\u0171n\u00f6s, haza\u00e1rul\u00f3 vas\u00fatbez\u00e1r\u00f3k feljelentget\u00e9s\u00e9vel kamp\u00e1nyolva nyert orsz\u00e1ggy\u0171l\u00e9si mand\u00e1tumot&#8230; sz\u00f3val, hogy \u00e9ppen ott b\u2026.n a legnagyobbat a vas\u00faton \u00e9s 12 j\u00e1ratot t\u00f6r\u00f6ltessen a Kom\u00e1rom-Sz\u00e9kesfeh\u00e9rv\u00e1r vonalon&#8230;. Ezt m\u00e9g a leg\u00e1d\u00e1zabb p\u00e1rttitk\u00e1rok lok\u00e1lpatri\u00f3t\u00e1bbjai sem voltak hajland\u00f3ak megtenni annakidej\u00e9n.<\/p>\n<p>A teljes anyag itt <a title=\"V\u00f6lner megkapta...\" href=\"http:\/\/noemisszio.blog.hu\/2012\/03\/13\/volner_megkapta_elete_legszemetebb_melojat\">olvashat\u00f3<\/a>!<\/p>\n","protected":false},"excerpt":{"rendered":"<p>Tiltakozunk Tiltakoz\u00e1sok a vas\u00fati sz\u00e1rnyvonalak megsz\u00fcntet\u00e9se ellen a megy\u00e9ben. Dr. V\u00f6lner P\u00e1l t\u00e1j\u00e9koztatta a megmozdul\u00e1s r\u00e9sztvev\u0151it arr\u00f3l, hogy a k\u00f6zgy\u0171l\u00e9s el\u0151z\u0151 nap elfogadott hat\u00e1rozataiban k\u00e9ri a korm\u00e1nyt, hogy a Kom\u00e1rom-Esztergom \u00e9s Kom\u00e1rom-Sz\u00e9kesfeh\u00e9rv\u00e1r mell\u00e9kvonal megsz\u00fcntet\u00e9s\u00e9t vegye le napirendj\u00e9r\u0151l. K\u00e9ri tov\u00e1bb\u00e1 a &hellip; <a href=\"https:\/\/www.mszporoszlany.hu\/?p=80\">Egy kattint\u00e1s ide a folytat\u00e1shoz&#8230;. <span class=\"meta-nav\">&rarr;<\/span><\/a><\/p>\n","protected":false},"author":35,"featured_media":0,"comment_status":"open","ping_status":"closed","sticky":false,"template":"","format":"standard","meta":{"footnotes":""},"categories":[196],"tags":[6,5,7],"class_list":["post-80","post","type-post","status-publish","format-standard","hentry","category-magyarorszag","tag-szarnyvonal","tag-vasut","tag-volner-pal"],"_links":{"self":[{"href":"https:\/\/www.mszporoszlany.hu\/index.php?rest_route=\/wp\/v2\/posts\/80","targetHints":{"allow":["GET"]}}],"collection":[{"href":"https:\/\/www.mszporoszlany.hu\/index.php?rest_route=\/wp\/v2\/posts"}],"about":[{"href":"https:\/\/www.mszporoszlany.hu\/index.php?rest_route=\/wp\/v2\/types\/post"}],"author":[{"embeddable":true,"href":"https:\/\/www.mszporoszlany.hu\/index.php?rest_route=\/wp\/v2\/users\/35"}],"replies":[{"embeddable":true,"href":"https:\/\/www.mszporoszlany.hu\/index.php?rest_route=%2Fwp%2Fv2%2Fcomments&post=80"}],"version-history":[{"count":0,"href":"https:\/\/www.mszporoszlany.hu\/index.php?rest_route=\/wp\/v2\/posts\/80\/revisions"}],"wp:attachment":[{"href":"https:\/\/www.mszporoszlany.hu\/index.php?rest_route=%2Fwp%2Fv2%2Fmedia&parent=80"}],"wp:term":[{"taxonomy":"category","embeddable":true,"href":"https:\/\/www.mszporoszlany.hu\/index.php?rest_route=%2Fwp%2Fv2%2Fcategories&post=80"},{"taxonomy":"post_tag","embeddable":true,"href":"https:\/\/www.mszporoszlany.hu\/index.php?rest_route=%2Fwp%2Fv2%2Ftags&post=80"}],"curies":[{"name":"wp","href":"https:\/\/api.w.org\/{rel}","templated":true}]}}