{"id":800,"date":"2012-05-09T13:54:12","date_gmt":"2012-05-09T12:54:12","guid":{"rendered":"http:\/\/www.mszporoszlany.hu\/?p=800"},"modified":"2012-05-09T14:01:45","modified_gmt":"2012-05-09T13:01:45","slug":"plazabol-kormanyhivatali-palota","status":"publish","type":"post","link":"https:\/\/www.mszporoszlany.hu\/?p=800","title":{"rendered":"Pl\u00e1z\u00e1b\u00f3l korm\u00e1nyhivatali palota"},"content":{"rendered":"<p><img loading=\"lazy\" decoding=\"async\" class=\"alignleft size-full wp-image-801\" title=\"OmegaPlaza\" src=\"https:\/\/www.mszporoszlany.hu\/wp-content\/uploads\/2012\/05\/OmegaPlaza.jpg\" alt=\"\" width=\"200\" height=\"120\" \/>\u201e2013-t\u00f3l a tatab\u00e1nyai Omega pl\u00e1z\u00e1ban, 11 000 nm<sup>2<\/sup>-en nyitja meg kapuit a megyei korm\u00e1nyhivatal \u00e9s j\u00e1r\u00e1si k\u00f6zpont. \u2013 jelentette be a nyilv\u00e1noss\u00e1gnak Navracsics Tibor miniszter \u00e9s Czunyin\u00e9 dr. Bertalan Judit korm\u00e1nymegb\u00edzott, valamint a tulajdonos BB Zrt k\u00e9pviselet\u00e9ben Kov\u00e1cs Gy\u00f6rgy \u00fcgyvezet\u0151 a korm\u00e1nyzati szervek \u00e9s a Magyar Nemzeti Vagyonkezel\u0151 d\u00f6nt\u00e9s\u00e9t. Ezzel a d\u00f6nt\u00e9ssel v\u00e9gre a k\u00f6z\u00f6ss\u00e9g szolg\u00e1lat\u00e1ba \u00e1llhat az el\u0151z\u0151 korm\u00e1ny kudarcos beruh\u00e1z\u00e1sainak tatab\u00e1nyai szimb\u00f3lum\u00e1v\u00e1 v\u00e1lt, 200 milli\u00f3s vesztes\u00e9get hoz\u00f3, tizenn\u00e9gyezer n\u00e9gyzetm\u00e9teres k\u00f6z\u00f6ss\u00e9gi t\u00e9r \u2013 mondta el Navracsics Tibor, amely mellett busz- \u00e9s vonat\u00e1tsz\u00e1ll\u00f3 is ki\u00e9p\u00fcl. Czunyin\u00e9 dr. Bertalan Judit az integr\u00e1lt k\u00f6zigazgat\u00e1s el\u0151nyeit emelte ki: minden hivatali \u00fcgyet egy helyen, k\u00e9nyelmesen \u00e9s gyorsan el lehet int\u00e9zni.\u201d \u2013 Olvasom v\u00e1rosunk weboldal\u00e1n, s az els\u0151 pillanatban elfog a b\u00fcszkes\u00e9g, hiszen senkinek sem mindegy, milyen k\u00f6r\u00fclm\u00e9nyek k\u00f6z\u00f6tt int\u00e9zheti \u00fcgyeit, s ez m\u00e9g akkor is igaz, ha az oroszl\u00e1nyiakat ez nem \u00e9rinti t\u00fal gyakran k\u00f6zvetlen\u00fcl \u2013 legal\u00e1bb is rem\u00e9nykedj\u00fcnk benne.<\/p>\n<p><!--more--><\/p>\n<p>Azt\u00e1n egyik ismer\u0151s\u00f6m felh\u00edvta a figyelmemet t\u00f6bb m\u00e1s internetes bejegyz\u00e9sre is, s mivel hallgattass\u00e9k meg a m\u00e1sik f\u00e9l is, az al\u00e1bbiakban ezeket is megismertetj\u00fck az olvas\u00f3val:<br \/>\n&#8211; Kov\u00e1cs Gy\u00f6rgy, a Besz\u00e1ll\u00edt\u00f3i Befektet\u0151 Zrt. vez\u00e9rigazgat\u00f3ja azt nyilatkozta az hvg.hu-nak: a t\u00e1rsas\u00e1g n\u00e9gymilli\u00e1rd forint\u00e9rt v\u00e1s\u00e1rolta meg a Magyar Fejleszt\u00e9si Bankt\u00f3l a kor\u00e1bban cs\u0151dbe ment \u00e9s \u00e1llami tulajdonba ker\u00fclt bev\u00e1s\u00e1rl\u00f3k\u00f6zpontot. Az \u00e1talak\u00edt\u00e1s 2,1 milli\u00e1rd forintba ker\u00fcl. T\u00e1j\u00e9koztat\u00e1sa szerint az \u00e9p\u00fcletben megmarad az OTP bankfi\u00f3k, a tervek szerint \u00e9lelmiszer-\u00e1ruh\u00e1zat \u00e9s post\u00e1t is kialak\u00edtanak.\u201d Ezek szerint t\u00f6bb mint 6 milli\u00e1rdba fog ker\u00fclni az ad\u00f3fizet\u0151knek, hogy XXI-ik sz\u00e1zadi megyei korm\u00e1nyhivataluk legyen \u2013 ez az \u00f6sszeg als\u00f3 hangon Oroszl\u00e1ny teljes k\u00f6lts\u00e9gvet\u00e9s\u00e9t \u00e1lln\u00e1 kb. m\u00e1sf\u00e9l \u00e9vig.<\/p>\n<p>Luk\u00e1cs Zolt\u00e1n MSZP-s orsz\u00e1ggy\u0171l\u00e9si k\u00e9pvisel\u0151 nyilatkozata: &#8211; Sokan nem is akart\u00e1k elhinni a h\u00edrt, pedig igaz: a r\u00e9g\u00f3ta szinte \u00fcresen \u00e1ll\u00f3 Omega Pl\u00e1z\u00e1ban k\u00f6zponti korm\u00e1nyhivatalt alak\u00edt ki a Fidesz. Az \u00e9p\u00fclet a jelenlegi \u00e1llapot\u00e1ban egy\u00e1ltal\u00e1n nem alkalmas erre a funkci\u00f3ra, hisz term\u00e9szetes f\u00e9ny szinte alig jut be, \u00e1m ez nem zavarja a d\u00f6nt\u00e9shoz\u00f3kat. A nagy, egybef\u00fcgg\u0151 tereket pedig mesters\u00e9gesen kialak\u00edtott, 1-2 n\u00e9gyzetm\u00e9teres f\u00fclk\u00e9kre fogj\u00e1k osztani, ezekben a sz\u0171k \u201edobozokban\u201d zajlik majd az \u00fcgyint\u00e9z\u00e9s. Luk\u00e1cs Zolt\u00e1n, az MSZP frakci\u00f3vezet\u0151-helyettese szerint ez az embertelen elj\u00e1r\u00e1s h\u0171en kifejezi, mennyire becs\u00fcli a Fidesz a korm\u00e1nyhivatalban dolgoz\u00f3kat \u00e9s az \u00fcgyfeleket. \u2013 Ez a kegyetlen k\u00f6rnyezet mindenkit megvisel, de legink\u00e1bb azok fognak szenvedni, akiknek eg\u00e9sz nap egy ilyen helyen majd dolgozniuk \u2013 jelentette ki a politikus.<\/p>\n<p>R\u00e1ad\u00e1sul mindez irgalmatlanul sokba is ker\u00fcl! K\u00f6zel 3 milli\u00e1rd forintba, amennyib\u0151l Luk\u00e1cs szerint m\u00e1r \u00faj \u00e9p\u00fcleteket szoktak felh\u00fazni a semmib\u0151l. \u2013 Nem csak Tatab\u00e1nya, hanem az eg\u00e9sz orsz\u00e1g szenved a p\u00e9nztelens\u00e9gt\u0151l, s ek\u00f6zben a fidesz urai arra sz\u00f3rnak el milli\u00e1rdokat, hogy egy gipszkarton falakkal sz\u00e9tszabdalt hod\u00e1lyban k\u00ednozzanak hivatalnokokat, \u00fcgyfeleket egyar\u00e1nt, nem t\u00f6r\u0151dve semmivel \u00e9s senkivel \u2013 mondta Luk\u00e1cs Zolt\u00e1n.<\/p>\n<p>Akik pedig megszokt\u00e1k, hogy eddig minden \u00fcgyet elint\u00e9zhettek a v\u00e1rosk\u00f6zpontban, hamarosan buszozhatnak, vagy gyalogolhatnak az Omega Pl\u00e1z\u00e1hoz, ami a vas\u00fat\u00e1llom\u00e1st\u00f3l \u00e9s a k\u00f6zponti buszp\u00e1lyaudvart\u00f3l egyar\u00e1nt messze van&#8230; Ek\u00f6zben a v\u00e1ros t\u00f6bbi int\u00e9zm\u00e9nye szinte fuldoklik a p\u00e9nzhi\u00e1nyt\u00f3l. Sz\u00e1mos b\u00f6lcs\u0151d\u00e9ben gyal\u00e1zatos \u00e1llapotban vannak a ny\u00edl\u00e1sz\u00e1r\u00f3k, \u00e9s a sz\u00fcl\u0151kt\u0151l k\u00e9rik a tiszt\u00e1lkod\u00e1si szereket, valamint a v\u00e9c\u00e9pap\u00edrt. S mindezt \u00fagy, hogy m\u00e1r fizetni is kell \u2013 nem is keveset! \u2013 a b\u00f6lcs\u0151dei ell\u00e1t\u00e1s\u00e9rt. De erre a 3 milli\u00e1rdra van p\u00e9nz&#8230;<\/p>\n<p>Luk\u00e1cs Zolt\u00e1n arra is r\u00e1mutatott: a pocs\u00e9kol\u00e1s sokkal nagyobb 3 milli\u00e1rd forintn\u00e1l, hisz ek\u00f6zben Tatab\u00e1nya k\u00f6zpontja szellemv\u00e1ross\u00e1 v\u00e1lik. Azzal ugyanis, hogy t\u00f6bbek k\u00f6z\u00f6tt az Omega Pl\u00e1z\u00e1ba k\u00f6lt\u00f6zik az okm\u00e1nyiroda, a gy\u00e1m\u00fcgy, az \u00e9p\u00edt\u00e9s\u00fcgy, a szoci\u00e1lis \u00fcgyek oszt\u00e1lya, ki\u00fcr\u00fcl a megyeh\u00e1za, \u00e9s a v\u00e1rosh\u00e1za egyik sz\u00e1rnya is kongani fog az \u00fcress\u00e9gt\u0151l. \u2013 Ezeket a komplett \u00e9p\u00fcletsz\u00e1rnyakat a j\u00f6v\u0151ben is fenn kell majd tartani, s ez szint\u00e9n p\u00e9nzbe ker\u00fcl! \u2013 mondta a politikus. \u2013 T\u00e1n el akarj\u00e1k adni a k\u00e9rd\u00e9ses ingatlanokat? No de kinek? Net\u00e1n most is valami fideszes mutyi \u00e1ll a h\u00e1tt\u00e9rben?<\/p>\n<p>Schmidt Csaba \u00e1ll\u00e1shalmoz\u00f3 polg\u00e1rmestert persze cseppet sem \u00e9rdekli, hogy p\u00e1rtja mire sz\u00f3rja Tatab\u00e1ny\u00e1n a p\u00e9nzt. Sz\u00e1m\u00e1ra csak az a fontos, hogy felvehesse a milli\u00f3s havi javadalmaz\u00e1sait, egy\u00e9bk\u00e9nt meg mondhatja: nem neki kell naponta bej\u00e1rnia a korm\u00e1nypl\u00e1z\u00e1ba. Pedig \u00e9rdemes lenne kitenni a fot\u00f3j\u00e1t a homlokzatra Orb\u00e1n Viktor\u00e9val \u00e9s a hivatalvezet\u0151 Czunyin\u00e9vel egy\u00fctt: hadd l\u00e1ssa mindenki, kiknek k\u00f6sz\u00f6nhetj\u00fck ezt az embertelen pazarl\u00e1st!<\/p>\n","protected":false},"excerpt":{"rendered":"<p>\u201e2013-t\u00f3l a tatab\u00e1nyai Omega pl\u00e1z\u00e1ban, 11 000 nm\u00b2-en nyitja meg kapuit a megyei korm\u00e1nyhivatal \u00e9s j\u00e1r\u00e1si k\u00f6zpont. \u2013 jelentette be a nyilv\u00e1noss\u00e1gnak Navracsics Tibor miniszter \u00e9s Czunyin\u00e9 dr. Bertalan Judit korm\u00e1nymegb\u00edzott, valamint a tulajdonos BB Zrt k\u00e9pviselet\u00e9ben Kov\u00e1cs Gy\u00f6rgy \u00fcgyvezet\u0151 a korm\u00e1nyzati szervek \u00e9s a Magyar Nemzeti Vagyonkezel\u0151 d\u00f6nt\u00e9s\u00e9t. Ezzel a d\u00f6nt\u00e9ssel v\u00e9gre a k\u00f6z\u00f6ss\u00e9g szolg\u00e1lat\u00e1ba \u00e1llhat az el\u0151z\u0151 korm\u00e1ny kudarcos beruh\u00e1z\u00e1sainak tatab\u00e1nyai szimb\u00f3lum\u00e1v\u00e1 v\u00e1lt, 200 milli\u00f3s vesztes\u00e9get hoz\u00f3, tizenn\u00e9gyezer n\u00e9gyzetm\u00e9teres k\u00f6z\u00f6ss\u00e9gi t\u00e9r \u2013 mondta el Navracsics Tibor, amely mellett busz- \u00e9s vonat\u00e1tsz\u00e1ll\u00f3 is ki\u00e9p\u00fcl. Czunyin\u00e9 dr. Bertalan Judit az integr\u00e1lt k\u00f6zigazgat\u00e1s el\u0151nyeit emelte ki: minden hivatali \u00fcgyet egy helyen, k\u00e9nyelmesen \u00e9s gyorsan el lehet int\u00e9zni.\u201d \u2013 Olvasom v\u00e1rosunk weboldal\u00e1n, s az els\u0151 pillanatban elfog a b\u00fcszkes\u00e9g, hiszen senkinek sem mindegy, milyen k\u00f6r\u00fclm\u00e9nyek k\u00f6z\u00f6tt int\u00e9zheti \u00fcgyeit, s ez m\u00e9g akkor is igaz, ha az oroszl\u00e1nyiakat ez nem \u00e9rinti t\u00fal gyakran k\u00f6zvetlen\u00fcl \u2013 legal\u00e1bb is rem\u00e9nykedj\u00fcnk benne. <a href=\"https:\/\/www.mszporoszlany.hu\/?p=800\">Egy kattint\u00e1s ide a folytat\u00e1shoz&#8230;. <span class=\"meta-nav\">&rarr;<\/span><\/a><\/p>\n","protected":false},"author":35,"featured_media":0,"comment_status":"open","ping_status":"closed","sticky":false,"template":"","format":"standard","meta":{"footnotes":""},"categories":[195],"tags":[310,312,316,307,93,314,311,305,308,313,309,304,306,303,317,315],"class_list":["post-800","post","type-post","status-publish","format-standard","hentry","category-komarom-esztergom-megye","tag-200-millios-veszteseg","tag-6-milliard-ft","tag-allashalmozo-polgarmester","tag-bb-zrt","tag-czunyine-dr-bertalan-judit","tag-fideszes-mutyi","tag-integralt-kozigazgatas","tag-jarasi-kozpont","tag-kovacs-gyorgy","tag-lukacs-zoltan","tag-magyar-nemzeti-vagyonkezelo","tag-megyei-kormanyhivatal","tag-navracsics-tibor","tag-omega-plaza","tag-orban-viktor","tag-schmidt-csaba"],"_links":{"self":[{"href":"https:\/\/www.mszporoszlany.hu\/index.php?rest_route=\/wp\/v2\/posts\/800","targetHints":{"allow":["GET"]}}],"collection":[{"href":"https:\/\/www.mszporoszlany.hu\/index.php?rest_route=\/wp\/v2\/posts"}],"about":[{"href":"https:\/\/www.mszporoszlany.hu\/index.php?rest_route=\/wp\/v2\/types\/post"}],"author":[{"embeddable":true,"href":"https:\/\/www.mszporoszlany.hu\/index.php?rest_route=\/wp\/v2\/users\/35"}],"replies":[{"embeddable":true,"href":"https:\/\/www.mszporoszlany.hu\/index.php?rest_route=%2Fwp%2Fv2%2Fcomments&post=800"}],"version-history":[{"count":0,"href":"https:\/\/www.mszporoszlany.hu\/index.php?rest_route=\/wp\/v2\/posts\/800\/revisions"}],"wp:attachment":[{"href":"https:\/\/www.mszporoszlany.hu\/index.php?rest_route=%2Fwp%2Fv2%2Fmedia&parent=800"}],"wp:term":[{"taxonomy":"category","embeddable":true,"href":"https:\/\/www.mszporoszlany.hu\/index.php?rest_route=%2Fwp%2Fv2%2Fcategories&post=800"},{"taxonomy":"post_tag","embeddable":true,"href":"https:\/\/www.mszporoszlany.hu\/index.php?rest_route=%2Fwp%2Fv2%2Ftags&post=800"}],"curies":[{"name":"wp","href":"https:\/\/api.w.org\/{rel}","templated":true}]}}