{"id":808,"date":"2012-05-09T15:44:35","date_gmt":"2012-05-09T14:44:35","guid":{"rendered":"http:\/\/www.mszporoszlany.hu\/?p=808"},"modified":"2012-05-14T22:24:07","modified_gmt":"2012-05-14T21:24:07","slug":"beharangozo","status":"publish","type":"post","link":"https:\/\/www.mszporoszlany.hu\/?p=808","title":{"rendered":"Beharangoz\u00f3!"},"content":{"rendered":"<p><img loading=\"lazy\" decoding=\"async\" class=\"alignleft size-full wp-image-809\" title=\"Eheti\" src=\"https:\/\/www.mszporoszlany.hu\/wp-content\/uploads\/2012\/05\/Eheti.jpg\" alt=\"\" width=\"200\" height=\"120\" \/>Bizony egy ideje csak kapkodjuk a fej\u00fcnket, hogy mik t\u00f6rt\u00e9nnek kis haz\u00e1nkban \u00e9s v\u00e1rosunkban. Oroszl\u00e1nyban Tak\u00e1cs K\u00e1rolyt v\u00e1lasztott\u00e1k polg\u00e1rmesternek, aki el is kezdte ki\u00e9p\u00edteni azt a hatalmi rendszert, ami majd kiszolg\u00e1lja az \u0151 \u00e9s k\u00f6reinek \u00e9rdekeit. L\u00e9trehoztak egy olyan \u00fajs\u00e1got \u00daj K\u00e9thetes n\u00e9ven, mely a kiegyens\u00falyozott t\u00e1j\u00e9koztat\u00e1s helyett a polg\u00e1rmester sz\u00f3cs\u00f6v\u00e9\u00fcl szolg\u00e1l. Lett egy \u00faj telev\u00edzi\u00f3nk is, a V\u00e9rtes TV. Ezeken a csatorn\u00e1kon, amelyek k\u00f6zp\u00e9nzb\u0151l vannak fenntartva, olyan h\u00edreket vagy \u00e1lh\u00edreket k\u00f6z\u00f6lnek a lakoss\u00e1ggal, melyek a polg\u00e1rmesternek \u00e9s udvartart\u00e1s\u00e1nak megfelel\u0151ek. Er\u0151sen szelekt\u00e1lnak, cs\u00fasztatnak, ahogy nekik megfelel!<\/p>\n<p><!--more--><\/p>\n<p>A mi c\u00e9lunk ezzel a kiadv\u00e1nnyal, amelyet a kez\u00e9ben tart, hogy megmutassuk a dolgok m\u00e1sik oldal\u00e1t is. Hogy ne ideol\u00f3gi\u00e1t\u00f3l cs\u00f6p\u00f6g\u0151 h\u00edreket olvasson, hanem t\u00e9nyeket. A t\u00e9nyek alapj\u00e1n pedig d\u00f6ntse el, hogy melyik f\u00e9lnek van igaza. Nem adjuk a sz\u00e1j\u00e1ba a mondatot.<\/p>\n<p>Haladva a korral internetes fel\u00fcleten is megjelent\u00fcnk, \u00edgy ott is el\u00e9rhet minket, \u00e9s t\u00e1j\u00e9koz\u00f3dhat a h\u00edrekr\u0151l. Ha esetleg a mi v\u00e9lem\u00e9ny\u00fcnkkel nem \u00e9rt egyet, ott hozz\u00e1 is sz\u00f3lhat a h\u00edrekhez. Joggal teheti fel a k\u00e9rd\u00e9st, hogy miben k\u00fcl\u00f6nb\u00f6z\u00fcnk a v\u00e1rosban jelenleg megjelen\u0151 m\u00e9di\u00e1t\u00f3l. Els\u0151 k\u00f6rben, \u00e9s ezt b\u00fcszk\u00e9n mondhatjuk, a v\u00e1rosban megjelen\u0151 m\u00e9diumok k\u00f6z\u00fcl n\u00e1lunk a legkevesebb a \u201eTak\u00e1cs K\u00e1roly\u201d n\u00e9v per n\u00e9gyzetcenti mutat\u00f3, \u00e9s a honlapunk sincsen tele poszter m\u00e9ret\u0171 k\u00e9pekkel r\u00f3lunk, ugyanis mi nem a saj\u00e1t arck\u00e9pcsarnokunkat \u00e9s vide\u00f3 t\u00e1runkat m\u0171k\u00f6dtetj\u00fck a neten, hanem a h\u00edreket tartalmaz\u00f3 honlapunkat.<\/p>\n<p>Annak is tudat\u00e1ban vagyunk, hogy olyan nincs, ami mindenkinek tetszik, de tegyen egy pr\u00f3b\u00e1t! Ha t\u00e9nyleg \u00e9rdeklik a v\u00e1ros \u00fcgyei, akkor fel\u00fcd\u00fcl\u00e9s lesz az \u00e1ltalunk \u00f6ssze\u00e1ll\u00edtott t\u00e9nyb\u00e1ny\u00e1t olvasgatni.<\/p>\n<p>Kiadv\u00e1nyunkat keresse a postal\u00e1d\u00e1ban!<br \/>\nKellemes <a title=\"EHeti kiadv\u00e1nyunk\" href=\"\/wp-docs\/EHeti001.pdf\" target=\"_blank\">olvas\u00e1st<\/a>!<\/p>\n","protected":false},"excerpt":{"rendered":"<p>Bizony egy ideje csak kapkodjuk a fej\u00fcnket, hogy mik t\u00f6rt\u00e9nnek kis haz\u00e1nkban \u00e9s v\u00e1rosunkban. Oroszl\u00e1nyban Tak\u00e1cs K\u00e1rolyt v\u00e1lasztott\u00e1k polg\u00e1rmesternek, aki el is kezdte ki\u00e9p\u00edteni azt a hatalmi rendszert, ami majd kiszolg\u00e1lja az \u0151 \u00e9s k\u00f6reinek \u00e9rdekeit. L\u00e9trehoztak egy olyan \u00fajs\u00e1got \u00daj K\u00e9thetes n\u00e9ven, mely a kiegyens\u00falyozott t\u00e1j\u00e9koztat\u00e1s helyett a polg\u00e1rmester sz\u00f3cs\u00f6v\u00e9\u00fcl szolg\u00e1l. Lett egy \u00faj telev\u00edzi\u00f3nk is, a V\u00e9rtes TV. Ezeken a csatorn\u00e1kon, amelyek k\u00f6zp\u00e9nzb\u0151l vannak fenntartva, olyan h\u00edreket vagy \u00e1lh\u00edreket k\u00f6z\u00f6lnek a lakoss\u00e1ggal, melyek a polg\u00e1rmesternek \u00e9s udvartart\u00e1s\u00e1nak megfelel\u0151ek. Er\u0151sen szelekt\u00e1lnak, cs\u00fasztatnak, ahogy nekik megfelel! <a href=\"https:\/\/www.mszporoszlany.hu\/?p=808\">Egy kattint\u00e1s ide a folytat\u00e1shoz&#8230;. <span class=\"meta-nav\">&rarr;<\/span><\/a><\/p>\n","protected":false},"author":35,"featured_media":0,"comment_status":"open","ping_status":"closed","sticky":false,"template":"","format":"standard","meta":{"footnotes":""},"categories":[194],"tags":[319,320,321,105,318],"class_list":["post-808","post","type-post","status-publish","format-standard","hentry","category-oroszlany","tag-alhirek","tag-kozpenz","tag-szelektal","tag-uj-kethetes","tag-vertes-tv"],"_links":{"self":[{"href":"https:\/\/www.mszporoszlany.hu\/index.php?rest_route=\/wp\/v2\/posts\/808","targetHints":{"allow":["GET"]}}],"collection":[{"href":"https:\/\/www.mszporoszlany.hu\/index.php?rest_route=\/wp\/v2\/posts"}],"about":[{"href":"https:\/\/www.mszporoszlany.hu\/index.php?rest_route=\/wp\/v2\/types\/post"}],"author":[{"embeddable":true,"href":"https:\/\/www.mszporoszlany.hu\/index.php?rest_route=\/wp\/v2\/users\/35"}],"replies":[{"embeddable":true,"href":"https:\/\/www.mszporoszlany.hu\/index.php?rest_route=%2Fwp%2Fv2%2Fcomments&post=808"}],"version-history":[{"count":0,"href":"https:\/\/www.mszporoszlany.hu\/index.php?rest_route=\/wp\/v2\/posts\/808\/revisions"}],"wp:attachment":[{"href":"https:\/\/www.mszporoszlany.hu\/index.php?rest_route=%2Fwp%2Fv2%2Fmedia&parent=808"}],"wp:term":[{"taxonomy":"category","embeddable":true,"href":"https:\/\/www.mszporoszlany.hu\/index.php?rest_route=%2Fwp%2Fv2%2Fcategories&post=808"},{"taxonomy":"post_tag","embeddable":true,"href":"https:\/\/www.mszporoszlany.hu\/index.php?rest_route=%2Fwp%2Fv2%2Ftags&post=808"}],"curies":[{"name":"wp","href":"https:\/\/api.w.org\/{rel}","templated":true}]}}