{"id":822,"date":"2012-05-14T22:20:19","date_gmt":"2012-05-14T21:20:19","guid":{"rendered":"http:\/\/www.mszporoszlany.hu\/?p=822"},"modified":"2012-05-15T17:16:28","modified_gmt":"2012-05-15T16:16:28","slug":"masok-mashol","status":"publish","type":"post","link":"https:\/\/www.mszporoszlany.hu\/?p=822","title":{"rendered":"M\u00e1sok, m\u00e1shol"},"content":{"rendered":"<p><img loading=\"lazy\" decoding=\"async\" class=\"alignleft size-full wp-image-823\" title=\"Superb2\" src=\"https:\/\/www.mszporoszlany.hu\/wp-content\/uploads\/2012\/05\/Superb2.jpg\" alt=\"\" width=\"200\" height=\"120\" \/>T\u00f6bbsz\u00f6r foglalkoztunk m\u00e1r Tak\u00e1cs K\u00e1roly utaz\u00e1saival. Nem vagyunk biztosak abban, hogy kiz\u00e1r\u00f3lag a v\u00e1ros \u00e9rdekeit szolg\u00e1lja a napi k\u00f6zel 300 km-es aut\u00f3z\u00e1s. \u00dagy t\u0171nik, hogy m\u00e1s Fideszes polg\u00e1rmesterek fej\u00e9ben is megfogant a gondolat, hogy a szavaz\u00f3k felhatalmaz\u00e1s\u00e1t a saj\u00e1t \u00e9rdekeik megval\u00f3s\u00edt\u00e1s\u00e1ra ford\u00edts\u00e1k. Szerencs\u00e9re sok helyen jogi \u00fatra terelt\u00e9k a dolgot, de egy Fideszes legf\u0151bb \u00fcgy\u00e9sszel, \u00e9s a Sz\u00e1jer feles\u00e9ge \u00e1ltal vezetett b\u00edr\u00f3s\u00e1gokon nem lesz sok es\u00e9lye az igazs\u00e1gnak.<\/p>\n<p><!--more--><br \/>\n2014-ben nem szabad hagyni, hogy ism\u00e9t ezek az emberek poz\u00edci\u00f3ba ker\u00fcljenek. Nem szabad hagyni, hogy tov\u00e1bbra is kizs\u00e1km\u00e1nyolj\u00e1k az ad\u00f3fizet\u0151ket \u00e9s a saj\u00e1t \u00e9rdekeiket el\u0151t\u00e9rbe helyezve a k\u00f6z p\u00e9nz\u00e9n a saj\u00e1t vagyonukat gyarap\u00edts\u00e1k!<\/p>\n<p>Rem\u00e9lj\u00fck, hogy a folyamatban l\u00e9v\u0151 \u00fcgyeknek legal\u00e1bb annyi visszatart\u00f3 hat\u00e1sa lesz, hogy a napi 300 km egy kicsit lecs\u00f6kken!<\/p>\n<p>A gondolatokat \u00e9breszt\u0151 <a title=\"\u00cdgy h\u00fazza le...\" href=\"http:\/\/atv.hu\/cikk\/20120514_dokumentumok_igy_huzza_le_kiskunfelegyhazat_a_fideszes_polgarmester?source=hirkereso \" target=\"_blank\">cikk itt<\/a> tal\u00e1lhat\u00f3!<\/p>\n","protected":false},"excerpt":{"rendered":"<p>T\u00f6bbsz\u00f6r foglalkoztunk m\u00e1r Tak\u00e1cs K\u00e1roly utaz\u00e1saival. Nem vagyunk biztosak abban, hogy kiz\u00e1r\u00f3lag a v\u00e1ros \u00e9rdekeit szolg\u00e1lja a napi k\u00f6zel 300 km-es aut\u00f3z\u00e1s. \u00dagy t\u0171nik, hogy m\u00e1s Fideszes polg\u00e1rmesterek fej\u00e9ben is megfogant a gondolat, hogy a szavaz\u00f3k felhatalmaz\u00e1s\u00e1t a saj\u00e1t \u00e9rdekeik megval\u00f3s\u00edt\u00e1s\u00e1ra ford\u00edts\u00e1k. Szerencs\u00e9re sok helyen jogi \u00fatra terelt\u00e9k a dolgot, de egy Fideszes legf\u0151bb \u00fcgy\u00e9sszel, \u00e9s a Sz\u00e1jer feles\u00e9ge \u00e1ltal vezetett b\u00edr\u00f3s\u00e1gokon nem lesz sok es\u00e9lye az igazs\u00e1gnak. <a href=\"https:\/\/www.mszporoszlany.hu\/?p=822\">Egy kattint\u00e1s ide a folytat\u00e1shoz&#8230;. <span class=\"meta-nav\">&rarr;<\/span><\/a><\/p>\n","protected":false},"author":35,"featured_media":0,"comment_status":"open","ping_status":"closed","sticky":false,"template":"","format":"standard","meta":{"footnotes":""},"categories":[196,194],"tags":[328,327,320,9,329],"class_list":["post-822","post","type-post","status-publish","format-standard","hentry","category-magyarorszag","category-oroszlany","tag-300-kmnap","tag-hivatali-utazas","tag-kozpenz","tag-takacs-karoly","tag-vagyongyarapitas"],"_links":{"self":[{"href":"https:\/\/www.mszporoszlany.hu\/index.php?rest_route=\/wp\/v2\/posts\/822","targetHints":{"allow":["GET"]}}],"collection":[{"href":"https:\/\/www.mszporoszlany.hu\/index.php?rest_route=\/wp\/v2\/posts"}],"about":[{"href":"https:\/\/www.mszporoszlany.hu\/index.php?rest_route=\/wp\/v2\/types\/post"}],"author":[{"embeddable":true,"href":"https:\/\/www.mszporoszlany.hu\/index.php?rest_route=\/wp\/v2\/users\/35"}],"replies":[{"embeddable":true,"href":"https:\/\/www.mszporoszlany.hu\/index.php?rest_route=%2Fwp%2Fv2%2Fcomments&post=822"}],"version-history":[{"count":0,"href":"https:\/\/www.mszporoszlany.hu\/index.php?rest_route=\/wp\/v2\/posts\/822\/revisions"}],"wp:attachment":[{"href":"https:\/\/www.mszporoszlany.hu\/index.php?rest_route=%2Fwp%2Fv2%2Fmedia&parent=822"}],"wp:term":[{"taxonomy":"category","embeddable":true,"href":"https:\/\/www.mszporoszlany.hu\/index.php?rest_route=%2Fwp%2Fv2%2Fcategories&post=822"},{"taxonomy":"post_tag","embeddable":true,"href":"https:\/\/www.mszporoszlany.hu\/index.php?rest_route=%2Fwp%2Fv2%2Ftags&post=822"}],"curies":[{"name":"wp","href":"https:\/\/api.w.org\/{rel}","templated":true}]}}