{"id":828,"date":"2012-05-16T12:06:50","date_gmt":"2012-05-16T11:06:50","guid":{"rendered":"http:\/\/www.mszporoszlany.hu\/?p=828"},"modified":"2012-07-11T22:24:43","modified_gmt":"2012-07-11T21:24:43","slug":"eltitkolt-unnep","status":"publish","type":"post","link":"https:\/\/www.mszporoszlany.hu\/?p=828","title":{"rendered":"Eltitkolt \u00fcnnep"},"content":{"rendered":"<p><img loading=\"lazy\" decoding=\"async\" class=\"alignleft size-full wp-image-829\" title=\"Vday\" src=\"https:\/\/www.mszporoszlany.hu\/wp-content\/uploads\/2012\/05\/Vday.jpg\" alt=\"\" width=\"200\" height=\"120\" \/>Minden \u00fcnnep\u00fcnket pr\u00f3b\u00e1ra tette a t\u00f6rt\u00e9nelem. Volt, amit id\u0151nk\u00e9nt betiltottak, m\u00e1sokat elfelejtettek egy id\u0151re, de akadt olyan is, amit nem tudtak az emberekre er\u0151szakolni.<\/p>\n<p><!--more--><\/p>\n<p>M\u00e1jus 9. kicsit kil\u00f3g ebb\u0151l a sorb\u00f3l. 1945-ben ezen a napon \u00e9rt v\u00e9get a II. vil\u00e1gh\u00e1bor\u00fa Eur\u00f3p\u00e1ban. Ez a nap a fasizmus felett aratott gy\u0151zelem napja, m\u00e1sutt a Gy\u0151zelem Napja. A vil\u00e1gh\u00e1bor\u00fa 60 milli\u00f3 \u00e1ldozat\u00e1ra eml\u00e9keznek.<\/p>\n<p>A Szovjetuni\u00f3 20 milli\u00f3 halottj\u00e1t gy\u00e1szolta. Nek\u00fcnk, magyaroknak is eml\u00e9kezn\u00fcnk kellene a t\u00f6bb, mint f\u00e9lmilli\u00f3 magyar zsid\u00f3 meggyilkol\u00e1s\u00e1ra, a k\u00e9tsz\u00e1zezres sz\u00e1mot is meghalad\u00f3 katonai vesztes\u00e9gre, az orsz\u00e1g lerombol\u00e1s\u00e1ra, kifoszt\u00e1s\u00e1ra. Arra, hogy a dics\u0151s\u00e9gre szomjaz\u00f3 vezet\u0151k m\u00e1sodszor is olyan h\u00e1bor\u00faba vezett\u00e9k az orsz\u00e1got, aminek k\u00f6vetkezt\u00e9ben \u00fajra siker\u00fclt elvesz\u00edten\u00fcnk az igazs\u00e1gtalan trianoni hat\u00e1ron k\u00edv\u00fcl rekedt honfit\u00e1rsainkat, ter\u00fcleteinket.<\/p>\n<p>Tudom, nem k\u00f6nny\u0171 azzal a tudattal \u00e9lni, hogy megint a vesztes oldalon tal\u00e1ltuk magunkat. Nem k\u00f6nny\u0171 szemben\u00e9zni saj\u00e1t t\u00f6rt\u00e9nelm\u00fcnkkel, ami bizony olykor tragikus fordulatokat is vett a rossz, hib\u00e1s d\u00f6nt\u00e9sek, elk\u00e9pzel\u00e9sek, \u00f3cska eszm\u00e9k k\u00f6vet\u00e9se miatt. Tanulhatn\u00e1nk bel\u0151le, mik\u00e9nt tanultak az egym\u00e1ssal \u00e9vsz\u00e1zadokig h\u00e1bor\u00faskod\u00f3 n\u00e9metek \u00e9s franci\u00e1k is. R\u00e1j\u00f6ttek, nem lehet egym\u00e1st legy\u0151zni, csak id\u0151 k\u00e9rd\u00e9se, mikor t\u00f6r fel a szabads\u00e1gv\u00e1gy, mikor lesz \u00fajra szabad egy nemzet. Csak b\u00e9k\u00e9ben lehet egym\u00e1s mellett \u00e9lni. Csak b\u00e9k\u00e9ben \u00e9rdemes. A b\u00e9ke alapja pedig a k\u00f6lcs\u00f6n\u00f6s meg\u00e9rt\u00e9s, egym\u00e1s tiszteletben tart\u00e1sa \u00e9s az egy\u00fcttm\u0171k\u00f6d\u00e9s.<\/p>\n<p>A vil\u00e1gh\u00e1bor\u00fat k\u00f6vet\u0151 hidegh\u00e1bor\u00fa idej\u00e9n, a fenyeget\u0151 \u00fajabb vil\u00e1g\u00e9g\u00e9st megel\u0151zend\u0151 tett javaslatot Robert Schuman francia k\u00fcl\u00fcgyminiszter a legnagyobb sz\u00e9n- \u00e9s ac\u00e9ltermel\u0151 orsz\u00e1gok egy\u00fcttm\u0171k\u00f6d\u00e9s\u00e9re. Ez volt a cs\u00edr\u00e1ja annak az eur\u00f3pai gondolatnak, amib\u0151l kin\u0151tt az Eur\u00f3pai Uni\u00f3 eszm\u00e9je. A javaslat 1950. m\u00e1jus 9-\u00e9n l\u00e1tott vil\u00e1got. \u00c9s erre eml\u00e9keztek az uni\u00f3 vezet\u0151i Mil\u00e1n\u00f3ban 1985-ben, amikor az Eur\u00f3pai Uni\u00f3 napj\u00e1v\u00e1 tett\u00e9k e napot.<br \/>\nEur\u00f3p\u00e1ban minden\u00fctt meg\u00fcnneplik e kett\u0151s \u00fcnnepet. \u00d6sszef\u00fcggenek az esem\u00e9nyek. A fasizmus felett aratott gy\u0151zelem a humanizmus diadala volt a barb\u00e1rs\u00e1g felett. Ez nyitotta meg az utat az egys\u00e9ges Eur\u00f3pa kialakul\u00e1sa el\u0151tt.<\/p>\n<p>Tanultunk-e eleget a m\u00faltb\u00f3l? \u00dagy t\u0171nik, minden koroszt\u00e1ly a saj\u00e1t tapasztalataib\u00f3l akar tanulni. \u00dajra \u00e9lednek az egyszer m\u00e1r katasztr\u00f3f\u00e1t okoz\u00f3 eszm\u00e9k. Sz\u00e1rba sz\u00f6kken a gy\u0171l\u00f6lk\u00f6d\u00e9s, a kirekeszt\u00e9s, vall\u00e1si fanatizmus, a rasszizmus \u00e9s t\u00e1rsai.<\/p>\n<p>Alig van magyar csal\u00e1d, amelyik sors\u00e1t nem t\u00f6rte der\u00e9kba a h\u00e1bor\u00fa. Vannak, akiknek az \u00e9let\u00fck \u00e9rt v\u00e9get, mindenki elpusztult, nagysz\u00fcl\u0151kt\u0151l a csecsem\u0151kig, a t\u00e1borokban haltak meg. M\u00e1sok apjukat, fiaikat vesz\u00edtett\u00e9k el, nem t\u00e9rtek haza a frontr\u00f3l. A kitelep\u00edtett sz\u00e1zezrek h\u00e1zaikat, otthonukat, m\u00faltjukat hagyt\u00e1k ott. A vagyon semmit sem \u00e9rt a vil\u00e1g\u00e9g\u00e9sben, sokszor nyomtalanul t\u0171nt el. Az emberi \u00e9let \u00e9rt\u00e9ke hirtelen semmiv\u00e9 v\u00e1lt, a t\u00fal\u00e9l\u00e9s sokaknak el\u00e9rhetetlen messzes\u00e9gbe ker\u00fclt.<\/p>\n<p>V\u00e9g n\u00e9lk\u00fcl lehetne sorolni a vesztes\u00e9geket. A soha nem p\u00f3tolhat\u00f3kat is.<\/p>\n<p>Mit adunk \u00e1t ut\u00f3dainknak, milyen tanuls\u00e1gokat tan\u00edtunk, ha nem eml\u00e9kez\u00fcnk a m\u00faltra?<\/p>\n<p><img loading=\"lazy\" decoding=\"async\" class=\"alignright  wp-image-831\" title=\"Szobor\" src=\"https:\/\/www.mszporoszlany.hu\/wp-content\/uploads\/2012\/05\/Szobor.jpg\" alt=\"\" width=\"180\" height=\"260\" \/>Oroszl\u00e1nyon mi\u00e9rt nem lehet \u00fcnnep, mi\u00e9rt\u00a0nem lehet az eml\u00e9kez\u00e9s napja m\u00e1jus 9-e? Mi\u00e9rt hallgatunk szem\u00e9rmesen a h\u00e1bor\u00far\u00f3l, mi\u00e9rt nem \u00f6r\u00fclhet\u00fcnk annak, hogy az Eur\u00f3pai Uni\u00f3 tagjai vagyunk? N\u00e9zz\u00fcnk csak k\u00f6r\u00fcl, m\u00e1s telep\u00fcl\u00e9seken mi\u00e9rt lehet \u00fcnnep ez a nap?!<\/p>\n<div>\n<p>A Magyar Ellen\u00e1ll\u00f3k \u00e9s Antifasiszt\u00e1k Sz\u00f6vets\u00e9ge, az MSZP Oroszl\u00e1nyi Szervezete minden \u00e9vben megeml\u00e9kez\u00e9st tart a haraszthegyi felszabadul\u00e1si eml\u00e9km\u0171n\u00e9l. Az id\u00e9n is csak \u0151k k\u00e9pviseltett\u00e9k magukat az esem\u00e9nyen. Sem m\u00e1s p\u00e1rtok, sem egy\u00e9b szervezetek nem vettek r\u00e9szt ezen.<\/p>\n<p>Az \u00e9n csal\u00e1dom \u00e9let\u00e9t is megv\u00e1ltoztatta, megnyomor\u00edtotta a h\u00e1bor\u00fa. \u00c9desany\u00e1m\u00e9knak menek\u00fclni\u00fck kellett Erd\u00e9lyb\u0151l, \u00e9desap\u00e1m az orosz fronton harcolt, fogs\u00e1gba esett. Mindenkinek megv\u00e1ltoztatta az \u00e9let\u00e9t a t\u00f6rt\u00e9nelem. Sorsok, emberi \u00e9letek t\u00f6rtek kett\u00e9. Minden csal\u00e1d \u00e9lete reg\u00e9nyeket t\u00f6lthetne meg neh\u00e9z t\u00f6rt\u00e9netekkel. Nem tehet\u00fcnk \u00fagy, mintha nem tartozna a h\u00e1bor\u00fa csal\u00e1djaink t\u00f6rt\u00e9net\u00e9nek gy\u00f6kereihez. Nem felejthetj\u00fck, mennyire szerett\u00fcnk volna az eur\u00f3pai n\u00e9pek k\u00f6z\u00f6ss\u00e9g\u00e9hez tartozni!<\/p>\n<p>\u00c9s ma? Mindezt elfelejthetj\u00fck? Minden rendben van? Nincs m\u00e1r sz\u00fcks\u00e9g\u00fcnk arra, hogy az \u00e1ldozatokra eml\u00e9kezz\u00fcnk, tisztelegj\u00fcnk el\u0151tt\u00fck? Megk\u00f6sz\u00f6nj\u00fck azoknak, akik v\u00e9gigvezettek benn\u00fcnket az \u00faton, amin eljutottunk az Eur\u00f3pai Uni\u00f3 tags\u00e1g\u00e1ig?<\/p>\n<p>\u201eHistoria est magistra vitae.\u201d (A t\u00f6rt\u00e9nelem az \u00e9let tan\u00edt\u00f3mestere.)<\/p>\n<p>Oroszl\u00e1nyon ez sem \u00edgy van?<\/p>\n<\/div>\n","protected":false},"excerpt":{"rendered":"<p>Minden \u00fcnnep\u00fcnket pr\u00f3b\u00e1ra tette a t\u00f6rt\u00e9nelem. Volt, amit id\u0151nk\u00e9nt betiltottak, m\u00e1sokat elfelejtettek egy id\u0151re, de akadt olyan is, amit nem tudtak az emberekre er\u0151szakolni. <a href=\"https:\/\/www.mszporoszlany.hu\/?p=828\">Egy kattint\u00e1s ide a folytat\u00e1shoz&#8230;. <span class=\"meta-nav\">&rarr;<\/span><\/a><\/p>\n","protected":false},"author":35,"featured_media":0,"comment_status":"open","ping_status":"closed","sticky":false,"template":"","format":"standard","meta":{"footnotes":""},"categories":[196,197,194],"tags":[331,334,296,330,335,336,332,333],"class_list":["post-828","post","type-post","status-publish","format-standard","hentry","category-magyarorszag","category-nemzetkozi","category-oroszlany","tag-europaban","tag-europai-unio","tag-gyozelem-napja","tag-ii-vilaghaboru","tag-magyar-ellenallok-es-antifasisztak-szovetsege","tag-mszp-oroszlanyi-szervezete","tag-robert-schuman","tag-szen-es-aceltermelo-orszagok"],"_links":{"self":[{"href":"https:\/\/www.mszporoszlany.hu\/index.php?rest_route=\/wp\/v2\/posts\/828","targetHints":{"allow":["GET"]}}],"collection":[{"href":"https:\/\/www.mszporoszlany.hu\/index.php?rest_route=\/wp\/v2\/posts"}],"about":[{"href":"https:\/\/www.mszporoszlany.hu\/index.php?rest_route=\/wp\/v2\/types\/post"}],"author":[{"embeddable":true,"href":"https:\/\/www.mszporoszlany.hu\/index.php?rest_route=\/wp\/v2\/users\/35"}],"replies":[{"embeddable":true,"href":"https:\/\/www.mszporoszlany.hu\/index.php?rest_route=%2Fwp%2Fv2%2Fcomments&post=828"}],"version-history":[{"count":0,"href":"https:\/\/www.mszporoszlany.hu\/index.php?rest_route=\/wp\/v2\/posts\/828\/revisions"}],"wp:attachment":[{"href":"https:\/\/www.mszporoszlany.hu\/index.php?rest_route=%2Fwp%2Fv2%2Fmedia&parent=828"}],"wp:term":[{"taxonomy":"category","embeddable":true,"href":"https:\/\/www.mszporoszlany.hu\/index.php?rest_route=%2Fwp%2Fv2%2Fcategories&post=828"},{"taxonomy":"post_tag","embeddable":true,"href":"https:\/\/www.mszporoszlany.hu\/index.php?rest_route=%2Fwp%2Fv2%2Ftags&post=828"}],"curies":[{"name":"wp","href":"https:\/\/api.w.org\/{rel}","templated":true}]}}