{"id":83,"date":"2012-02-15T10:24:24","date_gmt":"2012-02-15T09:24:24","guid":{"rendered":"http:\/\/www.mszporoszlany.hu\/?p=83"},"modified":"2012-04-06T20:28:19","modified_gmt":"2012-04-06T19:28:19","slug":"amok-futas-teljesitmeny","status":"publish","type":"post","link":"https:\/\/www.mszporoszlany.hu\/?p=83","title":{"rendered":"(\u00c1mok)-fut\u00e1s teljes\u00edtm\u00e9ny"},"content":{"rendered":"<p><img loading=\"lazy\" decoding=\"async\" class=\"alignleft size-full wp-image-127\" title=\"superb\" src=\"https:\/\/www.mszporoszlany.hu\/wp-content\/uploads\/2012\/03\/superb.jpg\" alt=\"\" width=\"200\" height=\"120\" \/>\u00d6sszess\u00e9g\u00e9ben 69 ezer kilom\u00e9tert gurult Oroszl\u00e1ny polg\u00e1rmesteri aut\u00f3ja, a Ford Mondeo egy \u00e9v alatt (2011-ben), s volt olyan h\u00f3nap \u2013 szeptember \u2013 amikor Tak\u00e1cs K\u00e1roly k\u00f6zel nyolc \u00e9s f\u00e9lezer kilom\u00e9tert tett meg a v\u00e1ros \u00fcgyeinek int\u00e9z\u00e9se \u00e9rdek\u00e9ben. Ez napi 274 kilom\u00e9teres \u00e1tlag. Mindez mintegy nyolcmilli\u00f3 forintba ker\u00fclt az ad\u00f3fizet\u0151knek, azaz 638 ezer forintba ker\u00fclt havonta \u00e1tlagosan a telep\u00fcl\u00e9s hivatalos \u00fcgyeinek aut\u00f3val val\u00f3 int\u00e9z\u00e9se.<\/p>\n<p><!--more--><\/p>\n<p>Hogy mindez sok, vagy kev\u00e9s, azt d\u00f6ntse el az olvas\u00f3, mi mindenesetre \u00f6sszehasonl\u00edtottuk a megyei k\u00f6zgy\u0171l\u00e9si eln\u00f6knek \u00e9s helyetteseinek az aut\u00f3haszn\u00e1lat\u00e1val. 2011-ben Popovics Gy\u00f6rgy k\u00f6zgy\u0171l\u00e9si eln\u00f6k \u00e9s k\u00e9t helyettese h\u00e1rom aut\u00f3val bonyol\u00edtott\u00e1k hivatali \u00fcgyeiket. A h\u00e1rom politikus 81.322 kilom\u00e9tert tett meg a 12 h\u00f3nap alatt, s az aut\u00f3k k\u00f6lts\u00e9ge a g\u00e9pj\u00e1rm\u0171 nyilv\u00e1ntart\u00e1sok szerint nem \u00e9rte el a 3,5 milli\u00f3 forintot (3,44 milli\u00f3). A megyei politikusok egy kiv\u00e9tel\u00e9vel maguk vezetik g\u00e9pj\u00e1rm\u0171veiket, amivel igencsak sokat sp\u00f3rolnak, hiszen a sof\u0151r alkalmaz\u00e1s\u00e1nak is vannak k\u00f6lts\u00e9gei \u2013 nem is kev\u00e9s. 2011-ben ez 4,5 milli\u00f3 forintba ker\u00fclt az oroszl\u00e1nyi ad\u00f3fizet\u0151knek. H\u00e9tk\u00f6znaponk\u00e9nt 850 Ft+\u00c1FA, m\u00edg \u00fcnnepnapokon 1700 Ft+\u00c1FA a fuvaros \u00f3rad\u00edja, s mivel az \u00e9v folyam\u00e1n k\u00f6zel n\u00e9gyezer \u00f3ra szolg\u00e1latot l\u00e1tott el (az \u00e9v 365 napj\u00e1ra vet\u00edtve napi 10,8 \u00f3r\u00e1t) k\u00f6nnyen bel\u00e1that\u00f3, hogy kij\u00f6n az a n\u00e9gy \u00e9s f\u00e9lmilli\u00f3.<\/p>\n<p>Persze nem csoda, hogy Tak\u00e1cs K\u00e1roly a k\u00f6zelj\u00f6v\u0151ben lecser\u00e9li az imm\u00e1r 3 \u00e9ves aut\u00f3t, amiben m\u00e9g csak 120 ezer kilom\u00e9ter van. A kiszemelt \u00faj Skoda Superb \u00e1ra k\u00f6zel nyolcmilli\u00f3 forint!<\/p>\n","protected":false},"excerpt":{"rendered":"<p>\u00d6sszess\u00e9g\u00e9ben 69 ezer kilom\u00e9tert gurult Oroszl\u00e1ny polg\u00e1rmesteri aut\u00f3ja, a Ford Mondeo egy \u00e9v alatt (2011-ben), s volt olyan h\u00f3nap \u2013 szeptember \u2013 amikor Tak\u00e1cs K\u00e1roly k\u00f6zel nyolc \u00e9s f\u00e9lezer kilom\u00e9tert tett meg a v\u00e1ros \u00fcgyeinek int\u00e9z\u00e9se \u00e9rdek\u00e9ben. Ez napi 274 &hellip; <a href=\"https:\/\/www.mszporoszlany.hu\/?p=83\">Egy kattint\u00e1s ide a folytat\u00e1shoz&#8230;. <span class=\"meta-nav\">&rarr;<\/span><\/a><\/p>\n","protected":false},"author":35,"featured_media":0,"comment_status":"open","ping_status":"closed","sticky":false,"template":"","format":"standard","meta":{"footnotes":""},"categories":[194],"tags":[12,11,9,10],"class_list":["post-83","post","type-post","status-publish","format-standard","hentry","category-oroszlany","tag-polgarmesteri-auto","tag-super-b","tag-takacs-karoly","tag-utazo-polgarmester"],"_links":{"self":[{"href":"https:\/\/www.mszporoszlany.hu\/index.php?rest_route=\/wp\/v2\/posts\/83","targetHints":{"allow":["GET"]}}],"collection":[{"href":"https:\/\/www.mszporoszlany.hu\/index.php?rest_route=\/wp\/v2\/posts"}],"about":[{"href":"https:\/\/www.mszporoszlany.hu\/index.php?rest_route=\/wp\/v2\/types\/post"}],"author":[{"embeddable":true,"href":"https:\/\/www.mszporoszlany.hu\/index.php?rest_route=\/wp\/v2\/users\/35"}],"replies":[{"embeddable":true,"href":"https:\/\/www.mszporoszlany.hu\/index.php?rest_route=%2Fwp%2Fv2%2Fcomments&post=83"}],"version-history":[{"count":0,"href":"https:\/\/www.mszporoszlany.hu\/index.php?rest_route=\/wp\/v2\/posts\/83\/revisions"}],"wp:attachment":[{"href":"https:\/\/www.mszporoszlany.hu\/index.php?rest_route=%2Fwp%2Fv2%2Fmedia&parent=83"}],"wp:term":[{"taxonomy":"category","embeddable":true,"href":"https:\/\/www.mszporoszlany.hu\/index.php?rest_route=%2Fwp%2Fv2%2Fcategories&post=83"},{"taxonomy":"post_tag","embeddable":true,"href":"https:\/\/www.mszporoszlany.hu\/index.php?rest_route=%2Fwp%2Fv2%2Ftags&post=83"}],"curies":[{"name":"wp","href":"https:\/\/api.w.org\/{rel}","templated":true}]}}