{"id":837,"date":"2012-05-20T10:47:05","date_gmt":"2012-05-20T09:47:05","guid":{"rendered":"http:\/\/www.mszporoszlany.hu\/?p=837"},"modified":"2012-05-21T06:44:57","modified_gmt":"2012-05-21T05:44:57","slug":"bunosok-vagyunk-mi","status":"publish","type":"post","link":"https:\/\/www.mszporoszlany.hu\/?p=837","title":{"rendered":"B\u0171n\u00f6s\u00f6k vagyunk mi"},"content":{"rendered":"<p><img loading=\"lazy\" decoding=\"async\" class=\"alignleft size-full wp-image-838\" title=\"Koldus\" src=\"https:\/\/www.mszporoszlany.hu\/wp-content\/uploads\/2012\/05\/Koldus.jpg\" alt=\"\" width=\"200\" height=\"120\" \/><em>B\u0171n\u00f6s\u00f6k vagyunk mi, s tudjuk miben v\u00e9tkezt\u00fcnk<\/em> \u2013 jutott kicsit \u00e1tk\u00f6ltve eszembe a Radn\u00f3ti vers, amikor minap tal\u00e1lkoztam egyik pedag\u00f3gus koll\u00e9g\u00e1mmal. \u00c9vtizedeket t\u00f6lt\u00f6tt a p\u00e1ly\u00e1n, gyermekek sz\u00e1zait oktatta, nevelte, azt\u00e1n megt\u00e1madta a s\u00falyos k\u00f3r, melynek lesz\u00e1zal\u00e9kol\u00e1s lett az eredm\u00e9nye, s az a bizonyos rokkantnyugd\u00edj. Az, amit most oly sokakt\u00f3l egyszer\u0171en elvettek, persze demokratikus k\u00f6nt\u00f6sbe \u00f6lt\u00f6ztetve.<\/p>\n<p><!--more--><\/p>\n<p>Mint az k\u00f6ztudott, k\u00e9tsz\u00e1zezer beh\u00edv\u00f3t post\u00e1zott az Orsz\u00e1gos Nyugd\u00edjbiztos\u00edt\u00e1si F\u0151igazgat\u00f3s\u00e1g (ONYF), \u00e9s ebb\u0151l t\u00edzezer rokkantnyugd\u00edjas nem jelentkezett a k\u00f6telez\u0151 fel\u00fclvizsg\u00e1latra m\u00e1rcius 31-\u00e9ig. Ez azt jelenti, hogy volt ebben is sum\u00e1ks\u00e1g rendesen. \u00c9s ahogy az m\u00e1r kis haz\u00e1nkban lenni szokott, a f\u00fcrd\u0151v\u00edzzel egy\u00fctt ment a gyerek is. Ezreknek nem hosszabb\u00edtotta meg az orvosi bizotts\u00e1g a j\u00e1rand\u00f3s\u00e1got. Persze lehet menni jogorvoslat\u00e9rt a b\u00edr\u00f3s\u00e1gra, \u00e9s 2-3 \u00e9v m\u00falva \u00edt\u00e9let is sz\u00fclethet. Addig?<\/p>\n<p>Pedag\u00f3gus ismer\u0151s\u00f6m 27 ezer forintb\u00f3l tengeti napjait havonta, s ebben az esetben tal\u00e1n a tengeti sz\u00f3 is t\u00falz\u00e1s. Ennyit kap, s mivel egyed\u00fcl\u00e1ll\u00f3, semmilyen m\u00e1s j\u00f6vedelemre nem sz\u00e1m\u00edthat. Hi\u00e1ba j\u00e1rta v\u00e9gig a v\u00e1ros iskol\u00e1it, hi\u00e1ba mes\u00e9lte el mindenhol elkeser\u00edt\u0151 sors\u00e1t, egyetlen ember nem volt, aki ak\u00e1r csak a lehet\u0151s\u00e9g\u00e9t is megvizsg\u00e1lta volna a seg\u00edts\u00e9gny\u00fajt\u00e1snak, vagy csak ak\u00e1r egy eb\u00e9ddel megk\u00edn\u00e1lta volna.<\/p>\n<p>Itt tartunk ma, a XXI. sz\u00e1zadban, s most hagyjuk azt a korm\u00e1nyzati arroganci\u00e1t \u00e9s esztelen tombol\u00e1st, amit nap, mint nap mindenki tapasztalhat. Csak \u00e1lljunk meg egy pillanatra, \u00e9s n\u00e9zz\u00fcnk sz\u00e9t itt kis haz\u00e1nkban, s gondolkodjunk el. Mert <em>hisz b\u0171n\u00f6s\u00f6k vagyunk mi, s tudjuk miben v\u00e9tkezt\u00fcnk, mikor hol \u00e9s mik\u00e9p<\/em>?<\/p>\n","protected":false},"excerpt":{"rendered":"<p>B\u0171n\u00f6s\u00f6k vagyunk mi, s tudjuk miben v\u00e9tkezt\u00fcnk \u2013 jutott kicsit \u00e1tk\u00f6ltve eszembe a Radn\u00f3ti vers, amikor minap tal\u00e1lkoztam egyik pedag\u00f3gus koll\u00e9g\u00e1mmal. \u00c9vtizedeket t\u00f6lt\u00f6tt a p\u00e1ly\u00e1n, gyermekek sz\u00e1zait oktatta, nevelte, azt\u00e1n megt\u00e1madta a s\u00falyos k\u00f3r, melynek lesz\u00e1zal\u00e9kol\u00e1s lett az eredm\u00e9nye, s az a bizonyos rokkantnyugd\u00edj. Az, amit most oly sokakt\u00f3l egyszer\u0171en elvettek, persze demokratikus k\u00f6nt\u00f6sbe \u00f6lt\u00f6ztetve. <a href=\"https:\/\/www.mszporoszlany.hu\/?p=837\">Egy kattint\u00e1s ide a folytat\u00e1shoz&#8230;. <span class=\"meta-nav\">&rarr;<\/span><\/a><\/p>\n","protected":false},"author":35,"featured_media":0,"comment_status":"open","ping_status":"closed","sticky":false,"template":"","format":"standard","meta":{"footnotes":""},"categories":[196,194],"tags":[340,341,339,337,338,342,128,343],"class_list":["post-837","post","type-post","status-publish","format-standard","hentry","category-magyarorszag","category-oroszlany","tag-birosag","tag-itelet","tag-jogorvoslat","tag-orszagos-nyugdijbiztositasi-foigazgatosag","tag-orvosi-bizottsag","tag-pedagogus","tag-rokkantnyugdij","tag-vetkeztunk"],"_links":{"self":[{"href":"https:\/\/www.mszporoszlany.hu\/index.php?rest_route=\/wp\/v2\/posts\/837","targetHints":{"allow":["GET"]}}],"collection":[{"href":"https:\/\/www.mszporoszlany.hu\/index.php?rest_route=\/wp\/v2\/posts"}],"about":[{"href":"https:\/\/www.mszporoszlany.hu\/index.php?rest_route=\/wp\/v2\/types\/post"}],"author":[{"embeddable":true,"href":"https:\/\/www.mszporoszlany.hu\/index.php?rest_route=\/wp\/v2\/users\/35"}],"replies":[{"embeddable":true,"href":"https:\/\/www.mszporoszlany.hu\/index.php?rest_route=%2Fwp%2Fv2%2Fcomments&post=837"}],"version-history":[{"count":0,"href":"https:\/\/www.mszporoszlany.hu\/index.php?rest_route=\/wp\/v2\/posts\/837\/revisions"}],"wp:attachment":[{"href":"https:\/\/www.mszporoszlany.hu\/index.php?rest_route=%2Fwp%2Fv2%2Fmedia&parent=837"}],"wp:term":[{"taxonomy":"category","embeddable":true,"href":"https:\/\/www.mszporoszlany.hu\/index.php?rest_route=%2Fwp%2Fv2%2Fcategories&post=837"},{"taxonomy":"post_tag","embeddable":true,"href":"https:\/\/www.mszporoszlany.hu\/index.php?rest_route=%2Fwp%2Fv2%2Ftags&post=837"}],"curies":[{"name":"wp","href":"https:\/\/api.w.org\/{rel}","templated":true}]}}