{"id":849,"date":"2012-05-29T15:25:08","date_gmt":"2012-05-29T14:25:08","guid":{"rendered":"http:\/\/www.mszporoszlany.hu\/?p=849"},"modified":"2012-07-11T22:23:52","modified_gmt":"2012-07-11T21:23:52","slug":"fortelyos-felelem","status":"publish","type":"post","link":"https:\/\/www.mszporoszlany.hu\/?p=849","title":{"rendered":"Fort\u00e9lyos f\u00e9lelem\u2026"},"content":{"rendered":"<p><img loading=\"lazy\" decoding=\"async\" class=\"alignleft size-full wp-image-850\" title=\"Besugo\" src=\"https:\/\/www.mszporoszlany.hu\/wp-content\/uploads\/2012\/05\/Besugo.jpg\" alt=\"\" width=\"200\" height=\"120\" \/>Ezt sem hittem volna! \u2013 b\u00e1r sokan mondt\u00e1k, hogy roppant m\u00f3don naiv vagyok. No persze, ha \u201ea zembernek\u201d olyan f\u00e9lresiker\u00fclt a neveltet\u00e9se, hogy a bizalom, a tisztess\u00e9g, a h\u0171s\u00e9g \u00e9s a hit ker\u00fclnek benne t\u00fals\u00falyba, akkor k\u00f6nnyen v\u00e1lik m\u00e1sok szem\u00e9ben naivv\u00e1! \u00c9n egyszer\u0171en csak a \u201ehitelesen\u201d, illetve a \u201em\u00e1snak nem \u00e1rtva\u201d jelz\u0151ket szoktam magamra ragasztgatni, ha naivs\u00e1gomat magyar\u00e1znom kell.<\/p>\n<p><!--more--><\/p>\n<p>No meg persze ez\u00e9rt nem dobozba n\u0151 fel \u201ea zember\u201d, \u00edgy hall ezt, meg azt. S\u0151t tanulm\u00e1nyaib\u00f3l is fel-felsejlenek korok, amelyben \u201ea zember\u201d \u201ezembernek\u201d farkasa, \u00e9s van olyan, hogy csak a fort\u00e9lyos f\u00e9lelem igazgatja cselekedeteinket. De &#8211; \u00e9n legal\u00e1bbis \u2013 mindig hisz abban, hogy \u201ea zember\u201d tanult a m\u00faltb\u00f3l, f\u0151leg ha a hib\u00e1k eredm\u00e9nyek\u00e9nt milli\u00f3k vallottak k\u00e1rt. Azonban sajnos t\u00f6bbnyire kedves bar\u00e1tomnak van igaza, az ember nem fejl\u0151dik, csak v\u00e1ltozik. A fejl\u0151d\u00e9s felt\u00e9telezn\u00e9, hogy a sz\u00f6rny\u0171s\u00e9gek t\u00f6bb\u00e9 nem lesznek a mindennapok r\u00e9szei, hogy a fort\u00e9lyos f\u00e9lelem megmarad a m\u00faltban. De sajnos nem! \u00c9s \u00e9n, mint ahogy kezdtem is, ism\u00e9t naivan n\u00e9zhetek \u00f6nmagam el\u00e9.<\/p>\n<p>A minap egy olyan koll\u00e9g\u00e1mt\u00f3l kaptam levelet, akivel tal\u00e1n mag\u00e1njelleg\u0171 dolgokban m\u00e9g sz\u00f3ban sem cser\u00e9lt\u00fcnk gondolatokat, nem hogy \u00edr\u00e1sban. De egyszer ennek is el kellett j\u00f6nnie, \u00edgy h\u00e1t most d\u00f6bbenettel olvasom level\u00e9t. Megd\u00f6bbent kifakad\u00e1sa, hogy k\u00f6zszolg\u00e1k f\u00fcl\u00fcket-farkukat beh\u00fazva v\u00e9gzik len\u00e9zett, gyakran vazallusok \u00e1ltal becsm\u00e9relt munk\u00e1jukat. Hogy a hatalom arcpir\u00edt\u00f3 szenvtelens\u00e9ggel gyal\u00e1zza meg \u0151ket saj\u00e1t kis \u201eszem\u00e9tdombjukon\u201d. Hogy \u00e1ldozatos munk\u00e1juknak m\u00e9g a kegyelmes \u00far\u00e9k asztal\u00e1r\u00f3l lehull\u00f3 marad\u00e9k sem lehet elismer\u00e9se. Hogy csak \u00fcvegfalakon \u00e9s r\u00e1csokon kereszt\u00fcl \u00e9ltethetik azt, ami sz\u00e1mukra soha sem lesz \u00e9lhet\u0151 val\u00f3. Hogy a kollegialit\u00e1s bizalm\u00e1t, az \u00e1rul\u00e1s bizalmatlans\u00e1ga v\u00e1ltja fel. \u00c9s mindezt a XXI sz\u00e1zadban, Eur\u00f3p\u00e1ban vagyunk k\u00e9nytelenek nap, mint nap megtapasztalni!<\/p>\n<p>T\u00f6bbsz\u00f6r gondoltam m\u00e1r arra, hogy a hatalom szenvtelen, gyal\u00e1zatos \u00e9s minden hagyom\u00e1nyt \u00e9s \u00e9rt\u00e9ket romba tasz\u00edt\u00f3 volt\u00e1val kapcsolatosan k\u00f6zz\u00e9teszem egyszer gondolataimat, de koll\u00e9g\u00e1m megel\u0151z\u00f6tt. \u00cdgy tervezett hosszabb l\u00e9legzetv\u00e9tel\u0171 \u00edr\u00e1som helyett \u00e1lljanak most itt az \u0151 sorai, amelyeket a k\u00f6zelm\u00falt esem\u00e9nyei, valamint szervezet\u00fcnk internetes oldalain kibontakoz\u00f3 kor\u00e1bbi vita a B\u00e9kemenetr\u0151l (ahogy kolleg\u00e1m aposztrof\u00e1lja B\u00e9kamenet) inspir\u00e1lta. \u0150szinte aj\u00e1nl\u00e1ssal adott most k\u00f6zre az \u0151 gondolatait.<\/p>\n<p style=\"padding-left: 30px;\"><em>Tisztelt Polg\u00e1rmester \u00dar!<\/em><\/p>\n<p style=\"padding-left: 30px;\"><em>B\u00e1r m\u00e1ra a tisztelt sz\u00f3t csak az illend\u0151s\u00e9g kedv\u00e9\u00e9rt tudom le\u00edrni a bejegyz\u00e9sem elej\u00e9re. Az \u00d6n t\u00e9nyked\u00e9se a mag\u00e1t Fidesz frakci\u00f3nak nevez\u0151 gy\u00fclekezettel egy\u00fctt gyomorforgat\u00f3 \u00e9s felh\u00e1bor\u00edt\u00f3.<\/em><\/p>\n<p style=\"padding-left: 30px;\"><em>Ha m\u00e1r a \u201eb\u00e9kameneten\u201d val\u00f3 r\u00e9szv\u00e9tele sz\u00f3ba j\u00f6tt ezen az oldalon, lenne hozz\u00e1 n\u00e9h\u00e1ny megjegyz\u00e9sem.<\/em><\/p>\n<p style=\"padding-left: 30px;\"><em>Szerintem j\u00f3 \u00e9rz\u00e9s\u0171 ember nem viszi a kiskor\u00fa gyermekeit egy ilyen t\u00fcntet\u00e9sre kir\u00e1ndulni. Kir\u00e1ndul\u00e1st a term\u00e9szetbe, sz\u00ednh\u00e1zba, moziba \u00e9s minden m\u00e1s helyre szoktak szervezni, de t\u00fcntet\u00e9sre nem. Olyan t\u00fcntet\u00e9sre vagy felvonul\u00e1sra meg pl\u00e1ne nem, amely B. Zsolt \u00e9s B. Andr\u00e1s szervez\u00e9s\u00e9ben zajlik. Ezen \u201eemberek\u201d kijelent\u00e9sei \u00e9s megsz\u00f3lal\u00e1sai ny\u00edltan usz\u00edt\u00f3ak \u00e9s antiszemit\u00e1k. J\u00f3\u00e9rz\u00e9s\u0171 ember ilyet nem tesz.<\/em><\/p>\n<p style=\"padding-left: 30px;\"><em>De ha m\u00e1r ott voltak a gyerekek, mert \u00f6nnek ilyen ingerenci\u00e1ja volt, vagy nekik az m\u00e1r mindegy (furcsa egy \u00edzl\u00e9s\u00fck van, az biztos), nem lehetett volna esetleg egy apr\u00f3 z\u00e1szl\u00f3csk\u00e1t a kez\u00fckbe adni amin p\u00e9ld\u00e1ul ez \u00e1llhatott volna: K\u00f6sz\u00f6nj\u00fck az iskola-fel\u00faj\u00edt\u00e1st! K\u00f6sz\u00f6nj\u00fck a tanul\u00f3i laptopokat! K\u00f6sz\u00f6nj\u00fck az interakt\u00edv t\u00e1bl\u00e1kat! K\u00f6sz\u00f6nj\u00fck, hogy a tan\u00e1rainkat tov\u00e1bb k\u00e9pezte az el\u0151z\u0151 korm\u00e1ny \u00f6tlet\u00e9re az EU!<\/em><\/p>\n<p style=\"padding-left: 30px;\"><em>Ezek ut\u00e1n ak\u00e1r a \u201enem lesz\u00fcnk gyarmat\u201d ki\u00e1lt\u00e1ssal, persze csak \u00f6n\u00f6k, a gyermekek nem, csat\u00e1ba is indulhattak volna azon a bizonyos gyorsnasz\u00e1don, ami \u00e9pp most s\u00fcllyed el az \u00f6n\u00f6k alcs\u00fati pr\u00e9dik\u00e1tor\u00e1nak hathat\u00f3s t\u00e1mogat\u00e1s\u00e1val. De csak az\u00e9rt, hogy a t\u00f6rt\u00e9nelem s\u00fcllyeszt\u0151j\u00e9ben v\u00e9gre elfoglalhass\u00e1k m\u00e9lt\u00f3 hely\u00fcket!<\/em><\/p>\n","protected":false},"excerpt":{"rendered":"<p>Ezt sem hittem volna! \u2013 b\u00e1r sokan mondt\u00e1k, hogy roppant m\u00f3don naiv vagyok. No persze, ha \u201ea zembernek\u201d olyan f\u00e9lresiker\u00fclt a neveltet\u00e9se, hogy a bizalom, a tisztess\u00e9g, a h\u0171s\u00e9g \u00e9s a hit ker\u00fclnek benne t\u00fals\u00falyba, akkor k\u00f6nnyen v\u00e1lik m\u00e1sok szem\u00e9ben naivv\u00e1! \u00c9n egyszer\u0171en csak a \u201ebecs\u00fcletesen\u201d, illetve a \u201em\u00e1snak nem \u00e1rtva\u201d jelz\u0151ket szoktam magamra ragasztgatni, ha naivs\u00e1gomat magyar\u00e1znom kell. <a href=\"https:\/\/www.mszporoszlany.hu\/?p=849\">Egy kattint\u00e1s ide a folytat\u00e1shoz&#8230;. <span class=\"meta-nav\">&rarr;<\/span><\/a><\/p>\n","protected":false},"author":35,"featured_media":0,"comment_status":"open","ping_status":"closed","sticky":false,"template":"","format":"standard","meta":{"footnotes":""},"categories":[194],"tags":[352,349,351,348,350],"class_list":["post-849","post","type-post","status-publish","format-standard","hentry","category-oroszlany","tag-aldozatos","tag-felelem","tag-kozszolga","tag-naiv","tag-vazallus"],"_links":{"self":[{"href":"https:\/\/www.mszporoszlany.hu\/index.php?rest_route=\/wp\/v2\/posts\/849","targetHints":{"allow":["GET"]}}],"collection":[{"href":"https:\/\/www.mszporoszlany.hu\/index.php?rest_route=\/wp\/v2\/posts"}],"about":[{"href":"https:\/\/www.mszporoszlany.hu\/index.php?rest_route=\/wp\/v2\/types\/post"}],"author":[{"embeddable":true,"href":"https:\/\/www.mszporoszlany.hu\/index.php?rest_route=\/wp\/v2\/users\/35"}],"replies":[{"embeddable":true,"href":"https:\/\/www.mszporoszlany.hu\/index.php?rest_route=%2Fwp%2Fv2%2Fcomments&post=849"}],"version-history":[{"count":0,"href":"https:\/\/www.mszporoszlany.hu\/index.php?rest_route=\/wp\/v2\/posts\/849\/revisions"}],"wp:attachment":[{"href":"https:\/\/www.mszporoszlany.hu\/index.php?rest_route=%2Fwp%2Fv2%2Fmedia&parent=849"}],"wp:term":[{"taxonomy":"category","embeddable":true,"href":"https:\/\/www.mszporoszlany.hu\/index.php?rest_route=%2Fwp%2Fv2%2Fcategories&post=849"},{"taxonomy":"post_tag","embeddable":true,"href":"https:\/\/www.mszporoszlany.hu\/index.php?rest_route=%2Fwp%2Fv2%2Ftags&post=849"}],"curies":[{"name":"wp","href":"https:\/\/api.w.org\/{rel}","templated":true}]}}