{"id":85,"date":"2012-02-13T10:28:03","date_gmt":"2012-02-13T09:28:03","guid":{"rendered":"http:\/\/www.mszporoszlany.hu\/?p=85"},"modified":"2012-04-06T20:28:38","modified_gmt":"2012-04-06T19:28:38","slug":"indoklas-nelkul","status":"publish","type":"post","link":"https:\/\/www.mszporoszlany.hu\/?p=85","title":{"rendered":"Indokl\u00e1s n\u00e9lk\u00fcl"},"content":{"rendered":"<p><img loading=\"lazy\" decoding=\"async\" class=\"alignleft size-full wp-image-124\" title=\"indoknelkul\" src=\"https:\/\/www.mszporoszlany.hu\/wp-content\/uploads\/2012\/03\/indoknelkul.jpg\" alt=\"\" width=\"200\" height=\"120\" \/>Az Ab egyhang\u00fa hat\u00e1rozatban alkotm\u00e1nyellenesnek mondta ki a k\u00f6ztisztvisel\u0151k jog\u00e1ll\u00e1s\u00e1r\u00f3l sz\u00f3l\u00f3 t\u00f6rv\u00e9nynek azt a szab\u00e1ly\u00e1t, amely a munk\u00e1ltat\u00f3 sz\u00e1m\u00e1ra lehet\u0151v\u00e9 teszi a k\u00f6ztisztvisel\u0151k indokol\u00e1s n\u00e9lk\u00fcli felment\u00e9s\u00e9t (el\u0151tte ugyanilyen d\u00f6nt\u00e9s sz\u00fcletett a korm\u00e1nytisztvisel\u0151kkel kapcsolatban is). Az alkotm\u00e1nys\u00e9rt\u0151 rendelkez\u00e9st a test\u00fclet a hat\u00e1rozat k\u00f6zz\u00e9t\u00e9tel\u00e9t k\u00f6vet\u0151 nappal semmis\u00edtette meg.<\/p>\n<p><!--more--><\/p>\n<p>Az al\u00e1bbiakban p\u00e1r p\u00e9ld\u00e1t olvashatnak (a t\u00f6bb sz\u00e1zb\u00f3l) az elm\u00falt k\u00e9t \u00e9vben ezzel kapcsolatos esem\u00e9nyeir\u0151l:<strong><\/strong><\/p>\n<ul>\n<li>2010 augusztus\u00e1nak negyedik napj\u00e1n adt\u00e1k \u00e1t a felmond\u00f3levelet h\u00e1rom nemzeti park vezet\u0151j\u00e9nek. Salamon G\u00e1bornak, az Aggteleki Nemzeti Park, M\u00e1rkus Ferencnek, az \u0150rs\u00e9gi Nemzeti Park \u00e9s S\u00e1ndor Istv\u00e1nnak, a Hortob\u00e1gyi Nemzeti Park igazgat\u00f3j\u00e1nak.<\/li>\n<li>Felmentett\u00e9k 2010.08.5-\u00e9n Pirisi K\u00e1rolyt, a Foglalkoztat\u00e1si \u00e9s Szoci\u00e1lis Hivatal f\u0151igazgat\u00f3j\u00e1t, vele egy\u00fctt a hat region\u00e1lis munka\u00fcgyi k\u00f6zpont vezet\u0151je is megkapta elbocs\u00e1t\u00f3 level\u00e9t \u2013 indokl\u00e1s n\u00e9lk\u00fcl.<\/li>\n<li>Hatala J\u00f3zsef f\u0151kapit\u00e1ny 2010. augusztus 26-\u00e1n menesztette beoszt\u00e1s\u00e1b\u00f3l a Rep\u00fcl\u0151t\u00e9ri Rend\u0151r Igazgat\u00f3s\u00e1got vezet\u0151 D\u00fazs J\u00f3zsefet. Az dand\u00e1rt\u00e1bornok felment\u00e9s\u00e9t a rend\u0151rs\u00e9g vezet\u0151je nem indokolta.<\/li>\n<li>Indokl\u00e1s n\u00e9lk\u00fcl felmentette 2010.09.15-\u00e9n a Kom\u00e1rom-Esztergom megyei rend\u0151rf\u0151kapit\u00e1nyt Pint\u00e9r S\u00e1ndor bel\u00fcgyminiszter, az ORFK vezet\u0151j\u00e9nek javaslat\u00e1ra. Gorgosilits F\u00e1bi\u00e1n mellett a K\u00f6zt\u00e1rsas\u00e1gi \u0150rezred szem\u00e9lyv\u00e9delmi \u00e9s objektumv\u00e9delmi f\u0151oszt\u00e1lyait ir\u00e1ny\u00edt\u00f3 Kardos Imre \u00e9s Sevcsik L\u00e1szl\u00f3 vezet\u0151i kinevez\u00e9s\u00e9t is visszavont\u00e1k.<\/li>\n<li>Varga Ferenc Csaba rend\u0151r alezredest, az esztergomi kapit\u00e1nys\u00e1g vezet\u0151j\u00e9t 2010. december elsejei hat\u00e1llyal indokl\u00e1s n\u00e9lk\u00fcl mentette fel Csizmadia G\u00e1bor megyei f\u0151kapit\u00e1ny.<\/li>\n<li>\u00a0Czunyin\u00e9, dr. Bertalan Judit, az \u00faj korm\u00e1nyhivatal vezet\u0151je janu\u00e1r 13-\u00e1n k\u00f6z\u00f6lte T\u00f3thn\u00e9 dr. Menczel Zsuzsanna f\u0151igazgat\u00f3val, a Kom\u00e1rom-Esztergom Megyei K\u00f6zigazgat\u00e1si Hivatal kor\u00e1bbi vezet\u0151j\u00e9vel, hogy a j\u00f6v\u0151ben nem k\u00edv\u00e1n vele dolgozni. A szakembert, miut\u00e1n az \u00e1thelyez\u00e9st nem fogadta el, menesztett\u00e9k.<\/li>\n<li>A Fej\u00e9r megyei \u00f6nkorm\u00e1nyzat janu\u00e1r 2011.01.18-i \u00fcl\u00e9s\u00e9n felmentette tiszts\u00e9g\u00e9b\u0151l a megyei f\u0151jegyz\u0151t, Varj\u00fa Mih\u00e1lyt. Indokl\u00e1s n\u00e9lk\u00fcl, ahogy azt a jogszab\u00e1ly lehet\u0151v\u00e9 tette.<\/li>\n<li>2011. janu\u00e1r 19-\u00e9n Tiszaf\u00fcred fideszes k\u00e9pvisel\u0151-csoportja s\u00fcrg\u0151ss\u00e9gi ind\u00edtv\u00e1nyk\u00e9nt beterjesztette, majd elfogadta azt a javaslatot, amely Baranya P\u00e1l jegyz\u0151 felment\u00e9s\u00e9t tartalmazta.<\/li>\n<li>2001 janu\u00e1rj\u00e1t\u00f3l l\u00e1tta el Tatab\u00e1nya \u00f6nkorm\u00e1nyzat\u00e1nak aljegyz\u0151i teend\u0151it L\u00e1szl\u00f3 Ferenc. A Fideszes t\u00f6bbs\u00e9g\u0171 k\u00f6zgy\u0171l\u00e9s a c\u00edmzetes f\u0151jegyz\u0151 javaslat\u00e1ra 2011.01.27-\u00e9n indokl\u00e1s n\u00e9lk\u00fcl menesztette \u00e1ll\u00e1s\u00e1b\u00f3l.<\/li>\n<li>Indokl\u00e1s n\u00e9lk\u00fcl, 2011.01.28-i hat\u00e1llyal felmentette Gazd\u00f3f Ang\u00e9l\u00e1t Fony\u00f3d c\u00edmzetes f\u0151jegyz\u0151j\u00e9t a v\u00e1ros k\u00e9pvisel\u0151-test\u00fclete. Hasonl\u00f3an j\u00e1rt Balatonszabadi, valamint Si\u00f3jut, Balatonlelle \u00e9s Zam\u00e1rdi jegyz\u0151je is.<\/li>\n<\/ul>\n<p><em>A felsorol\u00e1st k\u00e9s\u0151bb m\u00e9g folytatjuk!<\/em><\/p>\n","protected":false},"excerpt":{"rendered":"<p>Az Ab egyhang\u00fa hat\u00e1rozatban alkotm\u00e1nyellenesnek mondta ki a k\u00f6ztisztvisel\u0151k jog\u00e1ll\u00e1s\u00e1r\u00f3l sz\u00f3l\u00f3 t\u00f6rv\u00e9nynek azt a szab\u00e1ly\u00e1t, amely a munk\u00e1ltat\u00f3 sz\u00e1m\u00e1ra lehet\u0151v\u00e9 teszi a k\u00f6ztisztvisel\u0151k indokol\u00e1s n\u00e9lk\u00fcli felment\u00e9s\u00e9t (el\u0151tte ugyanilyen d\u00f6nt\u00e9s sz\u00fcletett a korm\u00e1nytisztvisel\u0151kkel kapcsolatban is). Az alkotm\u00e1nys\u00e9rt\u0151 rendelkez\u00e9st a test\u00fclet a &hellip; <a href=\"https:\/\/www.mszporoszlany.hu\/?p=85\">Egy kattint\u00e1s ide a folytat\u00e1shoz&#8230;. <span class=\"meta-nav\">&rarr;<\/span><\/a><\/p>\n","protected":false},"author":35,"featured_media":0,"comment_status":"open","ping_status":"closed","sticky":false,"template":"","format":"standard","meta":{"footnotes":""},"categories":[196],"tags":[17,18,19,21,20,22],"class_list":["post-85","post","type-post","status-publish","format-standard","hentry","category-magyarorszag","tag-alkotmany","tag-alkotmanyserto","tag-elbocsatas","tag-felmentes","tag-indokolatlan","tag-vezeto"],"_links":{"self":[{"href":"https:\/\/www.mszporoszlany.hu\/index.php?rest_route=\/wp\/v2\/posts\/85","targetHints":{"allow":["GET"]}}],"collection":[{"href":"https:\/\/www.mszporoszlany.hu\/index.php?rest_route=\/wp\/v2\/posts"}],"about":[{"href":"https:\/\/www.mszporoszlany.hu\/index.php?rest_route=\/wp\/v2\/types\/post"}],"author":[{"embeddable":true,"href":"https:\/\/www.mszporoszlany.hu\/index.php?rest_route=\/wp\/v2\/users\/35"}],"replies":[{"embeddable":true,"href":"https:\/\/www.mszporoszlany.hu\/index.php?rest_route=%2Fwp%2Fv2%2Fcomments&post=85"}],"version-history":[{"count":0,"href":"https:\/\/www.mszporoszlany.hu\/index.php?rest_route=\/wp\/v2\/posts\/85\/revisions"}],"wp:attachment":[{"href":"https:\/\/www.mszporoszlany.hu\/index.php?rest_route=%2Fwp%2Fv2%2Fmedia&parent=85"}],"wp:term":[{"taxonomy":"category","embeddable":true,"href":"https:\/\/www.mszporoszlany.hu\/index.php?rest_route=%2Fwp%2Fv2%2Fcategories&post=85"},{"taxonomy":"post_tag","embeddable":true,"href":"https:\/\/www.mszporoszlany.hu\/index.php?rest_route=%2Fwp%2Fv2%2Ftags&post=85"}],"curies":[{"name":"wp","href":"https:\/\/api.w.org\/{rel}","templated":true}]}}