{"id":853,"date":"2012-05-29T21:45:35","date_gmt":"2012-05-29T20:45:35","guid":{"rendered":"http:\/\/www.mszporoszlany.hu\/?p=853"},"modified":"2012-05-29T21:45:35","modified_gmt":"2012-05-29T20:45:35","slug":"a-varos-gondjai","status":"publish","type":"post","link":"https:\/\/www.mszporoszlany.hu\/?p=853","title":{"rendered":"A v\u00e1ros gondjai"},"content":{"rendered":"<p align=\"left\"><img loading=\"lazy\" decoding=\"async\" class=\"alignleft size-full wp-image-854\" title=\"Tablak\" src=\"https:\/\/www.mszporoszlany.hu\/wp-content\/uploads\/2012\/05\/Tablak.jpg\" alt=\"\" width=\"200\" height=\"120\" \/>A felh\u0151szakad\u00e1sr\u00f3l jut eszembe: h\u00e1nyszor volt t\u00e9ma az elm\u00falt ny\u00f3c \u00e9vben a csapad\u00e9kv\u00edz elvezet\u00e9s, az \u00e9vszakt\u00f3l f\u00fcgg\u0151en: a h\u00f3eltakar\u00edt\u00e1s, a s\u00edkoss\u00e1g-mentes\u00edt\u00e9s, a k\u00e1ty\u00faz\u00e1s, a k\u00f6zvil\u00e1g\u00edt\u00e1s, a f\u0171ny\u00edr\u00e1s, parkgondoz\u00e1s, fakiv\u00e1g\u00e1sok, k\u00e9pes volt az\u00e9rt bej\u00f6nni valaki fogad\u00f3\u00f3r\u00e1ra, mert kit\u00f6rtek egy facsemet\u00e9t \u00e9s azt a hivatal azonnal nem p\u00f3tolta!<\/p>\n<p align=\"left\"><!--more--><\/p>\n<p align=\"left\">N\u00e9pi mozgalom indult a hullad\u00e9k\u00e9get\u00e9si k\u00eds\u00e9rletek ellen, al\u00e1\u00edr\u00e1sgy\u0171jt\u00e9ssel pr\u00f3b\u00e1lt\u00e1k megakad\u00e1lyozni a hajl\u00e9ktalan sz\u00e1ll\u00f3 l\u00e9trehoz\u00e1s\u00e1t. Be akart\u00e1k tiltatni a diszk\u00f3t, mondv\u00e1n, hogy a fiatalok onnan \u00e9jjel hazafel\u00e9 randal\u00edroznak. Dr\u00e1gultak a k\u00f6zszolg\u00e1ltat\u00e1sok. Mennyit rug\u00f3ztunk azon, hogy milyen m\u00e9rt\u00e9kben emelkedjen a szem\u00e9td\u00edj, a szennyv\u00edzd\u00edj, legyen-e ingatlan ad\u00f3, sok vagy kev\u00e9s a f\u0171t\u00e9s d\u00edja figyelembe v\u00e9ve, hogy baloldalik\u00e9nt nem \u00e9ppen a n\u00e9p sanyargat\u00e1s\u00e1n k\u00e9ne munk\u00e1lkodni.<\/p>\n<p>Mi\u00e9rt kell lebontani a s\u00e1rga t\u00f6mb\u00f6t? Sokan el is hitt\u00e9k, s\u0151t harcoltak \u00e9rte, hogy \u00faj lak\u00e1sokat kell benne l\u00e9trehozni \u00e9s 1-3 mill\u00e1\u00e9rt k\u00e9ne odaadni a fiatal betelep\u00fcl\u0151 csal\u00e1dosoknak. Olyan \u00f6tlet is volt, hogy a katasztr\u00f3fa s\u00fajtotta ter\u00fcleteken kamp\u00e1nyoljunk, r\u00f6plapozzunk: gyertek lakni Oroszl\u00e1nyba! A polg\u00e1rmester\u00fcnk ha olyan \u00fcgyes, int\u00e9zze el \/utazzon sokat, de saj\u00e1t g\u00e9pkocsival!\/, hogy ne kelljen annyi ad\u00f3t fizetn\u00fcnk, m\u00e1rmint a v\u00e1rosnak. Mindezeket az\u00e9rt, hogy el\u0151seg\u00edts\u00fck a gyerekv\u00e1llal\u00e1st, nehogy m\u00e1\u2019 elfogyjon a magyar Oroszl\u00e1nyban is!<\/p>\n<p align=\"left\">Forgalomtechnikai \u00f6tletek voltak naponta \u2013 hetente! Parkol\u00e1s, forgalomlass\u00edt\u00e1s, t\u00e1bl\u00e1k kihelyez\u00e9se \u00e9s megsz\u00fcntet\u00e9se, ker\u00e9kp\u00e1roz\u00e1s a j\u00e1rd\u00e1n, a R\u00e1k\u00f3czi \u00fat forgalomszab\u00e1lyoz\u00e1sa szinte \u00e1lland\u00f3 napirendd\u00e9 v\u00e1lt a k\u00fcl\u00f6nb\u00f6z\u0151 f\u00f3rumokon. A k\u00f6zter\u00fclet figyel\u0151 kamer\u00e1k kihelyez\u00e9s\u00e9t sokan ellenezt\u00e9k, f\u0151leg az ellenz\u00e9k, mondv\u00e1n, hogy ez is bolsi tr\u00fckk, ugyanis vannak helyzetek, amikor ezeket rosszra is lehet haszn\u00e1lni, megfigyelni bizonyos jelens\u00e9geket, szem\u00e9lyeket pl. a v\u00e1laszt\u00e1sok idej\u00e9n.<\/p>\n<p>Minden fejleszt\u00e9sben csak a negat\u00edvumokat emelt\u00e9k ki az ellenz\u00e9k sz\u00f3cs\u00f6vei. Eml\u00e9kszem, mikor a Majki \u00fat fel\u00faj\u00edt\u00e1sa t\u00f6rt\u00e9nt p\u00e1ly\u00e1zati p\u00e9nzzel, m\u00e9g el sem k\u00e9sz\u00fclt, m\u00e1r rossz volt a kivitelez\u0151, a munka min\u0151s\u00e9ge, az eg\u00e9sz \u00fcgy v\u00e9g\u00fcl elferd\u00fclt egy kir\u00fagat\u00e1si pr\u00f3b\u00e1lkoz\u00e1ss\u00e1, hogy bemutass\u00e1k milyen aljas m\u00f3dszerekkel dolgozik az MSZP. Nem \u00f6r\u00fcltek persze a f\u0151t\u00e9r fel\u00faj\u00edt\u00e1s\u00e1nak, pedig l\u00e1that\u00f3an \u00e9lvezik az emberek \u00e9s az\u00f3ta a rendezv\u00e9nyek is felvir\u00e1goztak, mint a felszabadul\u00e1s ut\u00e1n a Magyar N\u00e9pk\u00f6zt\u00e1rsas\u00e1g. Nem kaptunk elismer\u00e9st az\u00e9rt sem, hogy l\u00e9nyegesen javult Oroszl\u00e1ny \u00e9s a k\u00f6rny\u00e9k \u00fath\u00e1l\u00f3zata, sz\u00e9p\u00fcltek k\u00f6zint\u00e9zm\u00e9nyeink, \u00fajra haszn\u00e1lhat\u00f3v\u00e1 v\u00e1lt az uszoda, s\u0151t b\u0151v\u00fcltek szolg\u00e1ltat\u00e1sai.<\/p>\n<p>Nem t\u00e1mogattuk rendesen a helyi v\u00e1llalkoz\u00f3kat, a k\u00f6zm\u0171vel\u0151d\u00e9st, az oktat\u00e1st, a r\u00e1szorul\u00f3kat.<\/p>\n<p>Ma m\u00e1r mindez a m\u00falt\u00e9. M\u00e1r nincsenek ilyen apr\u00f3-csepr\u0151 gondok. Minden el van nevezve, \u00e1tszabva amennyire csak lehet. Nincsenek felesleges kiad\u00e1sok, a vezet\u0151k nem a v\u00e1llalkoz\u00e1saik haszn\u00e1t n\u00f6velik, a reprezent\u00e1ci\u00f3s k\u00f6lts\u00e9gek hat\u00e9konyan vannak felhaszn\u00e1lva. Mindenki fel van jelentve, aki meg\u00e9rdemli \u2013igaz, hogy lassan halad az \u00fcgy a megsemmis\u00fcl\u00e9s fel\u00e9\u2013, mindenki meg van regul\u00e1zva, aki meg\u00e9rdemli \u00e9s rendben mennek a dolgaink.<\/p>\n<p>Egy dolgot az\u00e9rt m\u00e9g meg k\u00e9ne oldani. Valaki sz\u00f3v\u00e1 tette kor\u00e1bban, de k\u00e9t \u00e9v alatt sem tudta elint\u00e9zni, hogy ne legyenek rozsd\u00e1sak a gimn\u00e1zium oromzat\u00e1t d\u00edsz\u00edt\u0151 vascs\u00f6vek.<\/p>\n","protected":false},"excerpt":{"rendered":"<p>A felh\u0151szakad\u00e1sr\u00f3l jut eszembe: h\u00e1nyszor volt t\u00e9ma az elm\u00falt ny\u00f3c \u00e9vben a csapad\u00e9kv\u00edz elvezet\u00e9s, az \u00e9vszakt\u00f3l f\u00fcgg\u0151en: a h\u00f3eltakar\u00edt\u00e1s, a s\u00edkoss\u00e1g-mentes\u00edt\u00e9s, a k\u00e1ty\u00faz\u00e1s, a k\u00f6zvil\u00e1g\u00edt\u00e1s, a f\u0171ny\u00edr\u00e1s, parkgondoz\u00e1s, fakiv\u00e1g\u00e1sok, k\u00e9pes volt az\u00e9rt bej\u00f6nni valaki fogad\u00f3\u00f3r\u00e1ra, mert kit\u00f6rtek egy facsemet\u00e9t \u00e9s azt a hivatal azonnal nem p\u00f3tolta! <a href=\"https:\/\/www.mszporoszlany.hu\/?p=853\">Egy kattint\u00e1s ide a folytat\u00e1shoz&#8230;. <span class=\"meta-nav\">&rarr;<\/span><\/a><\/p>\n","protected":false},"author":35,"featured_media":0,"comment_status":"open","ping_status":"closed","sticky":false,"template":"","format":"standard","meta":{"footnotes":""},"categories":[194],"tags":[360,359,364,362,357,353,365,355,356,358,363,361,354],"class_list":["post-853","post","type-post","status-publish","format-standard","hentry","category-oroszlany","tag-facsemete","tag-fakivagasok","tag-forgalomlassitas","tag-forgalomtechnikai-otletek","tag-funyiras","tag-hoeltakaritas","tag-kamerak","tag-katyuzas","tag-kozvilagitas","tag-parkgondozas","tag-parkolas","tag-sarga-tomb","tag-sikossag-mentesites"],"_links":{"self":[{"href":"https:\/\/www.mszporoszlany.hu\/index.php?rest_route=\/wp\/v2\/posts\/853","targetHints":{"allow":["GET"]}}],"collection":[{"href":"https:\/\/www.mszporoszlany.hu\/index.php?rest_route=\/wp\/v2\/posts"}],"about":[{"href":"https:\/\/www.mszporoszlany.hu\/index.php?rest_route=\/wp\/v2\/types\/post"}],"author":[{"embeddable":true,"href":"https:\/\/www.mszporoszlany.hu\/index.php?rest_route=\/wp\/v2\/users\/35"}],"replies":[{"embeddable":true,"href":"https:\/\/www.mszporoszlany.hu\/index.php?rest_route=%2Fwp%2Fv2%2Fcomments&post=853"}],"version-history":[{"count":0,"href":"https:\/\/www.mszporoszlany.hu\/index.php?rest_route=\/wp\/v2\/posts\/853\/revisions"}],"wp:attachment":[{"href":"https:\/\/www.mszporoszlany.hu\/index.php?rest_route=%2Fwp%2Fv2%2Fmedia&parent=853"}],"wp:term":[{"taxonomy":"category","embeddable":true,"href":"https:\/\/www.mszporoszlany.hu\/index.php?rest_route=%2Fwp%2Fv2%2Fcategories&post=853"},{"taxonomy":"post_tag","embeddable":true,"href":"https:\/\/www.mszporoszlany.hu\/index.php?rest_route=%2Fwp%2Fv2%2Ftags&post=853"}],"curies":[{"name":"wp","href":"https:\/\/api.w.org\/{rel}","templated":true}]}}