{"id":857,"date":"2012-05-30T09:02:17","date_gmt":"2012-05-30T08:02:17","guid":{"rendered":"http:\/\/www.mszporoszlany.hu\/?p=857"},"modified":"2012-05-30T09:03:17","modified_gmt":"2012-05-30T08:03:17","slug":"a-multat-vegkepp-eltorolni","status":"publish","type":"post","link":"https:\/\/www.mszporoszlany.hu\/?p=857","title":{"rendered":"A m\u00faltat v\u00e9gk\u00e9pp elt\u00f6r\u00f6lni"},"content":{"rendered":"<p><img loading=\"lazy\" decoding=\"async\" class=\"alignleft size-full wp-image-858\" title=\"rombolas\" src=\"https:\/\/www.mszporoszlany.hu\/wp-content\/uploads\/2012\/05\/rombolas.jpg\" alt=\"\" width=\"200\" height=\"120\" \/>Oldalainkon kor\u00e1bban megjelent egy \u00edr\u00e1s, amelynek c\u00edme: &#8222;<a title=\"Oroszl\u00e1ny lev\u00e1ltja...\" href=\"\/?p=93\" target=\"_blank\">Oroszl\u00e1ny lev\u00e1ltja az oroszl\u00e1nyiakat<\/a>&#8222;. \u00dagy l\u00e1tszik, az ott bemutatott folyamat &#8222;k\u00f6zk\u00edv\u00e1natra&#8221; (vagy legal\u00e1bb is a jelenlegi hatalom elk\u00e9pzel\u00e9seivel er\u0151sen t\u00e1mogatva) folytat\u00f3dik. Azonban m\u00e1ra m\u00e1r nem csak lev\u00e1ltja, de egyszer \u00e9s mindenkorra t\u00f6r\u00f6lni is akarja \u0151ket. Meghazudtolja l\u00e9t\u00fcket, f\u00e9l\u00e9vsz\u00e1zados tetteiket, kisebb \u00e9s nagyobb sikereiket. \u00c9s teszi mindezt k\u00f6zp\u00e9nzb\u0151l, v\u00e1rosunk &#8222;hivatalos&#8221; internetes oldalain kereszt\u00fcl. A bejegyz\u00e9sben egy v\u00e1rosunk honlapj\u00e1n megjelent, majd er\u0151s \u00e1talakul\u00e1son \u00e1tesett cikkre, valamint az azzal egy\u00fctt megjelen\u0151 jelens\u00e9gre szeretn\u00e9nk felh\u00edvni mindenki figyelm\u00e9t.<\/p>\n<p><!--more--><\/p>\n<p>A sort polg\u00e1rmester\u00fcnk kezdte azzal, hogy a v\u00e1ros bizonyos lak\u00f3it (sajnos m\u00e1ig sem tudjuk milyen elvek alapj\u00e1n) szem\u00e9tnek titul\u00e1lta. Igaz, hogy \u0151 ezt m\u00e9g csak saj\u00e1t Facebook oldal\u00e1n tette. Amikor t\u00f6bben felh\u00e1borodottan jelezt\u00e9k, hogy v\u00e1rosunk els\u0151 embere milyen v\u00e9lem\u00e9nnyel van egyes v\u00e1roslak\u00f3kr\u00f3l, mintha mi sem t\u00f6rt\u00e9nt volna t\u00f6r\u00f6lte a bejegyz\u00e9st. Nem k\u00e9rt eln\u00e9z\u00e9s\u00e9t! Nem indokolta semmivel hirtelen felindul\u00e1sb\u00f3l fakad\u00f3 v\u00e9lem\u00e9ny\u00e9t! Egyszer\u0171en \u00fagy tett, mintha soha meg sem t\u00f6rt\u00e9nt volna.<\/p>\n<p>A mostani esem\u00e9ny m\u00e1r hivatalosan, v\u00e1rosunk honlapj\u00e1n megjelenve min\u0151s\u00edtette Oroszl\u00e1ny nagy hagyom\u00e1nyokkal rendelkez\u0151 int\u00e9zm\u00e9ny\u00e9t, az egykor \u00e9s ma ott dolgoz\u00f3kat, tanul\u00f3kat egyar\u00e1nt. Mint az a &#8222;Nosztalgia \u00e9s meg\u00fajul\u00e1s&#8221; c\u00edm\u0171 anyagban olvashat\u00f3 volt (m\u00e1r nem): &#8222;<em>\u00c9s akiknek nem volt kedv\u00fck \u00e9nekelni, mert felmen\u0151i nem \u00fatt\u00f6r\u0151t\u00e1borban, hanem a Kocsed\u00f3ban, vagy ne adj Isten a Gul\u00e1gon t\u00e1borozva kev\u00e9sb\u00e9 lelkesen \u00e9p\u00edtett\u00e9k a szocializmust, udvariasan nem rontott\u00e1k el az \u00fcnnepi m\u0171sort.<\/em><br \/>\n<em>\u00c1ld\u00e1s, hogy a m\u00falt terheit letehetj\u00fck, m\u00edg f\u00e9nyei tov\u00e1bb ragyognak. Gyermekeink haladnak el\u0151re (mintha csak az \u00fatt\u00f6r\u0151 jelsz\u00f3nak engedelmeskedn\u00e9nek!), \u00e9s ha akarjuk, mehet\u00fcnk vel\u00fck mi is. \u00c9rdemes vel\u00fck tartani, m\u00e9g ha nem is a szocializmus \u00fatj\u00e1t j\u00e1rj\u00e1k, amelyet mi \u00e9p\u00edt\u00fcnk nekik.&#8221;<\/em><\/p>\n<p>Nos, a le\u00edrtakb\u00f3l l\u00e1tszik, hogy egy olyan k\u00f6zp\u00e9nzen foglalkoztatott egy\u00e9n degrad\u00e1lja le a szocialista \u00e9vtizedek eredm\u00e9nyeit, aki sz\u00e1m\u00e1ra sem a v\u00e1ros, sem annak \u00e9rt\u00e9kei nem \u00e9rnek t\u00f6bbet a l\u00e9gypiszokn\u00e1l! Akinek g\u0151ze sincs, hogy Oroszl\u00e1ny ma kiz\u00e1r\u00f3lag az akkori \u00e9vtizedeknek k\u00f6sz\u00f6nheti v\u00e1rosi volt\u00e1t, hogy ami ma itt l\u00e1that\u00f3 \u00e9s tapasztalhat\u00f3, az azon \u00e9vek gy\u00fcm\u00f6lcse, amit a mai uralkod\u00f3 elit megpr\u00f3b\u00e1l trianoni eml\u00e9km\u0171vel \u00e9s egy\u00e9b \u00e9rtelmetlen beruh\u00e1z\u00e1ssal feledtetni.<\/p>\n<p>A felel\u0151ss\u00e9ggel \u00e9s kitart\u00f3 munk\u00e1val dolgoz\u00f3, hagyom\u00e1nyokat messzemen\u0151en tisztel\u0151 pedag\u00f3gusok \u00e9s tanul\u00f3k munk\u00e1j\u00e1t d\u00f6ng\u00f6lte s\u00e1rba, amikor olyan esem\u00e9nyeket \u00e9s jelens\u00e9geket kapcsolt egy \u00fcnnephez, amelyek ahhoz semmilyen form\u00e1ban, m\u00e9g meger\u0151szakolva sem k\u00f6thet\u0151ek. Mint az iskola egykori tanul\u00f3ja, \u00e9s a mai kor pedag\u00f3gusa felh\u00e1bor\u00edt\u00f3nak tartom, hogy egy ilyen t\u00e9veszm\u00e9s sarlat\u00e1n v\u00e1rosom, iskol\u00e1m \u00e9s tan\u00e1raim eml\u00e9k\u00e9t gyal\u00e1zza, \u00e9s teszi mindezt havi t\u00f6bbsz\u00e1zezer forintnyi k\u00f6zp\u00e9nzb\u0151l.<\/p>\n<p>Bizony\u00e1ra m\u00e1snak is felt\u0171nt ez az \u00e9gbeki\u00e1lt\u00f3 sz\u00f6rny\u0171s\u00e9g, mert a nap folyam\u00e1n, \u00e9rdekes m\u00f3don megv\u00e1ltozott a m\u00e9lt\u00e1n nagy \u00e9rdekl\u0151d\u00e9sre sz\u00e1mot tart\u00f3 esem\u00e9nyr\u0151l sz\u00f3l\u00f3 &#8222;h\u00edranyag&#8221;. \u00c9rdekess\u00e9g, hogy sem a f\u00f6rtelem elk\u00f6vet\u0151je, sem annak felettes vezet\u0151je \u00e9s p\u00e9nzel\u0151je, arra sem m\u00e9ltatt\u00e1k a megs\u00e9rtetteket, hogy eln\u00e9z\u00e9st k\u00e9rjenek, vagy magyar\u00e1zatot adjanak a t\u00f6rt\u00e9ntekre.<\/p>\n<p>Joggal k\u00e9rdezhetj\u00fck! Nem terhel senkit felel\u0151ss\u00e9g egy ilyen gyal\u00e1zat miatt!?<\/p>\n<p>\u00c9ppen ez\u00e9rt, tanuls\u00e1gk\u00e9nt \u00e1lljon itt az a sz\u00f6veg, amely eredetileg megjelent v\u00e1rosunk hivatalos honlapj\u00e1n &#8222;Nosztalgia \u00e9s meg\u00fajul\u00e1s&#8221; c\u00edmmel:<\/p>\n<p style=\"padding-left: 30px;\"><em>V\u00f6r\u00f6s \u00fatt\u00f6r\u0151 csapatz\u00e1szl\u00f3, a mozgalmi m\u00falt \u00e9s a dolgos h\u00e9tk\u00f6znapok eml\u00e9keivel zs\u00fafolt ki\u00e1ll\u00edt\u00e1si tabl\u00f3k &#8211; a vel\u00fcnk \u00e9l\u0151 t\u00f6rt\u00e9nelem relikvi\u00e1ib\u00f3l rendezett ki\u00e1ll\u00edt\u00e1ssal foglalta \u00f6ssze elm\u00falt \u00f6tven \u00e9v\u00e9t az \u0151szt\u0151l Hunyadi M\u00e1ty\u00e1s nev\u00e9t visel\u0151 \u00e1ltal\u00e1nos iskola f\u00e9lsz\u00e1zados fenn\u00e1ll\u00e1s\u00e1t bemutat\u00f3 t\u00e1rlat. A szocialista \u00e9vtizedek mellett szerencs\u00e9re igen j\u00f3 eredm\u00e9nyekkel, kiv\u00e1l\u00f3 matematikai \u00e9s sportsikerekkel is b\u00fcszk\u00e9lked\u0151 \u00e1ltal\u00e1nos iskolai t\u00f6bbnapos, sportvet\u00e9lked\u0151s, katonai par\u00e1d\u00e9s, \u00edj\u00e1szversenyes \u00fcnnepi rendezv\u00e9nyekkel eml\u00e9kezett az eltelt f\u00e9lsz\u00e1z \u00e9vre.<\/em><\/p>\n<p style=\"padding-left: 30px;\"><em>Egy fejezet lez\u00e1rult, egy \u00faj ny\u00edlik &#8211; fontos az, hogy az iskol\u00e1b\u00f3l kiker\u00fcl\u0151 gyerekek alapos \u00e9s haszn\u00e1lhat\u00f3 elm\u00e9leti tud\u00e1ssal felv\u00e9rtezve l\u00e9pjenek ki a gy\u00f6ny\u00f6r\u0171en fel\u00faj\u00edtott, egy\u00e1ltal\u00e1n nem \u00f6tven \u00e9vesnek l\u00e1tsz\u00f3 \u00e9p\u00fcletb\u0151l.<\/em><\/p>\n<p style=\"padding-left: 30px;\"><em>A monstre ki\u00e1ll\u00edt\u00e1s\u00fa \u00fcnnepi m\u0171sor keret\u00e9ben Czunyin\u00e9 dr. Bertalan Judit k\u00e9pvisel\u0151asszony miniszteri elismer\u0151 okleveleket adott \u00e1t az iskol\u00e1nak. Pataki Zolt\u00e1nn\u00e9 Arany Katedra miniszteri kit\u00fcntet\u00e9sben r\u00e9szes\u00fclt pedag\u00f3gusi munk\u00e1ss\u00e1g\u00e1\u00e9rt. Kiss Barn\u00e1n\u00e9 Maja n\u00e9ni szint\u00e9n aranydiplom\u00e1t vehetett \u00e1t \u00f6tven\u00e9ves pedag\u00f3gusi szolg\u00e1lat\u00e1\u00e9rt.<\/em><\/p>\n<p style=\"padding-left: 30px;\"><em>A m\u00faltbeli \u00e9letk\u00e9peket \u00e9s a jelen eredm\u00e9nyeit bemutat\u00f3 di\u00e1kok kitettek maguk\u00e9rt. Nosztalgi\u00e1z\u00f3 n\u00e9z\u0151k\u00f6z\u00f6ns\u00e9g\u00fck rendre vastapssal jutalmazta az \u00fcgyes produkci\u00f3kat, \u00e9s egy\u00fctt d\u00fadolta vel\u00fck az orosz\u00f3r\u00e1n tanult n\u00f3ta, vagy az \u00fatt\u00f6r\u0151t\u00e1bort\u00f3l b\u00facs\u00faz\u00f3 n\u00e9pdal &#8222;pajt\u00e1s\u00edtott&#8221; v\u00e1ltozat\u00e1nak sz\u00f6veg\u00e9t. \u00c9s akiknek nem volt kedv\u00fck \u00e9nekelni, mert felmen\u0151i nem \u00fatt\u00f6r\u0151t\u00e1borban, hanem a Kocsed\u00f3ban, vagy ne adj Isten a Gul\u00e1gon t\u00e1borozva kev\u00e9sb\u00e9 lelkesen \u00e9p\u00edtett\u00e9k a szocializmust, udvariasan nem rontott\u00e1k el az \u00fcnnepi m\u0171sort.<\/em><\/p>\n<p style=\"padding-left: 30px;\"><em>\u00c1ld\u00e1s, hogy a m\u00falt terheit letehetj\u00fck, m\u00edg f\u00e9nyei tov\u00e1bb ragyognak. Gyermekeink haladnak el\u0151re (mintha csak az \u00fatt\u00f6r\u0151 jelsz\u00f3nak engedelmeskedn\u00e9nek!), \u00e9s ha akarjuk, mehet\u00fcnk vel\u00fck mi is. \u00c9rdemes vel\u00fck tartani, m\u00e9g ha nem is a szocializmus \u00fatj\u00e1t j\u00e1rj\u00e1k, amelyet mi \u00e9p\u00edt\u00fcnk nekik.<\/em><\/p>\n","protected":false},"excerpt":{"rendered":"<p>Oldalainkon kor\u00e1bban megjelent egy \u00edr\u00e1s, amelynek c\u00edme: &#8222;Oroszl\u00e1ny lev\u00e1ltja az oroszl\u00e1nyiakat&#8221;. \u00dagy l\u00e1tszik, az ott bemutatott folyamat &#8222;k\u00f6zk\u00edv\u00e1natra&#8221; (vagy legal\u00e1bb is a jelenlegi hatalom elk\u00e9pzel\u00e9seivel er\u0151sen t\u00e1mogatva) folytat\u00f3dik. Azonban m\u00e1ra m\u00e1r nem csak lev\u00e1ltja, de egyszer \u00e9s mindenkorra t\u00f6r\u00f6lni is akarja \u0151ket. Meghazudtolja l\u00e9t\u00fcket, f\u00e9l\u00e9vsz\u00e1zados tetteiket, kisebb \u00e9s nagyobb sikereiket. \u00c9s teszi mindezt k\u00f6zp\u00e9nzb\u0151l, v\u00e1rosunk &#8222;hivatalos&#8221; internetes oldalain kereszt\u00fcl. A bejegyz\u00e9sben egy v\u00e1rosunk honlapj\u00e1n megjelent, majd er\u0151s \u00e1talakul\u00e1son \u00e1tesett cikkre, valamint az azzal egy\u00fctt megjelen\u0151 jelens\u00e9gre szeretn\u00e9nk felh\u00edvni mindenki figyelm\u00e9t. <a href=\"https:\/\/www.mszporoszlany.hu\/?p=857\">Egy kattint\u00e1s ide a folytat\u00e1shoz&#8230;. <span class=\"meta-nav\">&rarr;<\/span><\/a><\/p>\n","protected":false},"author":35,"featured_media":0,"comment_status":"open","ping_status":"closed","sticky":false,"template":"","format":"standard","meta":{"footnotes":""},"categories":[194],"tags":[368,55,367,320,371,366,370,369],"class_list":["post-857","post","type-post","status-publish","format-standard","hentry","category-oroszlany","tag-gulag","tag-hagyomany","tag-kocsedo","tag-kozpenz","tag-legypiszok","tag-meghazudtol","tag-szocializmus-utja","tag-uttoro-jelszo"],"_links":{"self":[{"href":"https:\/\/www.mszporoszlany.hu\/index.php?rest_route=\/wp\/v2\/posts\/857","targetHints":{"allow":["GET"]}}],"collection":[{"href":"https:\/\/www.mszporoszlany.hu\/index.php?rest_route=\/wp\/v2\/posts"}],"about":[{"href":"https:\/\/www.mszporoszlany.hu\/index.php?rest_route=\/wp\/v2\/types\/post"}],"author":[{"embeddable":true,"href":"https:\/\/www.mszporoszlany.hu\/index.php?rest_route=\/wp\/v2\/users\/35"}],"replies":[{"embeddable":true,"href":"https:\/\/www.mszporoszlany.hu\/index.php?rest_route=%2Fwp%2Fv2%2Fcomments&post=857"}],"version-history":[{"count":0,"href":"https:\/\/www.mszporoszlany.hu\/index.php?rest_route=\/wp\/v2\/posts\/857\/revisions"}],"wp:attachment":[{"href":"https:\/\/www.mszporoszlany.hu\/index.php?rest_route=%2Fwp%2Fv2%2Fmedia&parent=857"}],"wp:term":[{"taxonomy":"category","embeddable":true,"href":"https:\/\/www.mszporoszlany.hu\/index.php?rest_route=%2Fwp%2Fv2%2Fcategories&post=857"},{"taxonomy":"post_tag","embeddable":true,"href":"https:\/\/www.mszporoszlany.hu\/index.php?rest_route=%2Fwp%2Fv2%2Ftags&post=857"}],"curies":[{"name":"wp","href":"https:\/\/api.w.org\/{rel}","templated":true}]}}