{"id":861,"date":"2012-05-30T19:49:13","date_gmt":"2012-05-30T18:49:13","guid":{"rendered":"http:\/\/www.mszporoszlany.hu\/?p=861"},"modified":"2012-05-30T19:49:13","modified_gmt":"2012-05-30T18:49:13","slug":"a-remenyvesztett-valaszto","status":"publish","type":"post","link":"https:\/\/www.mszporoszlany.hu\/?p=861","title":{"rendered":"A rem\u00e9nyvesztett v\u00e1laszt\u00f3"},"content":{"rendered":"<p><img loading=\"lazy\" decoding=\"async\" class=\"alignleft size-full wp-image-862\" title=\"diagram\" src=\"https:\/\/www.mszporoszlany.hu\/wp-content\/uploads\/2012\/05\/diagram.jpg\" alt=\"\" width=\"200\" height=\"120\" \/>A T\u00c1RKI T\u00e1rsadalomkutat\u00e1si Int\u00e9zet havi rendszeres p\u00e1rtpreferencia-kutat\u00e1sa alapj\u00e1n az \u00e9ppen 2 \u00e9ve t\u00f6rt\u00e9nt korm\u00e1nyalak\u00edt\u00e1s \u00f3ta jelent\u0151sen cs\u00f6kkent Fidesz-KDNP t\u00e1bora, mik\u00f6zben sz\u00e1mottev\u0151en n\u00f6vekedett a v\u00e1lasztani nem tud\u00f3 vagy nem akar\u00f3 szavaz\u00f3k ar\u00e1nya. A Fidesz-KDNP t\u00e1mogatotts\u00e1ga ezzel 2012 m\u00e1jus\u00e1ra l\u00e9nyeg\u00e9ben az MSZP szintj\u00e9re cs\u00f6kkent. Az elm\u00falt k\u00e9t \u00e9v sor\u00e1n az MSZP t\u00e1bor\u00e1nak m\u00e9rete folyamatosan ingadozott, majd f\u00e9l \u00e9ve kis m\u00e9rt\u00e9kben n\u0151tt; a Jobbik\u00e9 a kezdeti n\u00f6veked\u00e9s ut\u00e1n l\u00e9nyeg\u00e9ben stagn\u00e1l, az LMP t\u00e1mogatotts\u00e1ga pedig v\u00e1ltozatlanul a parlamenti k\u00fcsz\u00f6b k\u00f6r\u00fcl alakul.<\/p>\n<p><!--more--><\/p>\n<p>Az 1000 f\u0151 megk\u00e9rdez\u00e9s\u00e9n alapul\u00f3, a 18 \u00e9ves \u00e9s id\u0151sebb lakoss\u00e1got \u00e9letkor, nem, iskolai v\u00e9gzetts\u00e9g \u00e9s lak\u00f3hely szerint reprezent\u00e1l\u00f3 kutat\u00e1s alapj\u00e1n m\u00e1jusban folytat\u00f3dtak azok a trendek, amelyek az ut\u00f3bbi h\u00f3napokat, t\u00e1gabb \u00e9rtelemben pedig a v\u00e1laszt\u00e1sok \u00f3ta eltelt 2 \u00e9vet jellemzik. Ezek k\u00f6z\u00fcl a legmark\u00e1nsabb, hogy folyamatosan cs\u00f6kken a Fidesz-KDNP szavaz\u00f3t\u00e1bora \u00e9s ezzel p\u00e1rhuzamosan n\u0151 a bizonytalanok\u00e9, azaz a korm\u00e1nyp\u00e1rtokb\u00f3l ki\u00e1br\u00e1ndult szavaz\u00f3k jelent\u0151s r\u00e9sze nem tal\u00e1l mag\u00e1nak m\u00e1sik p\u00e1rtot a jelenlegi k\u00edn\u00e1latb\u00f3l, \u00edgy ink\u00e1bb passzivit\u00e1sba vonul. Ezzel p\u00e1rhuzamosan az MSZP halv\u00e1ny emelked\u00e9se is megfigyelhet\u0151 az ut\u00f3bbi f\u00e9l \u00e9vben. \u00d6sszess\u00e9g\u00e9ben a 2010-es v\u00e1laszt\u00e1sok \u00f3ta, s\u0151t m\u00e1r az el\u0151tte l\u00e9v\u0151 \u00e9vekben sem fordult el\u0151 az, ami 2012 m\u00e1jus\u00e1ban megfigyelhet\u0151: a Fidesz-KDNP \u00e9s az MSZP szavaz\u00f3t\u00e1bora l\u00e9nyeg\u00e9ben egy szinten \u00e1ll. Ek\u00f6zben a Jobbik a 2010-es v\u00e1laszt\u00e1sok ut\u00e1n eleinte \u00e9rz\u00e9kelhet\u0151 m\u00e9rt\u00e9kben n\u00f6vekedett, majd az elm\u00falt f\u00e9l \u00e9vben kisebb ingadoz\u00e1sok mellett ezen a magasabb szinten l\u00e9nyeg\u00e9ben stagn\u00e1l. Az LMP az eg\u00e9sz id\u0151szak alatt az 5%-os parlamenti bejut\u00e1si hat\u00e1r k\u00f6r\u00fcl mozgott.<\/p>\n<p>A FIDESZ-KDNP t\u00e1mogatotts\u00e1ga a teljes n\u00e9pess\u00e9gen bel\u00fcl \u00e1prilisi 21%-r\u00f3l m\u00e1jusban 16%-ra cs\u00f6kkent, m\u00edg a szocialista p\u00e1rt\u00e9 13%-r\u00f3l 15%-ra n\u0151tt. Ek\u00f6zben a p\u00e1rtszimp\u00e1tia k\u00e9rd\u00e9s\u00e9ben bizonytalanok vagy titkol\u00f3z\u00f3k ar\u00e1nya 45%-r\u00f3l 49%-ra n\u0151tt. A p\u00e1rtv\u00e1laszt\u00f3k k\u00f6r\u00e9ben is l\u00e9nyeg\u00e9ben azonos a k\u00e9t nagyobb p\u00e1rt t\u00e1mogatotts\u00e1ga, hiszen az egy sz\u00e1zal\u00e9kpontos k\u00fcl\u00f6nbs\u00e9g a statisztikai hibahat\u00e1ron bel\u00fcl van. A FIDESZ-KDNP t\u00e1mogatotts\u00e1ga a p\u00e1rtv\u00e1laszt\u00f3k k\u00f6r\u00e9ben \u00e1prilisr\u00f3l m\u00e1jusra 39%-r\u00f3l 32%-ra esett vissza, ek\u00f6zben az MSZP-\u00e9 25%-r\u00f3l 31%-ra n\u0151tt.<\/p>\n<p>A Jobbik t\u00e1mogatotts\u00e1ga a teljes n\u00e9pess\u00e9gen bel\u00fcl az \u00e1prilisi 9% ut\u00e1n m\u00e1jusban 11%-on \u00e1ll, m\u00edg a p\u00e1rtv\u00e1laszt\u00f3k k\u00f6z\u00f6tt az el\u0151z\u0151 havi kiugr\u00f3an alacsony 16%-r\u00f3l 21%-ra n\u0151tt. Az LMP a teljes n\u00e9pess\u00e9gen bel\u00fcl az elm\u00falt egy h\u00f3napban v\u00e1ltozatlanul 5%-ot kapna, a p\u00e1rtv\u00e1laszt\u00f3k k\u00f6r\u00e9ben pedig az \u00e1prilisi 10% ut\u00e1n 11%-on \u00e1ll. A Demokratikus Koal\u00edci\u00f3 t\u00e1bora a teljes n\u00e9pess\u00e9gen bel\u00fcl 3%-r\u00f3l 2%-ra, a p\u00e1rtv\u00e1laszt\u00f3k k\u00f6r\u00e9ben 6%-r\u00f3l 4%-ra m\u00f3dosult \u2013 \u00e1ll a T\u00c1RKI jelent\u00e9s\u00e9ben.<\/p>\n","protected":false},"excerpt":{"rendered":"<p>A T\u00c1RKI T\u00e1rsadalomkutat\u00e1si Int\u00e9zet havi rendszeres p\u00e1rtpreferencia-kutat\u00e1sa alapj\u00e1n az \u00e9ppen 2 \u00e9ve t\u00f6rt\u00e9nt korm\u00e1nyalak\u00edt\u00e1s \u00f3ta jelent\u0151sen cs\u00f6kkent Fidesz-KDNP t\u00e1bora, mik\u00f6zben sz\u00e1mottev\u0151en n\u00f6vekedett a v\u00e1lasztani nem tud\u00f3 vagy nem akar\u00f3 szavaz\u00f3k ar\u00e1nya. A Fidesz-KDNP t\u00e1mogatotts\u00e1ga ezzel 2012 m\u00e1jus\u00e1ra l\u00e9nyeg\u00e9ben az MSZP szintj\u00e9re cs\u00f6kkent. Az elm\u00falt k\u00e9t \u00e9v sor\u00e1n az MSZP t\u00e1bor\u00e1nak m\u00e9rete folyamatosan ingadozott, majd f\u00e9l \u00e9ve kis m\u00e9rt\u00e9kben n\u0151tt; a Jobbik\u00e9 a kezdeti n\u00f6veked\u00e9s ut\u00e1n l\u00e9nyeg\u00e9ben stagn\u00e1l, az LMP t\u00e1mogatotts\u00e1ga pedig v\u00e1ltozatlanul a parlamenti k\u00fcsz\u00f6b k\u00f6r\u00fcl alakul. <a href=\"https:\/\/www.mszporoszlany.hu\/?p=861\">Egy kattint\u00e1s ide a folytat\u00e1shoz&#8230;. <span class=\"meta-nav\">&rarr;<\/span><\/a><\/p>\n","protected":false},"author":35,"featured_media":0,"comment_status":"open","ping_status":"closed","sticky":false,"template":"","format":"standard","meta":{"footnotes":""},"categories":[196],"tags":[151,152,373,153,1763,372,300],"class_list":["post-861","post","type-post","status-publish","format-standard","hentry","category-magyarorszag","tag-fidesz-kdnp","tag-jobbik","tag-kiabrandult-szavazo","tag-lmp","tag-mszp","tag-partpreferencia","tag-tarki"],"_links":{"self":[{"href":"https:\/\/www.mszporoszlany.hu\/index.php?rest_route=\/wp\/v2\/posts\/861","targetHints":{"allow":["GET"]}}],"collection":[{"href":"https:\/\/www.mszporoszlany.hu\/index.php?rest_route=\/wp\/v2\/posts"}],"about":[{"href":"https:\/\/www.mszporoszlany.hu\/index.php?rest_route=\/wp\/v2\/types\/post"}],"author":[{"embeddable":true,"href":"https:\/\/www.mszporoszlany.hu\/index.php?rest_route=\/wp\/v2\/users\/35"}],"replies":[{"embeddable":true,"href":"https:\/\/www.mszporoszlany.hu\/index.php?rest_route=%2Fwp%2Fv2%2Fcomments&post=861"}],"version-history":[{"count":0,"href":"https:\/\/www.mszporoszlany.hu\/index.php?rest_route=\/wp\/v2\/posts\/861\/revisions"}],"wp:attachment":[{"href":"https:\/\/www.mszporoszlany.hu\/index.php?rest_route=%2Fwp%2Fv2%2Fmedia&parent=861"}],"wp:term":[{"taxonomy":"category","embeddable":true,"href":"https:\/\/www.mszporoszlany.hu\/index.php?rest_route=%2Fwp%2Fv2%2Fcategories&post=861"},{"taxonomy":"post_tag","embeddable":true,"href":"https:\/\/www.mszporoszlany.hu\/index.php?rest_route=%2Fwp%2Fv2%2Ftags&post=861"}],"curies":[{"name":"wp","href":"https:\/\/api.w.org\/{rel}","templated":true}]}}