{"id":865,"date":"2012-06-04T10:47:45","date_gmt":"2012-06-04T09:47:45","guid":{"rendered":"http:\/\/www.mszporoszlany.hu\/?p=865"},"modified":"2012-06-08T07:35:09","modified_gmt":"2012-06-08T06:35:09","slug":"865","status":"publish","type":"post","link":"https:\/\/www.mszporoszlany.hu\/?p=865","title":{"rendered":"Gurul a gy\u00f3gyszer &#8211; I."},"content":{"rendered":"<p><img loading=\"lazy\" decoding=\"async\" class=\"alignleft size-full wp-image-870\" title=\"TancoloLanyok\" src=\"https:\/\/www.mszporoszlany.hu\/wp-content\/uploads\/2012\/06\/TancoloLanyok.jpg\" alt=\"\" width=\"200\" height=\"120\" \/>Nagyon sz\u00e9p \u00e9s dics\u00e9retes elk\u00e9pzel\u00e9s v\u00e1rosunk vezet\u00e9s\u00e9t\u0151l, hogy megmenti a f\u0151 utca m\u0171v\u00e9szeti alkot\u00e1sait az eny\u00e9szett\u0151l. A k\u00e9rd\u00e9s csak az, hogy hogyan, mikor, milyen m\u00f3don \u00e9s mib\u0151l? M\u00e1r az is furcsa, hogy hossz\u00fa id\u0151n \u00e1t Keller J\u00f3zsef v\u00e9gezte az el\u0151munk\u00e1latokat, t\u00e1rgyal\u00e1sokat a fel\u00faj\u00edt\u00e1ssal kapcsolatban, Szente Mih\u00e1ly\u00e9k v\u00e9gezt\u00e9k a pr\u00f3bavakol\u00e1sokat. \u00cdgy \u00edrt err\u0151l a kir\u00e1lyi weboldal: \u201e<em>Izgalmas fejezet\u00e9hez \u00e9rkezett a R\u00e1k\u00f3czi \u00fati sgrafitt\u00f3k fel\u00faj\u00edt\u00e1s\u00e1nak, illetve megment\u00e9s\u00e9nek v\u00e1rosh\u00e1zi projektje. 2011. augusztus 8-\u00e1n Szente Mih\u00e1ly telep\u00e9n, a volt bokodi t\u00e9esz ter\u00fclet\u00e9n pr\u00f3bavakol\u00e1st tartott Keller J\u00f3zsef k\u00e9pz\u0151m\u0171v\u00e9sz a telephely tulajdonos\u00e1nak \u00e9s a Magortherm Zrt. k\u00e9pvisel\u0151inek k\u00f6zrem\u0171k\u00f6d\u00e9s\u00e9vel.<\/em>\u201d<\/p>\n<p><!--more--><\/p>\n<div style=\"width: 442px\" class=\"wp-caption aligncenter\"><a href=\"\/wp-fotos\/sgrafitto\/Sgrafitto1.jpg\" rel=\"lightbox1\"><img loading=\"lazy\" decoding=\"async\" title=\"A &quot;happening&quot; r\u00e9sztvev\u0151i a m\u00e1sodik k\u00e9pn\u00e9l\" src=\"\/wp-fotos\/sgrafitto\/Sgrafitto1.jpg\" alt=\"\" width=\"432\" height=\"288\" \/><\/a><p class=\"wp-caption-text\">A &quot;happening&quot; r\u00e9sztvev\u0151i a m\u00e1sodik k\u00e9pn\u00e9l<\/p><\/div>\n<p>Azt\u00e1n egyszer csak nagy h\u00edrtelen egy teljesen \u00faj csapat t\u0171nt fel, \u00e9s minden el\u0151zetes munk\u00e1lat n\u00e9lk\u00fcl belecsapott a lecs\u00f3ba! Ezt ak\u00e1r sz\u00f3 szerint is \u00e9rthetj\u00fck, mert k\u00f6r\u00fclbel\u00fcl olyan sz\u00ednvonalon v\u00e9gezt\u00e9k a munk\u00e1jukat, mintha egy brig\u00e1dbulin lecs\u00f3t k\u00e9sz\u00edtettek volna. A v\u00e1rosi honlapra felt\u00f6lt\u00f6tt &#8222;alkot\u00f3munk\u00e1r\u00f3l&#8221; k\u00e9sz\u00fclt k\u00e9pekb\u0151l az der\u00fcl ki az \u00f3vatlan \u201ekattint\u00f3nak&#8221;, hogy ez egy \u201ehappening&#8221; volt! Aki \u00e9ppen arra j\u00e1rt, az egy kicsit \u201edolgozhatott a m\u0171v\u00f6n&#8221;! Meg is lett az eredm\u00e9nye! Ez kor\u00e1ntsem lenne zavar\u00f3, ha \u00f6nk\u00e9ntes felaj\u00e1nl\u00e1sk\u00e9nt, csak az\u00e9rt k\u00e9sz\u00fclt volna, hogy \u201ejobb, mint ahogy az el\u0151z\u0151 kin\u00e9zett&#8221;! <span style=\"text-decoration: underline;\">Csakhogy ez\u00e9rt az egy napos munk\u00e1\u00e9rt k\u00f6zp\u00e9nzb\u0151l 5 (\u00f6t) milli\u00f3 kem\u00e9ny magyar forint lesz (lett?) kifizetve!<\/span> Azt\u00e1n j\u00f6tt a m\u00e1sodik \u201em\u0171&#8221; is, ami felt\u00e9telezhet\u0151en hasonl\u00f3 kvalit\u00e1sokat fog mutatni! Ja, \u00e9s term\u00e9szetesen ez is honor\u00e1lva lesz! (Tal\u00e1n eml\u00e9kszik a kedves Olvas\u00f3, hogyan torped\u00f3zta meg a v\u00e1rosi TV munkat\u00e1rsa annak idej\u00e9n a sgrafitt\u00f3k fel\u00faj\u00edt\u00e1s\u00e1t, amikor r\u00e1hozta a m\u0171eml\u00e9kv\u00e9delmet a v\u00e1rosvezet\u00e9sre! \u2013 nos, most ilyenr\u0151l sz\u00f3 sincsen.)<\/p>\n<p align=\"center\"><a href=\"\/wp-fotos\/sgrafitto\/TancoloLanyok2.jpg\" rel=\"lightbox1\"><img loading=\"lazy\" decoding=\"async\" class=\"size-full wp-image-872 alignnone\" title=\"A &quot;fel\u00faj\u00edtott&quot; k\u00e9p\" src=\"https:\/\/www.mszporoszlany.hu\/wp-content\/uploads\/2012\/06\/TancoloLanyok2s.jpg\" alt=\"\" width=\"200\" height=\"120\" \/><\/a> <a href=\"\/wp-fotos\/sgrafitto\/TancoloLanyok1.jpg\" rel=\"lightbox1\"><img decoding=\"async\" class=\"alignnone  wp-image-876\" title=\"Az eredeti Ridovics L\u00e1szl\u00f3 alkot\u00e1s\" src=\"https:\/\/www.mszporoszlany.hu\/wp-content\/uploads\/2012\/06\/TancoloLanyok1s.jpg\" alt=\"\" \/><\/a><br \/>\nA k\u00e9p nagy\u00edt\u00e1s\u00e1hoz kattintson a k\u00e9pre<\/p>\n<p>Ami m\u00e1r tudhat\u00f3, erre a kis PR cirkuszra 50 milli\u00f3t sz\u00e1nd\u00e9kozik a v\u00e1ros k\u00f6lteni. Az \u00e1ltalunk megk\u00e9rdezett szakember szerint felesleges ilyen irdatlan p\u00e9nzt k\u00f6lteni olyan munk\u00e1ra, amelynek a l\u00e9nyege: szolgai m\u00f3don, b\u00e1r az eredeti alkot\u00f3 k\u00e9zmozdulatait k\u00f6vetve l\u00e9trehozni egy olyan \u00faj m\u0171vet, ami m\u00e1r nem eredeti, \u00f6n\u00e1ll\u00f3 m\u0171v\u00e9szi alkot\u00e1s, \u00edgy \u00e9rtelemszer\u0171en a d\u00edjaz\u00e1sa sem lehet olyan m\u00e9rt\u00e9k\u0171. A v\u00e9geredm\u00e9nyt l\u00e1tva nyugodtan kijelenthet\u0151: Ridovics L\u00e1szl\u00f3 alkot\u00e1sa \u00f6r\u00f6kre megsemmis\u00fclt! Ugyanis, ha feltessz\u00fck azt a k\u00e9rd\u00e9st, hogy hasonl\u00edt-e a k\u00e9t m\u0171, akkor a k\u00f6vetkez\u0151 felvet\u00e9sekkel lehet r\u00e1 v\u00e1laszolni: Darabra? Igen! 3 alak=3 alak! Hogy v\u00e9gtaghib\u00e1s alakok siker\u00fcltek? Vagy mad\u00e1rka sz\u00e1llott a le\u00e1nyok fej\u00e9re \u00e9s ott hagyta nyom\u00e1t? Hogy a vonalakb\u00f3l, sz\u00ednekb\u0151l hol t\u00f6bb, hol kevesebb szerepel? \u2013 Ezek apr\u00f3s\u00e1gok! &#8211; kit \u00e9rdekel?<\/p>\n<p>V\u00e9g\u00fcl nyugodt sz\u00edvvel kijelenthetj\u00fck, Oroszl\u00e1ny v\u00e1ros lakoss\u00e1g\u00e1t ism\u00e9t t\u00f6bbsz\u00f6r\u00f6sen \u00e1tejtett\u00e9k(-ik), csak hogy n\u00e9h\u00e1ny ember megdics\u0151\u00fclj\u00f6n, illetve &#8222;anyagilag is j\u00f3l j\u00e1rjon&#8221;.<\/p>\n<p>J\u00f3 szerencs\u00e9t!<br \/>\n(M\u00e1r akinek van&#8230;)<\/p>\n<div style=\"width: 418px\" class=\"wp-caption aligncenter\"><a href=\"https:\/\/www.mszporoszlany.hu\/wp-fotos\/sgrafitto\/TancoloLanyok3.jpg\" rel=\"lightbox3\"><img loading=\"lazy\" decoding=\"async\" title=\"Egy kis &quot;m\u0171elemz\u00e9s&quot;\" src=\"\/wp-fotos\/sgrafitto\/TancoloLanyok3.jpg\" alt=\"\" width=\"408\" height=\"420\" \/><\/a><p class=\"wp-caption-text\">Egy kis &quot;m\u0171elemz\u00e9s&quot;<\/p><\/div>\n<p><em>\u00a0A cikkben, a m\u0171vel kapcsolatosan megfogalmazott alapgondolatokat Pilis\u00a0Jen\u0151t\u0151l vett\u00fck k\u00f6lcs\u00f6n, aki k\u00e9pzetts\u00e9ge r\u00e9v\u00e9n szakembernek tekinthet\u0151 a\u00a0t\u00e9m\u00e1ban. A bemutatott k\u00e9pek szint\u00e9n t\u0151le sz\u00e1rmaznak, amelyeket mindenki\u00a0megtal\u00e1lhat internetes <a title=\"Pilis Jen\u0151 FaceBook oldala\" href=\"http:\/\/www.facebook.com\/jeno.pilis\" target=\"_blank\">oldalain<\/a>.\u00a0Ez\u00faton k\u00f6sz\u00f6nj\u00fck enged\u00e9ly\u00e9t cikk\u00fcnk\u00a0megjelen\u00e9s\u00e9hez.<\/em><\/p>\n","protected":false},"excerpt":{"rendered":"<p>Nagyon sz\u00e9p \u00e9s dics\u00e9retes elk\u00e9pzel\u00e9s v\u00e1rosunk vezet\u00e9s\u00e9t\u0151l, hogy megmenti a f\u0151 utca m\u0171v\u00e9szeti alkot\u00e1sait az eny\u00e9szett\u0151l. A k\u00e9rd\u00e9s csak az, hogy hogyan, mikor, milyen m\u00f3don \u00e9s mib\u0151l? M\u00e1r az is furcsa, hogy hossz\u00fa id\u0151n \u00e1t Keller J\u00f3zsef v\u00e9gezte az el\u0151munk\u00e1latokat, t\u00e1rgyal\u00e1sokat a fel\u00faj\u00edt\u00e1ssal kapcsolatban, Szente Mih\u00e1ly\u00e9k v\u00e9gezt\u00e9k a pr\u00f3bavakol\u00e1sokat. <a href=\"https:\/\/www.mszporoszlany.hu\/?p=865\">Egy kattint\u00e1s ide a folytat\u00e1shoz&#8230;. <span class=\"meta-nav\">&rarr;<\/span><\/a><\/p>\n","protected":false},"author":35,"featured_media":0,"comment_status":"open","ping_status":"closed","sticky":false,"template":"","format":"standard","meta":{"footnotes":""},"categories":[194],"tags":[378,379,374,377,376,375],"class_list":["post-865","post","type-post","status-publish","format-standard","hentry","category-oroszlany","tag-50-millio","tag-happening","tag-keller-jozsef","tag-ridovics-laszlo","tag-sgrafitto","tag-szente-mihaly"],"_links":{"self":[{"href":"https:\/\/www.mszporoszlany.hu\/index.php?rest_route=\/wp\/v2\/posts\/865","targetHints":{"allow":["GET"]}}],"collection":[{"href":"https:\/\/www.mszporoszlany.hu\/index.php?rest_route=\/wp\/v2\/posts"}],"about":[{"href":"https:\/\/www.mszporoszlany.hu\/index.php?rest_route=\/wp\/v2\/types\/post"}],"author":[{"embeddable":true,"href":"https:\/\/www.mszporoszlany.hu\/index.php?rest_route=\/wp\/v2\/users\/35"}],"replies":[{"embeddable":true,"href":"https:\/\/www.mszporoszlany.hu\/index.php?rest_route=%2Fwp%2Fv2%2Fcomments&post=865"}],"version-history":[{"count":0,"href":"https:\/\/www.mszporoszlany.hu\/index.php?rest_route=\/wp\/v2\/posts\/865\/revisions"}],"wp:attachment":[{"href":"https:\/\/www.mszporoszlany.hu\/index.php?rest_route=%2Fwp%2Fv2%2Fmedia&parent=865"}],"wp:term":[{"taxonomy":"category","embeddable":true,"href":"https:\/\/www.mszporoszlany.hu\/index.php?rest_route=%2Fwp%2Fv2%2Fcategories&post=865"},{"taxonomy":"post_tag","embeddable":true,"href":"https:\/\/www.mszporoszlany.hu\/index.php?rest_route=%2Fwp%2Fv2%2Ftags&post=865"}],"curies":[{"name":"wp","href":"https:\/\/api.w.org\/{rel}","templated":true}]}}