{"id":89,"date":"2012-01-26T10:31:00","date_gmt":"2012-01-26T09:31:00","guid":{"rendered":"http:\/\/www.mszporoszlany.hu\/?p=89"},"modified":"2012-07-11T22:31:13","modified_gmt":"2012-07-11T21:31:13","slug":"ertunk-autozott-el-nyolcmilliot","status":"publish","type":"post","link":"https:\/\/www.mszporoszlany.hu\/?p=89","title":{"rendered":"\u00c9rt\u00fcnk aut\u00f3zott el nyolcmilli\u00f3t"},"content":{"rendered":"<p><img loading=\"lazy\" decoding=\"async\" class=\"alignleft size-full wp-image-126\" title=\"polgiauto\" src=\"https:\/\/www.mszporoszlany.hu\/wp-content\/uploads\/2012\/03\/polgiauto.jpg\" alt=\"\" width=\"200\" height=\"120\" \/>Megd\u00f6bbent\u0151 adatokat tartalmaz az az \u00f6sszes\u00edt\u00e9s, amely Oroszl\u00e1ny polg\u00e1rmester\u00e9nek 2011-es g\u00e9pkocsi haszn\u00e1lat\u00e1t tartalmazza. Ebb\u0151l kider\u00fcl, hogy Tak\u00e1cs K\u00e1roly tavaly mintegy nyolcmilli\u00f3 forintnyi k\u00f6zp\u00e9nz\u00e9rt r\u00f3tta \u00fatjait, azaz 638 ezer forintba ker\u00fclt havonta \u00e1tlagosan hivatalos \u00fcgyeinek aut\u00f3val val\u00f3 int\u00e9z\u00e9se.<\/p>\n<p><!--more--><\/p>\n<p>\u00d6sszess\u00e9g\u00e9ben 69 ezer kilom\u00e9tert gurult a Ford Mondeo egy \u00e9v alatt, s volt olyan h\u00f3nap \u2013 szeptember \u2013 amikor k\u00f6zel nyolc \u00e9s f\u00e9lezer kilom\u00e9tert tett meg a v\u00e1ros \u00fcgyeinek int\u00e9z\u00e9se \u00e9rdek\u00e9ben. Ez napi 274 kilom\u00e9teres \u00e1tlag, ami valljuk be, nem semmi. Annak f\u00e9ny\u00e9ben meg pl\u00e1ne, hogy az el\u0151z\u0151 polg\u00e1rmester k\u00e9t \u00e9v alatt ment kb. 50 ezret. Ehhez a tisztes mennyis\u00e9ghez persze benzin is kell, amib\u0151l 2,4 milli\u00f3 forintnyit tankoltak a j\u00e1rg\u00e1nyba, s 793 ezret vitt el a karbantart\u00e1si \u00e9s egy\u00e9b k\u00f6lts\u00e9g.<\/p>\n<p><em>Sz\u00f3val itt akkor meg is \u00e1llhatn\u00e1nk, s meg\u00e1llap\u00edthatn\u00e1nk, hogy Oroszl\u00e1ny \u00e9rdek\u00e9ben bizony menni kell \u2013 vajon mennyit aut\u00f3zik egy gy\u0151ri, debreceni, net\u00e1n egy f\u0151v\u00e1rosi polg\u00e1rmester?<\/em><\/p>\n<p>Azonban van m\u00e9g itt valami, hiszen a telep\u00fcl\u00e9s els\u0151 ember\u00e9nek hossz\u00fa \u00fatjai sor\u00e1n nagy dolgokon kell gondolkodnia, s az unalmas z\u00f6tyk\u00f6l\u0151d\u00e9s k\u00f6zben is minden idej\u00e9t kisv\u00e1rosunk fejl\u0151d\u00e9se \u00e9rdek\u00e9ben kell felhaszn\u00e1lnia, ez\u00e9rt sof\u0151r hurcol\u00e1ssza imm\u00e1r kaput\u00f3l kapuig, h\u00e1zt\u00f3l h\u00e1zig \u2013 hogy m\u00e9g ki mindenkit \u00e9s milyen c\u00e9lb\u00f3l, az egy m\u00e1sik t\u00f6rt\u00e9net. Sz\u00f3val a sof\u0151r alkalmaz\u00e1s\u00e1nak is vannak k\u00f6lts\u00e9gei \u2013 nem is kev\u00e9s. 2011-ben ez 4,5 milli\u00f3 forintba ker\u00fclt az ad\u00f3fizet\u0151knek. A m\u00e1r eml\u00edtett omin\u00f3zus szeptember h\u00f3napban 518 \u00f3r\u00e1t vezetett, illetve \u00e1llt k\u00e9szenl\u00e9tben, napi \u00e1tlagban 16,7 \u00f3r\u00e1t \u2013 na, ezt h\u00edvj\u00e1k ember feletti teljes\u00edtm\u00e9nynek.<\/p>\n<p>H\u00e9tk\u00f6znaponk\u00e9nt 850 Ft+\u00c1FA, m\u00edg \u00fcnnepnapokon 1700 Ft+\u00c1FA a fuvaros \u00f3rad\u00edja, s mivel az \u00e9v folyam\u00e1n k\u00f6zel n\u00e9gyezer \u00f3rai szolg\u00e1latot l\u00e1tott el (az \u00e9v 365 napj\u00e1ra vet\u00edtve napi 10,8 \u00f3r\u00e1t) k\u00f6nnyen bel\u00e1that\u00f3, hogy kij\u00f6n az a n\u00e9gy \u00e9s f\u00e9lmilli\u00f3.<\/p>\n<p>S, hogy a v\u00e9g\u00e9re is maradjon egy kis csemege: a polg\u00e1rmester le szeretn\u00e9 cser\u00e9lni az imm\u00e1r 3 \u00e9ves aut\u00f3t, amiben m\u00e9g csak 120 ezer kilom\u00e9ter van. Hogy mibe ker\u00fclne az \u00e1ltala kin\u00e9zett \u00faj udvari g\u00e9pj\u00e1rm\u0171? Eltal\u00e1lta: k\u00f6zel nyolcmilli\u00f3 forintba!<\/p>\n","protected":false},"excerpt":{"rendered":"<p>Megd\u00f6bbent\u0151 adatokat tartalmaz az az \u00f6sszes\u00edt\u00e9s, amely Oroszl\u00e1ny polg\u00e1rmester\u00e9nek 2011-es g\u00e9pkocsi haszn\u00e1lat\u00e1t tartalmazza. Ebb\u0151l kider\u00fcl, hogy Tak\u00e1cs K\u00e1roly tavaly mintegy nyolcmilli\u00f3 forintnyi k\u00f6zp\u00e9nz\u00e9rt r\u00f3tta \u00fatjait, azaz 638 ezer forintba ker\u00fclt havonta \u00e1tlagosan hivatalos \u00fcgyeinek aut\u00f3val val\u00f3 int\u00e9z\u00e9se.<\/p>\n","protected":false},"author":35,"featured_media":0,"comment_status":"open","ping_status":"closed","sticky":false,"template":"","format":"standard","meta":{"footnotes":""},"categories":[194],"tags":[12,11,9,10],"class_list":["post-89","post","type-post","status-publish","format-standard","hentry","category-oroszlany","tag-polgarmesteri-auto","tag-super-b","tag-takacs-karoly","tag-utazo-polgarmester"],"_links":{"self":[{"href":"https:\/\/www.mszporoszlany.hu\/index.php?rest_route=\/wp\/v2\/posts\/89","targetHints":{"allow":["GET"]}}],"collection":[{"href":"https:\/\/www.mszporoszlany.hu\/index.php?rest_route=\/wp\/v2\/posts"}],"about":[{"href":"https:\/\/www.mszporoszlany.hu\/index.php?rest_route=\/wp\/v2\/types\/post"}],"author":[{"embeddable":true,"href":"https:\/\/www.mszporoszlany.hu\/index.php?rest_route=\/wp\/v2\/users\/35"}],"replies":[{"embeddable":true,"href":"https:\/\/www.mszporoszlany.hu\/index.php?rest_route=%2Fwp%2Fv2%2Fcomments&post=89"}],"version-history":[{"count":0,"href":"https:\/\/www.mszporoszlany.hu\/index.php?rest_route=\/wp\/v2\/posts\/89\/revisions"}],"wp:attachment":[{"href":"https:\/\/www.mszporoszlany.hu\/index.php?rest_route=%2Fwp%2Fv2%2Fmedia&parent=89"}],"wp:term":[{"taxonomy":"category","embeddable":true,"href":"https:\/\/www.mszporoszlany.hu\/index.php?rest_route=%2Fwp%2Fv2%2Fcategories&post=89"},{"taxonomy":"post_tag","embeddable":true,"href":"https:\/\/www.mszporoszlany.hu\/index.php?rest_route=%2Fwp%2Fv2%2Ftags&post=89"}],"curies":[{"name":"wp","href":"https:\/\/api.w.org\/{rel}","templated":true}]}}