{"id":890,"date":"2012-06-06T11:59:48","date_gmt":"2012-06-06T10:59:48","guid":{"rendered":"http:\/\/www.mszporoszlany.hu\/?p=890"},"modified":"2012-06-06T19:53:41","modified_gmt":"2012-06-06T18:53:41","slug":"gurul-a-gyogyszer-ii","status":"publish","type":"post","link":"https:\/\/www.mszporoszlany.hu\/?p=890","title":{"rendered":"Gurul a gy\u00f3gyszer &#8211; II."},"content":{"rendered":"<p><img loading=\"lazy\" decoding=\"async\" class=\"alignleft size-full wp-image-891\" title=\"gyogyszer\" src=\"https:\/\/www.mszporoszlany.hu\/wp-content\/uploads\/2012\/06\/gyogyszer.jpg\" alt=\"\" width=\"200\" height=\"120\" \/>Amikor az ember \u00fagy gondolja, hogy az eddig elk\u00f6vetett h\u00fclyes\u00e9geket nem lehet \u0171berelni (szakemberek elt\u00e1vol\u00edt\u00e1sa, a v\u00e1rosi weboldal l\u00e1togatotts\u00e1g\u00e1nak drasztikus leh\u00faz\u00e1sa, sgrafitt\u00f3k t\u00e1rsas\u00e1gi t\u00f6nkret\u00e9tele, int\u00e9zm\u00e9nyek \u00e1tnevez\u00e9se stb.), akkor felt\u0171nik egy g\u00e9niusz, aki megmondja a tutit! M\u0171f\u00fcves p\u00e1lya kell a v\u00e1rosnak, nem is az els\u0151 (az m\u00e1r k\u00e9sz\u00fcl), mert m\u00e1r csak ez hi\u00e1nyzott az emberek boldogs\u00e1g\u00e1hoz! Ker\u00fcl, amibe ker\u00fcl, MI akkor is megcsin\u00e1ljuk!<\/p>\n<p><!--more--><\/p>\n<p>2012. m\u00e1jus 29-\u00e9n a k\u00e9pvisel\u0151 test\u00fclet megszavazta, hogy a volt (jelenleg \u00fcresen \u00e1ll\u00f3) G\u00e1rdonyi G\u00e9za iskola (kor\u00e1bban 4-es) ter\u00fclet\u00e9n nemzetk\u00f6zi versenyek rendez\u00e9s\u00e9re is alkalmas, 115&#215;75 m-es (giga-mega) m\u0171f\u00fcves p\u00e1ly\u00e1t kell \u00e9p\u00edteni. A projekt potom 160 milli\u00f3 kem\u00e9ny magyar forintba ker\u00fclne, amelyhez jelent\u0151 \u00e1llami t\u00e1mogat\u00e1s t\u00e1rsulna. A v\u00e1rosnak &#8222;csak&#8221; 48 milli\u00f3t kellene bedobni a k\u00f6z\u00f6sbe az am\u00fagy felesleges c\u00e9ltartal\u00e9kb\u00f3l. Az\u00e9rt, hogy minden flottul haladjon, dobjunk m\u00e9g r\u00e1 3 milli\u00f3t az \u00fagynevezett &#8222;el\u0151k\u00e9sz\u00edt\u0151 munk\u00e1kra&#8221;! (Hogy ez mit takar, ne k\u00e9rdezze senki!)<\/p>\n<p>\u00c9s akkor j\u00f6jj\u00f6n a non plus ultra: a p\u00e1lya egyel\u0151re NEM ker\u00fclne a v\u00e1ros tulajdon\u00e1ba! Viszont a fenntart\u00e1si k\u00f6lts\u00e9geket NEK\u00dcNK kell fizetni, ahogy 15 \u00e9ven kereszt\u00fcl a b\u00e9rleti d\u00edjat is, ami mintegy 48 milli\u00f3 forint, a beruh\u00e1z\u00e1sra \u00e9s az ingatlanra pedig a lej\u00e1ratig jelz\u00e1log lesz bejegyezve. Na, ezt kaparja ki a kedves Olvas\u00f3!<\/p>\n<p>De ha m\u00e1r ezt ilyen \u00fcgyesen kital\u00e1lt\u00e1k, megk\u00e9rt\u00fck \u00e9p\u00edt\u00e9szetben j\u00e1rtas szak\u00e9rt\u0151nket n\u00e9zze m\u00e1r meg, hogyan f\u00e9r el a ter\u00fcleten a p\u00e1lya. Kider\u00fclt: jelenleg sehogy! Sajnos az a fr\u00e1nya iskola\u00e9p\u00fclet \u00fatban van. Sebaj, \u00fagy is \u00fcres, lebontjuk &#8211; gondolhatja a v\u00e1rosvezet\u00e9s. Na, de ez megint p\u00e9nz, nem is kev\u00e9s! 50-100-150 milli\u00f3, nem tudjuk, de azt igen, hogy az \u00e9p\u00fclet \u00f6sszes k\u00f6zm\u0171vezet\u00e9ke ezen ter\u00fclet alatt halad. Azt\u00e1n az is probl\u00e9m\u00e1t jelenthet, hogy a jelenlegi sportp\u00e1lya \u00e9s az iskola k\u00f6z\u00f6tt komoly szintk\u00fcl\u00f6nbs\u00e9g van, aminek kiegyenl\u00edt\u00e9s\u00e9hez minden bizonnyal t\u00e1mfalat kell \u00e9p\u00edteni. Arr\u00f3l nem besz\u00e9lve, hogy a placc k\u00f6r\u00fclj\u00e1rhat\u00f3s\u00e1g\u00e1t illik biztos\u00edtani, a vil\u00e1g\u00edt\u00f3 kandel\u00e1bereket is el kell helyezni p\u00e1ly\u00e1n k\u00edv\u00fcl &#8211; sz\u00f3val lesz mel\u00f3 b\u0151ven. Na, de mit kell minden apr\u00f3s\u00e1gon fennakadni &#8211; a jelenlegi tervek szerint a tornaterem marad!?<\/p>\n<div style=\"width: 610px\" class=\"wp-caption aligncenter\"><img loading=\"lazy\" decoding=\"async\" class=\" \" src=\"\/wp-fotos\/tervek\/mufuves.jpg\" alt=\"\" width=\"600\" height=\"380\" \/><p class=\"wp-caption-text\">Az eredeti 111x72 (piros) \u00e9s a m\u00f3dos\u00edtott 115x75 (z\u00f6ld) p\u00e1lya elhelyezked\u00e9se<\/p><\/div>\n<p>Ez egy olyan p\u00e1lya lesz, hogy m\u00e9g \u00e9jszaka is lehet majd rajta r\u00fagni a b\u0151rt! Legal\u00e1bb 120 lux lesz a f\u00e9nyer\u0151! Egy\u00e9bk\u00e9nt csak \u00f6sszehasonl\u00edt\u00e1s v\u00e9gett: egy k\u00f6zleked\u0151 folyos\u00f3n, vagy w.c.-ben 200 lux a minimum. Val\u00f3sz\u00edn\u0171leg az\u00e9rt ilyen elrugaszkodott a teljes k\u00f6lts\u00e9g, mert a j\u00e1t\u00e9kosok \u00e9jjell\u00e1t\u00f3 k\u00e9sz\u00fcl\u00e9ket is kapnak!<\/p>\n<p>\u00d6sszegezve teh\u00e1t: a jelek szerint Oroszl\u00e1ny k\u00f6lts\u00e9gvet\u00e9s\u00e9ben b\u0151ven elf\u00e9r minden felesleges beruh\u00e1z\u00e1s, mivel ez az a hely, amit a spanyol konkviszt\u00e1dorok nem tal\u00e1ltak meg: Eldor\u00e1d\u00f3! B\u00e1tran b\u00edztatok mindenkit, hogy tal\u00e1ljon ki min\u00e9l nagyobb marhas\u00e1got, mert biztos vev\u0151t tal\u00e1l \u00f6tlete megval\u00f3s\u00edt\u00e1s\u00e1hoz a v\u00e1rosvezet\u00e9sn\u00e9l!<\/p>\n<p>Hajr\u00e1 Magyarorsz\u00e1g!<br \/>\nHajr\u00e1 Oroszl\u00e1ny!<br \/>\nHajr\u00e1 zemberek!<\/p>\n<p><em>A cikkben, a tervekkel kapcsolatosan megfogalmazott alapgondolatokat Pilis\u00a0Jen\u0151t\u0151l vett\u00fck k\u00f6lcs\u00f6n, aki k\u00e9pzetts\u00e9ge r\u00e9v\u00e9n szakembernek tekinthet\u0151 a\u00a0t\u00e9m\u00e1ban. A k\u00e9p k\u00e9sz\u00edt\u00e9s\u00e9nek \u00f6tlete is t\u0151le sz\u00e1rmazik, amelyet mindenki\u00a0megtal\u00e1lhat internetes <a title=\"Pilis Jen\u0151 FaceBook oldala\" href=\"http:\/\/www.facebook.com\/jeno.pilis\" target=\"_blank\">oldalain<\/a>.\u00a0Ez\u00faton k\u00f6sz\u00f6nj\u00fck enged\u00e9ly\u00e9t cikk\u00fcnk\u00a0megjelen\u00e9s\u00e9hez.<\/em><\/p>\n<p><em>A k\u00e9p forr\u00e1sa: Google Map.<\/em><\/p>\n<p><strong>Ut\u00f3irat<\/strong><\/p>\n<p><strong><\/strong>Mivel a v\u00e1ros \u00e9rt\u00e9kei gyors iramban t\u0171nnek el az \u00e1tkeresztel\u00e9sek \u00e9s fejleszt\u00e9sek kapcs\u00e1n, \u00fagy gondoltuk ehhez a cikkhez kapcsolunk egy fot\u00f3t, amely nem az eny\u00e9szet, hanem a sz\u00fclet\u00e9s jegy\u00e9ben k\u00e9sz\u00fclt.<\/p>\n<div style=\"width: 510px\" class=\"wp-caption aligncenter\"><img loading=\"lazy\" decoding=\"async\" src=\"\/wp-fotos\/tervek\/Gardonyi.jpg\" alt=\"\" width=\"500\" height=\"300\" \/><p class=\"wp-caption-text\">A G\u00e1rdonyi G\u00e9za \u00c1ltal\u00e1nos Iskola (4-es iskola) \u00e9p\u00edt\u00e9se...<\/p><\/div>\n","protected":false},"excerpt":{"rendered":"<p>Amikor az ember \u00fagy gondolja, hogy az eddig elk\u00f6vetett h\u00fclyes\u00e9geket nem lehet \u0171berelni (szakemberek elt\u00e1vol\u00edt\u00e1sa, a v\u00e1rosi weboldal l\u00e1togatotts\u00e1g\u00e1nak drasztikus leh\u00faz\u00e1sa, sgrafitt\u00f3k t\u00e1rsas\u00e1gi t\u00f6nkret\u00e9tele, int\u00e9zm\u00e9nyek \u00e1tnevez\u00e9se stb.), akkor felt\u0171nik egy g\u00e9niusz, aki megmondja a tutit! M\u0171f\u00fcves p\u00e1lya kell a v\u00e1rosnak, nem is az els\u0151 (az m\u00e1r k\u00e9sz\u00fcl), mert m\u00e1r csak ez hi\u00e1nyzott az emberek boldogs\u00e1g\u00e1hoz! Ker\u00fcl, amibe ker\u00fcl, MI akkor is megcsin\u00e1ljuk! <a href=\"https:\/\/www.mszporoszlany.hu\/?p=890\">Egy kattint\u00e1s ide a folytat\u00e1shoz&#8230;. <span class=\"meta-nav\">&rarr;<\/span><\/a><\/p>\n","protected":false},"author":35,"featured_media":0,"comment_status":"open","ping_status":"closed","sticky":false,"template":"","format":"standard","meta":{"footnotes":""},"categories":[194],"tags":[383,384,381,385,382,380],"class_list":["post-890","post","type-post","status-publish","format-standard","hentry","category-oroszlany","tag-120-lux","tag-eldorado","tag-giga-mega","tag-konkvisztador","tag-mlsz-tulajdon","tag-mufuves-palya"],"_links":{"self":[{"href":"https:\/\/www.mszporoszlany.hu\/index.php?rest_route=\/wp\/v2\/posts\/890","targetHints":{"allow":["GET"]}}],"collection":[{"href":"https:\/\/www.mszporoszlany.hu\/index.php?rest_route=\/wp\/v2\/posts"}],"about":[{"href":"https:\/\/www.mszporoszlany.hu\/index.php?rest_route=\/wp\/v2\/types\/post"}],"author":[{"embeddable":true,"href":"https:\/\/www.mszporoszlany.hu\/index.php?rest_route=\/wp\/v2\/users\/35"}],"replies":[{"embeddable":true,"href":"https:\/\/www.mszporoszlany.hu\/index.php?rest_route=%2Fwp%2Fv2%2Fcomments&post=890"}],"version-history":[{"count":0,"href":"https:\/\/www.mszporoszlany.hu\/index.php?rest_route=\/wp\/v2\/posts\/890\/revisions"}],"wp:attachment":[{"href":"https:\/\/www.mszporoszlany.hu\/index.php?rest_route=%2Fwp%2Fv2%2Fmedia&parent=890"}],"wp:term":[{"taxonomy":"category","embeddable":true,"href":"https:\/\/www.mszporoszlany.hu\/index.php?rest_route=%2Fwp%2Fv2%2Fcategories&post=890"},{"taxonomy":"post_tag","embeddable":true,"href":"https:\/\/www.mszporoszlany.hu\/index.php?rest_route=%2Fwp%2Fv2%2Ftags&post=890"}],"curies":[{"name":"wp","href":"https:\/\/api.w.org\/{rel}","templated":true}]}}