{"id":907,"date":"2012-06-11T06:08:49","date_gmt":"2012-06-11T05:08:49","guid":{"rendered":"http:\/\/www.mszporoszlany.hu\/?p=907"},"modified":"2012-06-17T08:49:32","modified_gmt":"2012-06-17T07:49:32","slug":"logikus-nem-igazan-orulunk","status":"publish","type":"post","link":"https:\/\/www.mszporoszlany.hu\/?p=907","title":{"rendered":"Logikus, nem igaz\u00e1n \u00f6r\u00fcl\u00fcnk!"},"content":{"rendered":"<p><img loading=\"lazy\" decoding=\"async\" class=\"alignleft size-full wp-image-911\" title=\"garda\" src=\"https:\/\/www.mszporoszlany.hu\/wp-content\/uploads\/2012\/06\/garda.jpg\" alt=\"\" width=\"200\" height=\"120\" \/>Az\u00e9rt a t\u00f6bbes-egyes, mert rem\u00e9nykedem, hogy \u2013velem egy\u00fctt\u2013 nagyon sokan vagyunk, akik hasonl\u00f3an v\u00e9leked\u00fcnk ez \u00fcgyben. Olvasom a h\u00edrekben, hogy megint felvonult a rosszabbik egyik sz\u00e1rnya. \u00dajra el\u0151vett\u00e9k kirekeszt\u0151 jelszavaikat: \u201eNem magyar, akinek nem f\u00e1j Trianon!\u201d, \u201eMi k\u00e9szek vagyunk a harcra!\u201d \u2013 m\u00e1rmint \u0151k, akik felvonultak, mind a h\u00e1romsz\u00e1zan, merthogy mi vagy m\u00e1sok nem. Er\u0151fitogtat\u00e1s, magamutogat\u00e1s, hajcih\u0151, fels\u0151bbrend\u0171 tekintetek, megbotr\u00e1nkoztat\u00f3 egyenruha, ny\u00e1lver\u00e9s, izomagy, butas\u00e1g, populizmus, vissza\u00e9l\u00e9s a jog\u00e1llamis\u00e1ggal, jogrenddel, megf\u00e9leml\u00edt\u00e9s \u2013 t\u00f6bbnyire ezek a szavak jutnak eszembe r\u00f3luk \u00e9s h\u00e1t a t\u00f6rt\u00e9nelmi tapasztalatok, hogy miv\u00e9 fajulhat az ilyesmi.<\/p>\n<p><!--more--><\/p>\n<p>F\u00e9lre\u00e9rt\u00e9s ne ess\u00e9k: nekem is f\u00e1j Trianon, hiszen itt sz\u00fclettem, ezen a t\u00e1jon. Magyarul besz\u00e9lek, itt boldogulok, ahogy tudok, itt vannak bar\u00e1taim, ismer\u0151seim, munk\u00e1m, kis vagyonk\u00e1m, meg sem fordul a fejemben, hogy k\u00fclf\u00f6ldre t\u00e1vozzak. De h\u00e1t ezek el akarnak zavarni, mert nekem a Trianon m\u00e1shogy f\u00e1j, mint nekik. S\u0151t el akarj\u00e1k venni a magyars\u00e1gomat, mert \u2013szerintem\u2013 korszer\u0171en (logikusan) gondolkodom. N\u00e1lam sokkal hozz\u00e1\u00e9rt\u0151bb t\u00f6rt\u00e9n\u00e9szek sz\u00e1mtalan \u00edr\u00e1sban hitelesen tudatt\u00e1k\/tudatj\u00e1k a ma ember\u00e9vel, hogy akkor mi zajlott le \u00e9s nem szabad figyelmen k\u00edv\u00fcl hagyni az az\u00f3ta eltelt id\u0151ben v\u00e9gbement v\u00e1ltoz\u00e1sokat.<\/p>\n<p>Nekem \u2013speciel\u2013 az f\u00e1j, hogy akkor is (t\u00f6bbek k\u00f6z\u00f6tt) a vesztesekhez csatlakoztunk, hogy n\u00e9h\u00e1nyan a \u201efels\u0151bbrend\u0171s\u00e9g\u201d \u00e9rz\u00e9s\u00e9vel k\u00f6zel\u00edtik meg ezeket a k\u00e9rd\u00e9seket, hogy a Trianon \u0151r\u00fclet kapcs\u00e1n b\u00e9k\u00e9tlens\u00e9get sz\u00edtanak a mai, az egy\u00fctt boldogul\u00e1s \u00fatj\u00e1ra l\u00e9pett Eur\u00f3p\u00e1ban, hogy az orsz\u00e1ghat\u00e1ron t\u00fal \u00e9l\u0151 magyarok szavazatainak megszerz\u00e9se \u00e9rdek\u00e9ben l\u00e1z\u00e1lmokat kergetnek, hogy a fasiszta eszm\u00e9k \u00fajra \u00e9lednek, hogy lassan az eg\u00e9sz vil\u00e1got magunk ellen hergelj\u00fck. Hogy ezek a sz\u00e9ls\u0151s\u00e9gesek j\u00f3l al\u00e1t\u00e1masztj\u00e1k a jelenlegi korm\u00e1ny EU-s retorik\u00e1j\u00e1t, hogy az EU-val kapcsolatban teljesen f\u00e9lrevezetik a magyar embereket, hogy az EU ellen akarnak hangolni benn\u00fcnket.<\/p>\n<p>Kivel, kikkel akarnak harcolni ezek a muszklis, egyenruh\u00e1s, merev tekintet\u0171, h\u0151z\u00f6ng\u0151 rossz emberek? Vel\u00fcnk? Magyarokkal? Magyar a magyarral? A k\u00f6rnyez\u0151 orsz\u00e1gokkal? A multikkal? A m\u00e1shogy gondolkod\u00f3kkal?<\/p>\n<p>Persze, sok tekintetben \u201evirtu\u00e1lis \u00e9rtelemben vett\u201d harcot folytatunk a helytelen gyakorlatok, a megt\u00e9veszt\u00e9s, az \u00e1tv\u00e1g\u00e1s, a kizs\u00e1km\u00e1nyol\u00e1s, a kapzsis\u00e1g, a tisztess\u00e9gtelen magatart\u00e1s \u00e9s m\u00e9g sz\u00e1mtalan probl\u00e9ma ellen. Meg kell tal\u00e1lnunk a boldogul\u00e1sunkat a globaliz\u00e1ci\u00f3, a k\u00f6rnyezetv\u00e9delmi kih\u00edv\u00e1sok \u00e9s az uni\u00f3s orsz\u00e1gokkal val\u00f3 egy\u00fcttm\u0171k\u00f6d\u00e9s tengernyi gondja k\u00f6z\u00f6tt. De nem \u00edgy, ahogy egy milit\u00e1ns kisebbs\u00e9g hirdeti, fel\u00fcti a fej\u00e9t, randal\u00edrozik, megf\u00e9leml\u00edt.<\/p>\n<p>Logikusan akkor az k\u00f6vetkezne, hogy a vel\u00fck egyet nem \u00e9rt\u0151k is \u201efegyverkezn\u00e9nek\u201d, azaz felk\u00e9sz\u00fcln\u00e9nek a harcra, edzen\u00e9k magukat, gyakorlatozn\u00e1nak, egyenruh\u00e1t varratn\u00e1nak, z\u00e1szl\u00f3t lobogtatn\u00e1nak? Nem! Az \u00e1llamnak kellene hat\u00e1rozottan fell\u00e9pnie. Nem kellene ilyen langyos hozz\u00e1\u00e1ll\u00e1st tan\u00fas\u00edtania a korm\u00e1nynak, a jogalkot\u00f3knak, nem kellene vel\u00fck sand\u00e1n \u00f6sszej\u00e1tszani, hagyni, hogy kifejl\u0151djenek, hogy megm\u00e9rgezz\u00e9k a k\u00f6z\u00e9let\u00fcnket.<\/p>\n<p>Tal\u00e1n t\u00e9nyleg az\u00e9rt k\u00e9ne \u00f6sszefogni, hogy t\u00e1rsadalmi konszenzuson alapul\u00f3 k\u00f6z\u00f6s c\u00e9ljaink el\u00e9r\u00e9s\u00e9n munk\u00e1lkodjunk. Nem k\u00e9ne k\u00f6dbe burkolt aljas eszm\u00e9ket hagyni eluralkodni, \u00e9s nem \u00fagy kellene vezetni az orsz\u00e1got, hogy ilyen \u00e9s hasonl\u00f3 \u00e1rtalmas hord\u00e1knak t\u00e1ptalaja legyen.<\/p>\n<p>Logikusan most az \u00edr\u00e1som nyom\u00e1n hat\u00e1rozott fell\u00e9p\u00e9st \u00e9s int\u00e9zked\u00e9seket v\u00e1rok, legal\u00e1bbis sokak elgondolkod\u00e1s\u00e1t \u00e9s esetleg egy kicsit t\u00f6bb aktivit\u00e1st a k\u00f6z\u00e9letben, hogy jobban \u00e9lhess\u00fcnk.<\/p>\n","protected":false},"excerpt":{"rendered":"<p>Az\u00e9rt a t\u00f6bbes-egyes, mert rem\u00e9nykedem, hogy \u2013velem egy\u00fctt\u2013 nagyon sokan vagyunk, akik hasonl\u00f3an v\u00e9leked\u00fcnk ez \u00fcgyben. Olvasom a h\u00edrekben, hogy megint felvonult a rosszabbik egyik sz\u00e1rnya. \u00dajra el\u0151vett\u00e9k kirekeszt\u0151 jelszavaikat: \u201eNem magyar, akinek nem f\u00e1j Trianon!\u201d, \u201eMi k\u00e9szek vagyunk a harcra!\u201d \u2013 m\u00e1rmint \u0151k, akik felvonultak, mind a h\u00e1romsz\u00e1zan, merthogy mi vagy m\u00e1sok nem. Er\u0151fitogtat\u00e1s, magamutogat\u00e1s, hajcih\u0151, fels\u0151bbrend\u0171 tekintetek, megbotr\u00e1nkoztat\u00f3 egyenruha, ny\u00e1lver\u00e9s, izomagy, butas\u00e1g, populizmus, vissza\u00e9l\u00e9s a jog\u00e1llamis\u00e1ggal, jogrenddel, megf\u00e9leml\u00edt\u00e9s \u2013 t\u00f6bbnyire ezek a szavak jutnak eszembe r\u00f3luk \u00e9s h\u00e1t a t\u00f6rt\u00e9nelmi tapasztalatok, hogy miv\u00e9 fajulhat az ilyesmi. <a href=\"https:\/\/www.mszporoszlany.hu\/?p=907\">Egy kattint\u00e1s ide a folytat\u00e1shoz&#8230;. <span class=\"meta-nav\">&rarr;<\/span><\/a><\/p>\n","protected":false},"author":35,"featured_media":0,"comment_status":"open","ping_status":"closed","sticky":false,"template":"","format":"standard","meta":{"footnotes":""},"categories":[1,196],"tags":[399,394,396,401,398,395,392,397,393,400],"class_list":["post-907","post","type-post","status-publish","format-standard","hentry","category-egyeb","category-magyarorszag","tag-egyenruha","tag-elzavarni","tag-eu","tag-gyakorlatozas","tag-harc","tag-logikus","tag-magyar","tag-szelsoseges","tag-trianon","tag-zaszlo"],"_links":{"self":[{"href":"https:\/\/www.mszporoszlany.hu\/index.php?rest_route=\/wp\/v2\/posts\/907","targetHints":{"allow":["GET"]}}],"collection":[{"href":"https:\/\/www.mszporoszlany.hu\/index.php?rest_route=\/wp\/v2\/posts"}],"about":[{"href":"https:\/\/www.mszporoszlany.hu\/index.php?rest_route=\/wp\/v2\/types\/post"}],"author":[{"embeddable":true,"href":"https:\/\/www.mszporoszlany.hu\/index.php?rest_route=\/wp\/v2\/users\/35"}],"replies":[{"embeddable":true,"href":"https:\/\/www.mszporoszlany.hu\/index.php?rest_route=%2Fwp%2Fv2%2Fcomments&post=907"}],"version-history":[{"count":0,"href":"https:\/\/www.mszporoszlany.hu\/index.php?rest_route=\/wp\/v2\/posts\/907\/revisions"}],"wp:attachment":[{"href":"https:\/\/www.mszporoszlany.hu\/index.php?rest_route=%2Fwp%2Fv2%2Fmedia&parent=907"}],"wp:term":[{"taxonomy":"category","embeddable":true,"href":"https:\/\/www.mszporoszlany.hu\/index.php?rest_route=%2Fwp%2Fv2%2Fcategories&post=907"},{"taxonomy":"post_tag","embeddable":true,"href":"https:\/\/www.mszporoszlany.hu\/index.php?rest_route=%2Fwp%2Fv2%2Ftags&post=907"}],"curies":[{"name":"wp","href":"https:\/\/api.w.org\/{rel}","templated":true}]}}