{"id":91,"date":"2012-01-19T10:35:26","date_gmt":"2012-01-19T09:35:26","guid":{"rendered":"http:\/\/www.mszporoszlany.hu\/?p=91"},"modified":"2012-07-11T22:31:38","modified_gmt":"2012-07-11T21:31:38","slug":"nehez-orokseg","status":"publish","type":"post","link":"https:\/\/www.mszporoszlany.hu\/?p=91","title":{"rendered":"Neh\u00e9z \u00f6r\u00f6ks\u00e9g?"},"content":{"rendered":"<p><img loading=\"lazy\" decoding=\"async\" class=\"alignleft size-full wp-image-125\" title=\"oroszlany\" src=\"https:\/\/www.mszporoszlany.hu\/wp-content\/uploads\/2012\/03\/oroszlany.jpg\" alt=\"\" width=\"200\" height=\"120\" \/>Lassan illene eld\u00f6ntenie Tak\u00e1cs K\u00e1roly polg\u00e1rmesternek, hogy milyen \u00e1llapotban vette \u00e1t a v\u00e1rost. J\u00f3 kond\u00edci\u00f3kkal, megfelel\u0151 p\u00e9nztartal\u00e9kokkal, vagy lerabolva, kisemmizve. Mindezt az\u00e9rt lenne j\u00f3 tiszt\u00e1zni, mert rendre egym\u00e1snak ellentmond\u00f3 nyilatkozatokat tesz.<\/p>\n<p><!--more--><\/p>\n<p style=\"padding-left: 30px;\">\u201e<em>Bizalmi index\u00fcnket n\u00f6velj\u00fck, \u00e9s egy el\u00e9gg\u00e9 lerobbant \u00f6nkorm\u00e1nyzatb\u00f3l, egy akt\u00edv, kezdem\u00e9nyez\u0151 \u00f6nkorm\u00e1nyzatt\u00e1 v\u00e1lunk.<\/em>\u201d olvashat\u00f3 a R\u00e9gi\u00f3 R\u00e9gia c\u00edm\u0171 havilap 2011. j\u00faliusi sz\u00e1m\u00e1nak 53. oldal\u00e1n.<\/p>\n<p style=\"padding-left: 30px;\">\u201e<em>Egy j\u00f3l m\u0171k\u00f6d\u0151, biztos bev\u00e9tellel, \u00e9s k\u00f6lts\u00e9gvet\u00e9ssel rendelkez\u0151 \u00f6nkorm\u00e1nyzat vagyunk<\/em>\u201d \u2013 hangzott el a 2011. szeptemberi k\u00f6zmeghallgat\u00e1s polg\u00e1rmesteri besz\u00e1mol\u00f3j\u00e1ban.<\/p>\n<p>Elgondolkodtat\u00f3 ugyanannak a k\u00e9rd\u00e9snek ez a k\u00e9toldali megk\u00f6zel\u00edt\u00e9se, melyek k\u00f6sz\u00f6n\u0151 viszonyban sincsenek egym\u00e1ssal. A legnagyobb kontrasztot tal\u00e1n az elmaradt beruh\u00e1z\u00e1sok \u00e9s a meg nem val\u00f3sult \u00edg\u00e9retek ter\u00e9n tapasztalhatott az olvas\u00f3 az elm\u00falt egy \u00e9vben. Mert mit is olvashattunk a v\u00e1ros hivatalos weboldal\u00e1n, a polg\u00e1rmesteri k\u00f6sz\u00f6nt\u0151ben?<\/p>\n<p style=\"padding-left: 30px;\">\u201e<em>Hatalmas, milli\u00e1rdos projekteket ind\u00edtottunk. \u00daj f\u0171t\u0151er\u0151m\u0171vet \u00e9p\u00edt\u00fcnk, amely olcs\u00f3 t\u00e1vh\u0151vel l\u00e1tja el a v\u00e1rost \u00e9s a m\u0171k\u00f6d\u00e9s\u00e9b\u0151l sz\u00e1rmaz\u00f3 komoly ad\u00f3bev\u00e9tellel. \u00datfejleszt\u00e9seket hajtunk v\u00e9gre, amelyek a lakoss\u00e1g nyugalm\u00e1nak figyelembe v\u00e9tele mellett szolg\u00e1lja az ipari park b\u0151v\u00edt\u00e9s\u00e9t, \u00faj munkahelyek teremt\u00e9s\u00e9t. A n\u00f6vekv\u0151 ipar\u0171z\u00e9si ad\u00f3val kiv\u00e1ltjuk a lakoss\u00e1got terhel\u0151 helyi ad\u00f3kat: 2011 m\u00e1sodik f\u00e9l\u00e9v\u00e9t\u0151l m\u00e1r nem kell lak\u00e1sad\u00f3t fizetni, \u00e9s k\u00e9s\u0151bb minden \u00e9p\u00edtm\u00e9nyad\u00f3t megsz\u00fcntet\u00fcnk. Meg\u00faj\u00edtjuk f\u0151utc\u00e1nk, a R\u00e1k\u00f3czi \u00fat k\u00e9p\u00e9t, megmentj\u00fck a ma m\u00e1r m\u0171v\u00e9szett\u00f6rt\u00e9neti \u00e9s l\u00e1tk\u00e9pi jelent\u0151s\u00e9g\u0171 sgrafitt\u00f3kat. Az \u00fcresen \u00e1ll\u00f3 Arany J\u00e1nos iskola \u00e9p\u00fclet\u00e9be \u00faj, szolg\u00e1ltat\u00f3 v\u00e1rosk\u00f6zpontot alak\u00edtunk ki. &#8216;Egyajt\u00f3s&#8217; rendszerbe foglaljuk a v\u00e1rosh\u00e1zi \u00fcgyint\u00e9z\u00e9st, a post\u00e1t, korm\u00e1nyablakos \u00fcgyint\u00e9z\u00e9st, a k\u00f6nyvt\u00e1rat, t\u00e1rgyalunk egyes f\u00f6ldhivatali \u00e9s j\u00e1r\u00e1si funkci\u00f3k idehelyez\u00e9s\u00e9r\u0151l. Emellett mag\u00e1nv\u00e1llalkoz\u00f3knak is helyet biztos\u00edtunk: a partnerek jelentkez\u00e9s\u00e9t most v\u00e1rjuk. Az idei k\u00f6lts\u00e9gvet\u00e9sben dupla p\u00e9nzt biztos\u00edtunk a civileknek, mert egy v\u00e1rosba nemcsak modern ingatlan, hanem \u00e9let is kell.<\/em>\u201d<\/p>\n<p>N\u00e9zz\u00fck meg pontonk\u00e9nt, mi val\u00f3sult meg m\u00e1sf\u00e9l \u00e9v alatt a nagy\u00edv\u0171 \u00edg\u00e9retekb\u0151l?<\/p>\n<ul>\n<li>Azt m\u00e1r mindenki tapasztalhatta, hogy nem milli\u00e1rdos, de m\u00e9g csak milli\u00f3s projektek sem indultak Oroszl\u00e1nyban.<\/li>\n<li>Nem \u00e9p\u00edt\u00fcnk f\u0171t\u0151er\u0151m\u0171vet, m\u00e9g csak a tervez\u00e9s\u00e9r\u0151l sem hallani.<\/li>\n<li>Az \u00fatfejleszt\u00e9sek c\u00edmb\u0151l, csak k\u00fclter\u00fcleti utak jav\u00edt\u00e1s\u00e1ra futotta mintegy 10 milli\u00f3s \u00e9rt\u00e9kben. A belter\u00fcleti utak vonatkoz\u00e1s\u00e1ban semmilyen fejleszt\u00e9s nem t\u00f6rt\u00e9nt. B\u00e1r a tervek m\u00e1r elk\u00e9sz\u00fcltek, de a kivitelez\u00e9snek \u2013 \u00e9s az ahhoz sz\u00fcks\u00e9ges forr\u00e1soknak &#8211; m\u00e9g nyomai sincsenek a volt Arany iskola \u201eNemzeti Szolg\u00e1ltat\u00f3h\u00e1zz\u00e1\u201d alak\u00edt\u00e1s\u00e1hoz. Az is \u00edg\u00e9ret volt, hogy dupla p\u00e9nzzel t\u00e1mogatj\u00e1k id\u00e9n a civil szervezeteket.<\/li>\n<\/ul>\n<p>A t\u00e9nyek azonban azt mutatj\u00e1k, hogy nem, hogy dupl\u00e1j\u00e1ra nem n\u0151tt a t\u00e1mogat\u00e1s, de m\u00e9g az el\u0151z\u0151 k\u00e9t \u00e9vit sem \u00e9rte el. 2009-2010-ben 14,4-14,4 milli\u00f3t kaptak a civilek, 2011-ben, 13,7 milli\u00f3t.<\/p>\n<p>\u00d6sszegezve teh\u00e1t a v\u00e1rosvezet\u00e9s m\u00e1sf\u00e9l \u00e9v\u00e9t meg\u00e1llap\u00edthatjuk, hogy siker\u00fclt 4 buszmeg\u00e1ll\u00f3t fel\u00faj\u00edtani, 50 m\u00e9ter j\u00e1rd\u00e1t meg\u00e9p\u00edteni, s p\u00e1r sz\u00e1z m\u00e9ternyi k\u00fclter\u00fcleti utat fel\u00faj\u00edtani. Ez messze alatta maradt az elm\u00falt f\u00e9l \u00e9vtized \u00e9ves beruh\u00e1z\u00e1sainak, melyek \u00f6sszege az \u00f6t \u00e9v \u00e1tlag\u00e1ban meghaladta a f\u00e9lmilli\u00e1rd forintot.<\/p>\n","protected":false},"excerpt":{"rendered":"<p>Lassan illene eld\u00f6ntenie Tak\u00e1cs K\u00e1roly polg\u00e1rmesternek, hogy milyen \u00e1llapotban vette \u00e1t a v\u00e1rost. J\u00f3 kond\u00edci\u00f3kkal, megfelel\u0151 p\u00e9nztartal\u00e9kokkal, vagy lerabolva, kisemmizve. Mindezt az\u00e9rt lenne j\u00f3 tiszt\u00e1zni, mert rendre egym\u00e1snak ellentmond\u00f3 nyilatkozatokat tesz.<\/p>\n","protected":false},"author":35,"featured_media":0,"comment_status":"open","ping_status":"closed","sticky":false,"template":"","format":"standard","meta":{"footnotes":""},"categories":[194],"tags":[26,28,27,32,31,30,9,29],"class_list":["post-91","post","type-post","status-publish","format-standard","hentry","category-oroszlany","tag-fejlesztes","tag-kezdemenyezo","tag-lerobbant","tag-megujulas","tag-milliardos","tag-projekt","tag-takacs-karoly","tag-telepules"],"_links":{"self":[{"href":"https:\/\/www.mszporoszlany.hu\/index.php?rest_route=\/wp\/v2\/posts\/91","targetHints":{"allow":["GET"]}}],"collection":[{"href":"https:\/\/www.mszporoszlany.hu\/index.php?rest_route=\/wp\/v2\/posts"}],"about":[{"href":"https:\/\/www.mszporoszlany.hu\/index.php?rest_route=\/wp\/v2\/types\/post"}],"author":[{"embeddable":true,"href":"https:\/\/www.mszporoszlany.hu\/index.php?rest_route=\/wp\/v2\/users\/35"}],"replies":[{"embeddable":true,"href":"https:\/\/www.mszporoszlany.hu\/index.php?rest_route=%2Fwp%2Fv2%2Fcomments&post=91"}],"version-history":[{"count":0,"href":"https:\/\/www.mszporoszlany.hu\/index.php?rest_route=\/wp\/v2\/posts\/91\/revisions"}],"wp:attachment":[{"href":"https:\/\/www.mszporoszlany.hu\/index.php?rest_route=%2Fwp%2Fv2%2Fmedia&parent=91"}],"wp:term":[{"taxonomy":"category","embeddable":true,"href":"https:\/\/www.mszporoszlany.hu\/index.php?rest_route=%2Fwp%2Fv2%2Fcategories&post=91"},{"taxonomy":"post_tag","embeddable":true,"href":"https:\/\/www.mszporoszlany.hu\/index.php?rest_route=%2Fwp%2Fv2%2Ftags&post=91"}],"curies":[{"name":"wp","href":"https:\/\/api.w.org\/{rel}","templated":true}]}}