{"id":918,"date":"2012-06-16T08:43:57","date_gmt":"2012-06-16T07:43:57","guid":{"rendered":"http:\/\/www.mszporoszlany.hu\/?p=918"},"modified":"2012-06-16T08:43:57","modified_gmt":"2012-06-16T07:43:57","slug":"a-kalyhatol-a-felaldozasig","status":"publish","type":"post","link":"https:\/\/www.mszporoszlany.hu\/?p=918","title":{"rendered":"A k\u00e1lyh\u00e1t\u00f3l a fel\u00e1ldoz\u00e1sig"},"content":{"rendered":"<p><img loading=\"lazy\" decoding=\"async\" class=\"alignleft size-full wp-image-226\" title=\"rendelo\" src=\"https:\/\/www.mszporoszlany.hu\/wp-content\/uploads\/2012\/03\/rendelo.jpg\" alt=\"\" width=\"200\" height=\"120\" \/>Rendk\u00edv\u00fcli \u00fcl\u00e9sen foglalkozott a dorogi k\u00e9pvisel\u0151-test\u00fclet eg\u00e9szs\u00e9g\u00fcgyi int\u00e9zm\u00e9nyeinek \u00e1llamos\u00edt\u00e1s\u00e1val kapcsolatban az elm\u00falt h\u00e9t szerd\u00e1j\u00e1n (j\u00fanius 6-\u00e1n). Mint azt meg\u00e1llap\u00edtott\u00e1k, a helyi Szent Borb\u00e1la Szakk\u00f3rh\u00e1z \u00e9s Szakorvosi Rendel\u0151int\u00e9zetben megkezd\u0151d\u00f6tt az adatbek\u00e9r\u00e9s, ami nyit\u00e1nya a v\u00e1rosi vagyon \u00e1tad\u00e1s\u00e1nak, azaz az eg\u00e9szs\u00e9g\u00fcgy \u00e1llamos\u00edt\u00e1s\u00e1nak. A dr. Tittmann J\u00e1nos (MSZP) polg\u00e1rmester vezette test\u00fclet jegyz\u0151k\u00f6nyvben k\u00e9ri dr. Sz\u00f3cska Mikl\u00f3s eg\u00e9szs\u00e9g\u00fcgyi \u00e1llamtitk\u00e1rt, hogy int\u00e9zm\u00e9nyeik tov\u00e1bbra is a v\u00e1ros kezel\u00e9s\u00e9ben maradhassanak. Mint fogalmaznak: se szakmai, se vagyoni, se p\u00e9nz\u00fcgyi indoka nincs, hogy az \u00f6nkorm\u00e1nyzatot megfossz\u00e1k a sikeres \u00e9s eredm\u00e9nyes m\u0171k\u00f6dtet\u00e9s jog\u00e1t\u00f3l.<\/p>\n<p><!--more--><\/p>\n<p>Mint az eml\u00e9kezetes, \u00e1prilis 19-\u00e9n a dorogi k\u00f3rh\u00e1z \u00e1llamos\u00edt\u00e1sa ellen tiltakozva csaknem 200 helyi lakos s\u00e9t\u00e1lta k\u00f6rbe az int\u00e9zm\u00e9nyt v\u00e1rosi z\u00e1szl\u00f3kkal felvonulva. A polg\u00e1rmester akkor er\u0151f\u00f6l\u00e9nnyel val\u00f3 vissza\u00e9l\u00e9snek nevezte a tervezett \u00e1llami elj\u00e1r\u00e1st, \u00e9s azt mondta: &#8222;utolj\u00e1ra a bolsevikok j\u00e1rtak el \u00edgy a mag\u00e1ntulajdonnal&#8221;. &#8222;Nem akarunk eg\u00e9szs\u00e9g\u00fcgyi kolhozz\u00e1 v\u00e1lni \u00e9s passz\u00edvan elszenvedni az \u00e1llami er\u0151szakot&#8221; &#8211; tette hozz\u00e1 a polg\u00e1rmester, aki szerint rendk\u00edv\u00fcl m\u00e9lt\u00e1nytalan az elj\u00e1r\u00e1s, mert Dorog mindv\u00e9gig a hatalmon l\u00e9v\u0151 korm\u00e1nyokkal egyeztetve \u00e9s a v\u00e1ros hat\u00e1rain t\u00faltekintve, t\u00e9rs\u00e9gi szempontok alapj\u00e1n fejlesztette az eg\u00e9szs\u00e9g\u00fcgyi ell\u00e1t\u00e1st, csaknem egymilli\u00e1rd forintos v\u00e1rosi forr\u00e1sb\u00f3l.<\/p>\n<p>Sz\u00f3val ki\u00e1lltak, ki\u00e1llnak a dorogiak vagyonuk v\u00e9delm\u00e9ben, ahogyan a koml\u00f3i b\u00e1ny\u00e1szok is utc\u00e1ra vonultak a minap rokkantnyugd\u00edjuk elveszt\u00e9s\u00e9t f\u00e9ltve \u2013 Oroszl\u00e1nyban pedig cs\u00f6nd \u00e9s bambul\u00e1s mindazok ok\u00e1n, amikr\u0151l oldalainkon rendre t\u00e1j\u00e9koz\u00f3dhat az olvas\u00f3, de maradjunk most csak saj\u00e1t eg\u00e9szs\u00e9g\u00fcgyi int\u00e9zm\u00e9nyeinkn\u00e9l.<\/p>\n<p>Tal\u00e1n \u00e9rdemes a k\u00e1lyh\u00e1t\u00f3l indulni, amikor is a b\u00f6lcs szavaz\u00f3k \u00faj polg\u00e1rmestert \u00e9s k\u00e9pvisel\u0151-test\u00fcletet v\u00e1lasztottak 2010. okt\u00f3ber 3-\u00e1n. B\u0151 f\u00e9l \u00e9vvel k\u00e9s\u0151bb ment nyugd\u00edjba dr. M\u00e1tics Istv\u00e1n, a telep\u00fcl\u00e9s k\u00f6ztiszteletnek \u00f6rvend\u0151 f\u0151orvosa, a Szakorvosi \u00e9s \u00c1pol\u00e1si Kft. vezet\u0151je, aki k\u00f6zel 150 milli\u00f3s k\u00e9szp\u00e9nz\u00e1llom\u00e1nyt, s 1,5 milli\u00e1rdos vagyont hagyott ut\u00f3dj\u00e1ra \u2013 s Oroszl\u00e1nyra. M\u00e1r az is kuri\u00f3zum sz\u00e1mba ment, hogy az \u00faj igazgat\u00f3t p\u00e1ly\u00e1ztat\u00e1s n\u00e9lk\u00fcl nevezt\u00e9k ki, de mindez semmi ahhoz k\u00e9pest, hogy a v\u00e1rosvezet\u00e9s nem tartotta be a lek\u00f6sz\u00f6n\u0151 f\u0151orvosnak tett \u00edg\u00e9reteit, ezek elsz\u00e1lltak, mint a f\u00fcst. Az ilyenf\u00e9le elj\u00e1r\u00e1s a k\u00e9s\u0151 K\u00e1d\u00e1r id\u0151szakban sem volt elfogadhat\u00f3 \u2013 reag\u00e1lt akkor a t\u00f6rt\u00e9ntekre dr. M\u00e1tics Istv\u00e1n (ez a helyi telev\u00edzi\u00f3ban is l\u00e1that\u00f3 volt). Pedig nem ez volt az egyetlen m\u00e9ltatlan elj\u00e1r\u00e1s az oroszl\u00e1nyi vezet\u0151v\u00e1lt\u00e1sok sor\u00e1n \u2013 de ezekre majd egy m\u00e1sik cikkben visszat\u00e9r\u00fcnk.<\/p>\n<p>A tov\u00e1bbiakban a nagy n\u00e9vad\u00f3 hull\u00e1mban Szent-Gy\u00f6rgyi Albert Szakorvosi- \u00e9s \u00c1pol\u00e1si Kft. lett a mi rendel\u0151int\u00e9zet\u00fcnkb\u0151l \u2013 egy szakember 200-300 ezer forintra saccolta csak a pecs\u00e9tnyom\u00f3k kicser\u00e9l\u00e9s\u00e9t \u2013 int\u00e9zm\u00e9nyenk\u00e9nt! Az i-re a pontot az id\u00e9n \u00e1prilis 23-\u00e1n megtartott orsz\u00e1ggy\u0171l\u00e9si szavaz\u00e1s tette fel az \u00f6nkorm\u00e1nyzati k\u00f3rh\u00e1zak \u00e9s rendel\u0151int\u00e9zetek \u00e1llamos\u00edt\u00e1s\u00e1r\u00f3l. Ennek \u00e9rtelm\u00e9ben az \u00faj tulajdonos a Magyar \u00c1llam.<\/p>\n<p>Azonban itt is \u00e1rnyalni kell a k\u00e9pet, hiszen a k\u00e9sz\u00fcl\u0151 \u00f6nkorm\u00e1nyzati t\u00f6rv\u00e9ny szerint a b\u00f6lcs\u0151dei \u00e9s az \u00a0\u00f3vodai ell\u00e1t\u00e1s, valamint az eg\u00e9szs\u00e9g\u00fcgyi alapell\u00e1t\u00e1s az \u00f6nkorm\u00e1nyzatokn\u00e1l marad, m\u00edg a j\u00e1r\u00f3beteg ell\u00e1t\u00e1s \u00e9s a katasztr\u00f3fav\u00e9delem \u00e1llami k\u00e9zbe ker\u00fcl. A mostani jogszab\u00e1ly szerint eg\u00e9szs\u00e9g\u00fcgyi alapell\u00e1t\u00e1s a h\u00e1ziorvosi, h\u00e1zi gyermekorvosi, a fogorvosi, az \u00fcgyeleti, a v\u00e9d\u0151n\u0151i \u00e9s az iskola-eg\u00e9szs\u00e9g\u00fcgyi ell\u00e1t\u00e1sr\u00f3l rendelkezik. No, de akkor a fog\u00e1szati alapell\u00e1t\u00e1s hol lesz, \u00e9s az orvosi \u00fcgyelet? Az \u00fcgyeleti ell\u00e1t\u00e1sokra a Kft-nek a kist\u00e9rs\u00e9gi t\u00e1rsul\u00e1ssal van ell\u00e1t\u00e1si szerz\u0151d\u00e9se, abban a v\u00e1ros egyed\u00fcl nem is d\u00f6nthetett volna, vagy a v\u00e9d\u0151n\u0151i szolg\u00e1lat tov\u00e1bbi m\u0171k\u00f6dtet\u00e9se milyen alapon t\u00f6rt\u00e9nhet tov\u00e1bb a szakorvosi rendel\u0151 \u00e9p\u00fclet\u00e9ben? A fog\u00e1szok alapvet\u0151 felszerel\u00e9se (fog\u00e1szati sz\u00e9kek, r\u00f6ntgen stb.) a Kft. tulajdon\u00e1ban van. Ki fog fizetni kinek? \u00dajabb tal\u00e1ny, hogy az orvosi \u00fcgyeletek n\u0151v\u00e9r szem\u00e9lyzet\u00e9nek tagjai a Kft. alkalmazottai, vel\u00fck mi lesz, vagy mi lesz a Kft. kor\u00e1bbi, nem \u00fczleti \u00e9s \u00fczleti szerz\u0151d\u00e9seivel, mint p\u00e9ld\u00e1ul az eszk\u00f6zsterilez\u00e9si szerz\u0151d\u00e9sekkel, melyek n\u00e9lk\u00fcl a h\u00e1ziorvosi m\u0171k\u00f6d\u00e9si enged\u00e9lyek vesz\u00e9lybe ker\u00fclnek? \u00c9s ezt a sort m\u00e9g lehetne folytatni, csak a megnyugtat\u00f3 v\u00e1laszok hi\u00e1nyoznak. Azt viszont tal\u00e1n a kedves olvas\u00f3 is k\u00f6zr\u00f6hejnek v\u00e9ln\u00e9, ha a mi p\u00e9nz\u00fcnkb\u0151l fizetn\u00e9nek az eddig saj\u00e1t tulajdon\u00fa \u00e9p\u00fclet\u00fcnk, felszerel\u00e9s\u00fcnk helyis\u00e9g \u00e9s eszk\u00f6zhaszn\u00e1lat\u00e1\u00e9rt!<\/p>\n<p>M\u00e1tics doktornak egy\u00e9bk\u00e9nt voltak \u00f6tletei az \u00e1llami einstand kiv\u00e9d\u00e9s\u00e9re, amiket els\u0151 \u00edzben Czunyin\u00e9 dr. Bertalan Juditnak mondott el tavaly janu\u00e1rban, azt\u00e1n mindenkinek, akir\u0151l azt gondolta, hogy kompetens szem\u00e9lyis\u00e9g.<\/p>\n<p>De menj\u00fcnk tov\u00e1bb: megtett-e mindent a v\u00e1rosvezet\u00e9s az int\u00e9zm\u00e9nyrendszer saj\u00e1t k\u00e9zben tart\u00e1sa mellett? Nyugodtan kijelenthetj\u00fck: nem! \u00c9s nem is fog, mert a Fideszben a hatalmi sz\u00f3 igen nyom\u00f3s indok, ehhez az indokhoz pedig jelenlegi v\u00e1lasztott vezet\u0151ink \u00e9s k\u00e9pvisel\u0151ink t\u00f6bbs\u00e9ge sz\u00f3 n\u00e9lk\u00fcl idomul. Pedig legal\u00e1bb megpr\u00f3b\u00e1lhatt\u00e1k volna. P\u00e9ld\u00e1ul az eg\u00e9szs\u00e9gh\u00e1z \u00e1tad\u00e1s\u00e1t a szoci\u00e1lis szolg\u00e1latnak, vagyis \u00f6sszevon\u00e1s\u00e1t \u2013 igaz, ezt \u00e1prilis 30-ig kellett volna megtenni, teh\u00e1t ez a haj\u00f3 is elment.<\/p>\n<p>Tak\u00e1cs K\u00e1roly polg\u00e1rmester pedig \u2013 ahogy az szok\u00e1sos \u2013 magyar\u00e1zkodik. Hogy kev\u00e9s volt az id\u0151 az \u00e1llamos\u00edt\u00e1s dolg\u00e1ban val\u00f3 int\u00e9zked\u00e9sre. Mint azt a szakemberek egy\u00f6ntet\u0171en \u00e1ll\u00edtj\u00e1k, s azokat a dorogi p\u00e9lda is al\u00e1t\u00e1masztja, lett volna mit tenni, a helyi vezet\u0151knek pedig t\u00f6bb mint egy \u00e9ve volt az int\u00e9zked\u00e9sre, de tal\u00e1n a polg\u00e1rmester bokros energetikai c\u00e9l\u00fa utazgat\u00e1sai miatt erre nem jutott ideje.<\/p>\n<p>Mi pedig itt \u00e1llunk, bambulunk, s elk\u00f6nyvelj\u00fck: m\u00e1sf\u00e9l milli\u00e1rddal kevesebb lett a vagyona Oroszl\u00e1nynak, m\u00e1rmint mindannyiunknak!<\/p>\n","protected":false},"excerpt":{"rendered":"<p>Rendk\u00edv\u00fcli \u00fcl\u00e9sen foglalkozott a dorogi k\u00e9pvisel\u0151-test\u00fclet eg\u00e9szs\u00e9g\u00fcgyi int\u00e9zm\u00e9nyeinek \u00e1llamos\u00edt\u00e1s\u00e1val kapcsolatban az elm\u00falt h\u00e9t szerd\u00e1j\u00e1n (j\u00fanius 6-\u00e1n). Mint azt meg\u00e1llap\u00edtott\u00e1k, a helyi Szent Borb\u00e1la Szakk\u00f3rh\u00e1z \u00e9s Szakorvosi Rendel\u0151int\u00e9zetben megkezd\u0151d\u00f6tt az adatbek\u00e9r\u00e9s, ami nyit\u00e1nya a v\u00e1rosi vagyon \u00e1tad\u00e1s\u00e1nak, azaz az eg\u00e9szs\u00e9g\u00fcgy \u00e1llamos\u00edt\u00e1s\u00e1nak. A dr. Tittmann J\u00e1nos (MSZP) polg\u00e1rmester vezette test\u00fclet jegyz\u0151k\u00f6nyvben k\u00e9ri dr. Sz\u00f3cska Mikl\u00f3s eg\u00e9szs\u00e9g\u00fcgyi \u00e1llamtitk\u00e1rt, hogy int\u00e9zm\u00e9nyeik tov\u00e1bbra is a v\u00e1ros kezel\u00e9s\u00e9ben maradhassanak. Mint fogalmaznak: se szakmai, se vagyoni, se p\u00e9nz\u00fcgyi indoka nincs, hogy az \u00f6nkorm\u00e1nyzatot megfossz\u00e1k a sikeres \u00e9s eredm\u00e9nyes m\u0171k\u00f6dtet\u00e9s jog\u00e1t\u00f3l. <a href=\"https:\/\/www.mszporoszlany.hu\/?p=918\">Egy kattint\u00e1s ide a folytat\u00e1shoz&#8230;. <span class=\"meta-nav\">&rarr;<\/span><\/a><\/p>\n","protected":false},"author":35,"featured_media":0,"comment_status":"open","ping_status":"closed","sticky":false,"template":"","format":"standard","meta":{"footnotes":""},"categories":[195,196,194],"tags":[409,229,93,231,125,404,403,407,406,408,402,405],"class_list":["post-918","post","type-post","status-publish","format-standard","hentry","category-komarom-esztergom-megye","category-magyarorszag","category-oroszlany","tag-2012-aprilis-23","tag-allamositas","tag-czunyine-dr-bertalan-judit","tag-dorog","tag-dr-matics-istvan","tag-dr-szocska-miklos","tag-dr-tittmann-janos","tag-egeszsegugyi-kolhoz","tag-erofolennyel-valo-visszaeles","tag-szakorvosi-es-apolasi-kft","tag-szent-borbala-szakkorhaz-es-szakorvosi-rendelointezet","tag-tiltakozas"],"_links":{"self":[{"href":"https:\/\/www.mszporoszlany.hu\/index.php?rest_route=\/wp\/v2\/posts\/918","targetHints":{"allow":["GET"]}}],"collection":[{"href":"https:\/\/www.mszporoszlany.hu\/index.php?rest_route=\/wp\/v2\/posts"}],"about":[{"href":"https:\/\/www.mszporoszlany.hu\/index.php?rest_route=\/wp\/v2\/types\/post"}],"author":[{"embeddable":true,"href":"https:\/\/www.mszporoszlany.hu\/index.php?rest_route=\/wp\/v2\/users\/35"}],"replies":[{"embeddable":true,"href":"https:\/\/www.mszporoszlany.hu\/index.php?rest_route=%2Fwp%2Fv2%2Fcomments&post=918"}],"version-history":[{"count":0,"href":"https:\/\/www.mszporoszlany.hu\/index.php?rest_route=\/wp\/v2\/posts\/918\/revisions"}],"wp:attachment":[{"href":"https:\/\/www.mszporoszlany.hu\/index.php?rest_route=%2Fwp%2Fv2%2Fmedia&parent=918"}],"wp:term":[{"taxonomy":"category","embeddable":true,"href":"https:\/\/www.mszporoszlany.hu\/index.php?rest_route=%2Fwp%2Fv2%2Fcategories&post=918"},{"taxonomy":"post_tag","embeddable":true,"href":"https:\/\/www.mszporoszlany.hu\/index.php?rest_route=%2Fwp%2Fv2%2Ftags&post=918"}],"curies":[{"name":"wp","href":"https:\/\/api.w.org\/{rel}","templated":true}]}}