{"id":93,"date":"2012-01-18T10:37:21","date_gmt":"2012-01-18T09:37:21","guid":{"rendered":"http:\/\/www.mszporoszlany.hu\/?p=93"},"modified":"2012-07-11T22:32:02","modified_gmt":"2012-07-11T21:32:02","slug":"oroszlany-levaltja-az-oroszlanyiakat","status":"publish","type":"post","link":"https:\/\/www.mszporoszlany.hu\/?p=93","title":{"rendered":"Oroszl\u00e1ny lev\u00e1ltja az oroszl\u00e1nyiakat"},"content":{"rendered":"<p><img loading=\"lazy\" decoding=\"async\" class=\"alignleft size-full wp-image-128\" title=\"szakember\" src=\"https:\/\/www.mszporoszlany.hu\/wp-content\/uploads\/2012\/03\/szakember.jpg\" alt=\"\" width=\"200\" height=\"120\" \/>Nincs el\u00e9g szakember a h\u00faszezres Oroszl\u00e1nyban, legal\u00e1bb is ez der\u00fcl ki a jelenlegi \u00f6nkorm\u00e1nyzati vezet\u00e9s, illetve a fideszes t\u00f6bbs\u00e9g\u0171 k\u00e9pvisel\u0151-test\u00fclet szem\u00e9lyzeti politik\u00e1j\u00e1b\u00f3l.<\/p>\n<p><!--more--><\/p>\n<p>Kezd\u0151d\u00f6tt az \u00faj jegyz\u0151 kiv\u00e1laszt\u00e1s\u00e1val. T\u00f6bb jelentkez\u0151 k\u00f6z\u00fcl, akik k\u00f6z\u00f6tt persze helyi aspir\u00e1ns is volt, v\u00e9g\u00fcl siker\u00fclt Biatorb\u00e1gyr\u00f3l import\u00e1lni egy kiv\u00e1l\u00f3 szakembert, Z\u00e1gonyi \u00c9va szem\u00e9ly\u00e9ben. Ezt k\u00f6vette rapid gyorsas\u00e1ggal az \u00f6nkorm\u00e1nyzat tulajdon\u00e1ban l\u00e9v\u0151 Szolg\u00e1ltat\u00f3 Zrt. igazgat\u00f3s\u00e1g\u00e1ba deleg\u00e1lt K\u00e1ldy Lajos, aki tatab\u00e1ny\u00e1r\u00f3l rep\u00fclt a c\u00e9g vezet\u00e9s\u00e9be f\u0151\u00e1ll\u00e1s\u00fa helyettesk\u00e9nt.\u00a0A sajt\u00f3munk\u00e1ra sem tal\u00e1lt megfelel\u0151 oroszl\u00e1nyi szem\u00e9lyt az \u00faj vezet\u00e9s, hiszen a helyi \u00fajs\u00e1g\u00edr\u00f3t alig h\u00e1rom h\u00f3nap ut\u00e1n kir\u00fagt\u00e1k, s \u00e9rkezett az igazi er\u0151s\u00edt\u00e9s: Vasv\u00e1ri Erika, Budapestr\u0151l. R\u00f3la annyit \u00e9rdemes tudni, hogy a Csurka Istv\u00e1n nev\u00e9vel f\u00e9mjelzett Havi Magyar F\u00f3rum c\u00edm\u0171 foly\u00f3irat szerkeszt\u0151jek\u00e9nt van felt\u00fcntetve mind a mai napig az interneten.<\/p>\n<p>S hogy a kultur\u00e1lis \u00e9let se maradjon ki a sz\u00f3r\u00e1sb\u00f3l, siker\u00fclt ott is f\u0151v\u00e1rosi szakemberrel Szab\u00f3 K\u00e1rollyal lev\u00e1ltani a k\u00f6zel k\u00e9t \u00e9vtizede sikerrel m\u0171k\u00f6d\u0151 M\u0171vel\u0151d\u00e9si K\u00f6zpont vezet\u0151t, arr\u00f3l nem is besz\u00e9lve, hogy az imm\u00e1r v\u00e9glegesen bez\u00e1rt B\u00e1ny\u00e1sz Klub volt ir\u00e1ny\u00edt\u00f3ja is az aspir\u00e1nsok k\u00f6z\u00f6tt volt.<\/p>\n<p>A rendszerv\u00e1lt\u00e1s \u00f3ta minden kurzusnak siker\u00fclt helyi \u00fcgyv\u00e9d szem\u00e9ly\u00e9ben megtal\u00e1lnia a megfelel\u0151 jogi k\u00e9pvisel\u0151t. Nos, ennek is v\u00e9ge. Tatab\u00e1nyai \u00fcgyv\u00e9d k\u00e9pviseli az oroszl\u00e1nyi \u00e9rdekeket mostant\u00f3l. V\u00e9g\u00fcl, de nem utols\u00f3 sorban ebbe a sorba illik a V\u00e9rt \u00faj vez\u00e9rigazgat\u00f3ja, hiszen a posztot, mint m\u00e1r oly sok \u00e9ve, ism\u00e9t nem siker\u00fclt helyi szakemberrel bet\u00f6lteni.<\/p>\n<p>Mindezek persze csak kiragadott p\u00e9ld\u00e1k, melyek ut\u00e1n imm\u00e1r vil\u00e1gosan kirajzol\u00f3dik a nagy c\u00e9l: mindenkit elt\u00f6r\u00f6lni, akinek b\u00e1rmilyen kapcsolata is volt a baloldali v\u00e1rosvezet\u00e9ssel, minden nev\u00e9t megv\u00e1ltoztatni, ami eml\u00e9keztet a sikeres v\u00e1rosir\u00e1ny\u00edt\u00e1sra. Hogy ez milyen mor\u00e1lis \u00e9s erk\u00f6lcsi \u00fczenetet hordoz, azt az olvas\u00f3ra b\u00edzom, arra azonban felh\u00edvn\u00e1m a figyelmet, hogy mindezek az am\u00fagy is megemelkedett m\u0171k\u00f6d\u00e9si k\u00f6lts\u00e9geket mennyivel emelik meg. \u00daj g\u00e9pkocsi \u00fczembe \u00e1ll\u00edt\u00e1sa a hivatalban, arra sof\u0151r biztos\u00edt\u00e1sa, az am\u00fagy is megemelkedett utaz\u00e1si k\u00f6lts\u00e9gek drasztikus felfut\u00e1sa, a tiszteletd\u00edjak \u00e9s egy\u00e9b megb\u00edz\u00e1si juttat\u00e1sok egekbe sz\u00f6k\u00e9se.<\/p>\n<p>Az oroszl\u00e1nyiak pedig kapkodhatj\u00e1k a fej\u00fcket: val\u00f3ban nincsen olyan helyb\u00e9li ember, akivel ezek a rendk\u00edv\u00fcl felel\u0151ss\u00e9gteljes ter\u00fcletek ell\u00e1that\u00f3k, vagy csak az \u00faj vezet\u00e9s nem b\u00edzik meg a v\u00e1ros polg\u00e1raiban, azok szaktud\u00e1s\u00e1ban?<\/p>\n<p>K\u00f6lt\u0151i k\u00e9rd\u00e9s, amire el\u0151bb ut\u00f3bb a telep\u00fcl\u00e9s lak\u00f3inak kell megadniuk a v\u00e1laszt.<\/p>\n","protected":false},"excerpt":{"rendered":"<p>Nincs el\u00e9g szakember a h\u00faszezres Oroszl\u00e1nyban, legal\u00e1bb is ez der\u00fcl ki a jelenlegi \u00f6nkorm\u00e1nyzati vezet\u00e9s, illetve a fideszes t\u00f6bbs\u00e9g\u0171 k\u00e9pvisel\u0151-test\u00fclet szem\u00e9lyzeti politik\u00e1j\u00e1b\u00f3l.<\/p>\n","protected":false},"author":35,"featured_media":0,"comment_status":"open","ping_status":"closed","sticky":false,"template":"","format":"standard","meta":{"footnotes":""},"categories":[194],"tags":[46,44,49,42,50,45,40,48,47,43,41],"class_list":["post-93","post","type-post","status-publish","format-standard","hentry","category-oroszlany","tag-banyasz-klub","tag-csurka-istvan","tag-jegyzo","tag-kaldy-lajos","tag-sajtos","tag-szabo-karoly","tag-szakember","tag-ugyved","tag-varga-jozsef","tag-vasvari-erika","tag-zagonyi-eva"],"_links":{"self":[{"href":"https:\/\/www.mszporoszlany.hu\/index.php?rest_route=\/wp\/v2\/posts\/93","targetHints":{"allow":["GET"]}}],"collection":[{"href":"https:\/\/www.mszporoszlany.hu\/index.php?rest_route=\/wp\/v2\/posts"}],"about":[{"href":"https:\/\/www.mszporoszlany.hu\/index.php?rest_route=\/wp\/v2\/types\/post"}],"author":[{"embeddable":true,"href":"https:\/\/www.mszporoszlany.hu\/index.php?rest_route=\/wp\/v2\/users\/35"}],"replies":[{"embeddable":true,"href":"https:\/\/www.mszporoszlany.hu\/index.php?rest_route=%2Fwp%2Fv2%2Fcomments&post=93"}],"version-history":[{"count":0,"href":"https:\/\/www.mszporoszlany.hu\/index.php?rest_route=\/wp\/v2\/posts\/93\/revisions"}],"wp:attachment":[{"href":"https:\/\/www.mszporoszlany.hu\/index.php?rest_route=%2Fwp%2Fv2%2Fmedia&parent=93"}],"wp:term":[{"taxonomy":"category","embeddable":true,"href":"https:\/\/www.mszporoszlany.hu\/index.php?rest_route=%2Fwp%2Fv2%2Fcategories&post=93"},{"taxonomy":"post_tag","embeddable":true,"href":"https:\/\/www.mszporoszlany.hu\/index.php?rest_route=%2Fwp%2Fv2%2Ftags&post=93"}],"curies":[{"name":"wp","href":"https:\/\/api.w.org\/{rel}","templated":true}]}}