{"id":940,"date":"2012-06-27T07:45:57","date_gmt":"2012-06-27T06:45:57","guid":{"rendered":"http:\/\/www.mszporoszlany.hu\/?p=940"},"modified":"2012-07-11T22:22:46","modified_gmt":"2012-07-11T21:22:46","slug":"a-torveny-meg-torveny","status":"publish","type":"post","link":"https:\/\/www.mszporoszlany.hu\/?p=940","title":{"rendered":"A t\u00f6rv\u00e9ny m\u00e9g t\u00f6rv\u00e9ny"},"content":{"rendered":"<p><img loading=\"lazy\" decoding=\"async\" class=\"alignleft size-full wp-image-941\" title=\"TetenyiEva\" src=\"https:\/\/www.mszporoszlany.hu\/wp-content\/uploads\/2012\/06\/TetenyiEva.jpg\" alt=\"\" width=\"200\" height=\"120\" \/>J\u00fanius 26-\u00e1n a Kom\u00e1rom-Esztergom Megyei T\u00f6rv\u00e9nysz\u00e9k joger\u0151s \u00edt\u00e9letet hozott az esztergomi alpolg\u00e1rmester-v\u00e1laszt\u00e1s k\u00e9rd\u00e9s\u00e9ben. A Kom\u00e1rom-Esztergom Megyei Korm\u00e1nyhivatal kor\u00e1bban keresetet ny\u00fajtott be Esztergom V\u00e1ros \u00d6nkorm\u00e1nyzat\u00e1nak elmarasztal\u00e1s\u00e1t k\u00e9rve, mivel a megadott id\u0151pontig, ez \u00e9v febru\u00e1rj\u00e1ig nem v\u00e1lasztott alpolg\u00e1rmestert. Miut\u00e1n az \u00d6nkorm\u00e1nyzati t\u00f6rv\u00e9nyben foglalt jogszab\u00e1ly a polg\u00e1rmester javaslat\u00e1ra, min\u0151s\u00edtett t\u00f6bbs\u00e9ggel teszi lehet\u0151v\u00e9 az alpolg\u00e1rmester v\u00e1laszt\u00e1st, \u00edgy ebben az esetben T\u00e9t\u00e9nyi \u00c9va f\u00fcggetlen polg\u00e1rmester, nem csak az \u00f6nkorm\u00e1nyzatot, hanem saj\u00e1t mag\u00e1t is k\u00e9pviselte a perben. A precedens \u00e9rt\u00e9k\u0171 elj\u00e1r\u00e1s sor\u00e1n a Megyei Korm\u00e1nyhivatal k\u00e9pvisel\u0151je azt bizonygatta, hogy az alpolg\u00e1rmester v\u00e1laszt\u00e1s k\u00f6telez\u0151, \u00e9s amennyiben ennek nem tesznek eleget, akkor az \u00d6nkorm\u00e1nyzati t\u00f6rv\u00e9ny 140. paragrafusa \u00e9rtelm\u00e9ben a Korm\u00e1nyhivatal p\u00f3tolhatja a hat\u00e1rozathozatalt, azaz, \u0151 v\u00e1laszthat Tatab\u00e1ny\u00e1r\u00f3l alpolg\u00e1rmestert.<\/p>\n<p><!--more--><\/p>\n<p>A Megyei T\u00f6rv\u00e9nysz\u00e9k egy\u00e9rtelm\u0171en annak adott igazat, miszerint az alpolg\u00e1rmestert a polg\u00e1rmester munk\u00e1ja seg\u00edt\u00e9s\u00e9re k\u00e9ri fel. A test\u00fclet egyet a saj\u00e1t tagjai k\u00f6z\u00fcl, egyet pedig k\u00fcls\u0151sk\u00e9nt v\u00e1laszthat meg. Esztergomban a 2\/3-os Fidesz-frakci\u00f3 lassan k\u00e9t \u00e9ve nem seg\u00edti a f\u00fcggetlen polg\u00e1rmester munk\u00e1j\u00e1t, s\u0151t t\u00f6bb esetben a v\u00e1ros ellen hoz d\u00f6nt\u00e9seket. A 10 k\u00e9pvisel\u0151 p\u00e9ld\u00e1ul 47-szerre sem hajland\u00f3 a v\u00e1rosi parkol\u00e1s jogszab\u00e1lys\u00e9rt\u0151 mivolt\u00e1n v\u00e1ltoztatni, de a balesetvesz\u00e9lyess\u00e9 v\u00e1lt j\u00e1rd\u00e1k jav\u00edt\u00e1s\u00e1t sem szavazz\u00e1k meg. Ezek ut\u00e1n \u00e9rthet\u0151, hogy a k\u00e9tharmados t\u00f6bbs\u00e9ggel megv\u00e1lasztott polg\u00e1rmester egymaga k\u00e9nytelen ell\u00e1tni a 30 ezres v\u00e1ros \u00fcgyeinek int\u00e9z\u00e9s\u00e9t, a hivatal ir\u00e1ny\u00edt\u00e1s\u00e1t \u00e9s a maratoni test\u00fcleti \u00fcl\u00e9sek levezet\u00e9s\u00e9t.<\/p>\n<p>Ez a d\u00f6nt\u00e9s meger\u0151s\u00edtette azt, hogy T\u00e9t\u00e9nyi \u00c9va a t\u00f6rv\u00e9nyess\u00e9g \u0151re Esztergomban. Miut\u00e1n a Kom\u00e1rom-Esztergom Megyei B\u00edr\u00f3s\u00e1g az esztergomi k\u00e9pvisel\u0151-test\u00fclet t\u00f6bb hat\u00e1rozat\u00e1t m\u00e1r \u00e9rv\u00e9nytelen\u00edtette, az Alkotm\u00e1nyb\u00edr\u00f3s\u00e1g egy alapvet\u0151, reorganiz\u00e1ci\u00f3s \u00f6nkorm\u00e1nyzati rendeletet megsemmis\u00edtett, felvet\u0151dik a k\u00e9rd\u00e9s, hogy meddig n\u00e9zik t\u00e9tlen\u00fcl a Parlamentben Esztergom v\u00e1ros k\u00e9pvisel\u0151inek jogszab\u00e1lyokkal ellent\u00e9tes m\u0171k\u00f6d\u00e9s\u00e9t? Esetleg \u00fajabb t\u00f6rv\u00e9nyt hoznak Esztergomra, melyben r\u00f6gz\u00edtik, hogy minden 30 ezres v\u00e1rosban k\u00f6telez\u0151 alpolg\u00e1rmestert v\u00e1lasztani? Vajon meddig ad igazat az Orsz\u00e1ggy\u0171l\u00e9s annak a test\u00fcletnek, melynek egyik fideszes tagja f\u00e9l\u00e9vvel ezel\u0151tt \u00fagy nyilatkozott: \u201e\u2026addig nek\u00fcnk van igazunk, am\u00edg a B\u00edr\u00f3s\u00e1g, vagy az Alkotm\u00e1nyb\u00edr\u00f3s\u00e1g m\u00e1st nem mond\u2026\u201d?<\/p>\n<p>T\u00e9t\u00e9nyi \u00c9va<br \/>\nEsztergom, Esztergom-kertv\u00e1ros \u00e9s Pilisszentl\u00e9lek<br \/>\npolg\u00e1rmestere<\/p>\n","protected":false},"excerpt":{"rendered":"<p>J\u00fanius 26-\u00e1n a Kom\u00e1rom-Esztergom Megyei T\u00f6rv\u00e9nysz\u00e9k joger\u0151s \u00edt\u00e9letet hozott az esztergomi alpolg\u00e1rmester-v\u00e1laszt\u00e1s k\u00e9rd\u00e9s\u00e9ben. A Kom\u00e1rom-Esztergom Megyei Korm\u00e1nyhivatal kor\u00e1bban keresetet ny\u00fajtott be Esztergom V\u00e1ros \u00d6nkorm\u00e1nyzat\u00e1nak elmarasztal\u00e1s\u00e1t k\u00e9rve, mivel a megadott id\u0151pontig, ez \u00e9v febru\u00e1rj\u00e1ig nem v\u00e1lasztott alpolg\u00e1rmestert. Miut\u00e1n az \u00d6nkorm\u00e1nyzati t\u00f6rv\u00e9nyben foglalt jogszab\u00e1ly a polg\u00e1rmester javaslat\u00e1ra, min\u0151s\u00edtett t\u00f6bbs\u00e9ggel teszi lehet\u0151v\u00e9 az alpolg\u00e1rmester v\u00e1laszt\u00e1st, \u00edgy ebben az esetben T\u00e9t\u00e9nyi \u00c9va f\u00fcggetlen polg\u00e1rmester, nem csak az \u00f6nkorm\u00e1nyzatot, hanem saj\u00e1t mag\u00e1t is k\u00e9pviselte a perben. A precedens \u00e9rt\u00e9k\u0171 elj\u00e1r\u00e1s sor\u00e1n a Megyei Korm\u00e1nyhivatal k\u00e9pvisel\u0151je azt bizonygatta, hogy az alpolg\u00e1rmester v\u00e1laszt\u00e1s k\u00f6telez\u0151, \u00e9s amennyiben ennek nem tesznek eleget, akkor az \u00d6nkorm\u00e1nyzati t\u00f6rv\u00e9ny 140. paragrafusa \u00e9rtelm\u00e9ben a Korm\u00e1nyhivatal p\u00f3tolhatja a hat\u00e1rozathozatalt, azaz, \u0151 v\u00e1laszthat Tatab\u00e1ny\u00e1r\u00f3l alpolg\u00e1rmestert. <a href=\"https:\/\/www.mszporoszlany.hu\/?p=940\">Egy kattint\u00e1s ide a folytat\u00e1shoz&#8230;. <span class=\"meta-nav\">&rarr;<\/span><\/a><\/p>\n","protected":false},"author":35,"featured_media":0,"comment_status":"open","ping_status":"closed","sticky":false,"template":"","format":"standard","meta":{"footnotes":""},"categories":[195,196],"tags":[417,412,340,414,411,413,410,415,416,158],"class_list":["post-940","post","type-post","status-publish","format-standard","hentry","category-komarom-esztergom-megye","category-magyarorszag","tag-alkotmanybirosag","tag-alpolgarmester","tag-birosag","tag-esztergom-varos-onkormanyzata","tag-jogeros-itelet","tag-komarom-esztergom-megyei-kormanyhivatal","tag-komarom-esztergom-megyei-torvenyszek","tag-onkormanyzati-torveny","tag-orszaggyules","tag-tetenyi-eva"],"_links":{"self":[{"href":"https:\/\/www.mszporoszlany.hu\/index.php?rest_route=\/wp\/v2\/posts\/940","targetHints":{"allow":["GET"]}}],"collection":[{"href":"https:\/\/www.mszporoszlany.hu\/index.php?rest_route=\/wp\/v2\/posts"}],"about":[{"href":"https:\/\/www.mszporoszlany.hu\/index.php?rest_route=\/wp\/v2\/types\/post"}],"author":[{"embeddable":true,"href":"https:\/\/www.mszporoszlany.hu\/index.php?rest_route=\/wp\/v2\/users\/35"}],"replies":[{"embeddable":true,"href":"https:\/\/www.mszporoszlany.hu\/index.php?rest_route=%2Fwp%2Fv2%2Fcomments&post=940"}],"version-history":[{"count":0,"href":"https:\/\/www.mszporoszlany.hu\/index.php?rest_route=\/wp\/v2\/posts\/940\/revisions"}],"wp:attachment":[{"href":"https:\/\/www.mszporoszlany.hu\/index.php?rest_route=%2Fwp%2Fv2%2Fmedia&parent=940"}],"wp:term":[{"taxonomy":"category","embeddable":true,"href":"https:\/\/www.mszporoszlany.hu\/index.php?rest_route=%2Fwp%2Fv2%2Fcategories&post=940"},{"taxonomy":"post_tag","embeddable":true,"href":"https:\/\/www.mszporoszlany.hu\/index.php?rest_route=%2Fwp%2Fv2%2Ftags&post=940"}],"curies":[{"name":"wp","href":"https:\/\/api.w.org\/{rel}","templated":true}]}}