{"id":944,"date":"2012-06-28T07:11:29","date_gmt":"2012-06-28T06:11:29","guid":{"rendered":"http:\/\/www.mszporoszlany.hu\/?p=944"},"modified":"2012-07-11T22:22:24","modified_gmt":"2012-07-11T21:22:24","slug":"miert-nem-csodalkozom","status":"publish","type":"post","link":"https:\/\/www.mszporoszlany.hu\/?p=944","title":{"rendered":"Mi\u00e9rt nem csod\u00e1lkozom?!"},"content":{"rendered":"<p><img loading=\"lazy\" decoding=\"async\" class=\"alignleft size-full wp-image-945\" title=\"TakacsKaroly\" src=\"https:\/\/www.mszporoszlany.hu\/wp-content\/uploads\/2012\/06\/TakacsKaroly.jpg\" alt=\"\" width=\"200\" height=\"120\" \/>\u00c9rdekes szem\u00e9lyis\u00e9g Nagyk\u0151r\u00f6s polg\u00e1rmestere \u2013 olvashat\u00f3 a STOP.hu port\u00e1lon. Annak idej\u00e9n m\u00e9g a Magyar Szocialista Munk\u00e1sp\u00e1rtban kezdett politiz\u00e1lni, k\u00e9s\u0151bb SZDSZ-es, majd kisgazda lett, napjainkban pedig fideszes. \u00c9s nem ez az egyetlen furcsas\u00e1g vele kapcsolatban.<\/p>\n<p><!--more--><\/p>\n<p>dr. Czira Szabolcs mott\u00f3ja v\u00e1ros\u00e1nak honlapj\u00e1n is olvashat\u00f3. Az id\u00e9zet els\u0151 mondata: &#8222;Aki hallgat, azt elfelejtik&#8221;. Nos, a polg\u00e1rmester nem hallgat. Vagy legal\u00e1bbis r\u00f3la nem hallgatnak Nagyk\u0151r\u00f6s lapj\u00e1ban, az \u00d6nkorm\u00e1nyzati H\u00edrekben. Abban az \u00fajs\u00e1gban, amelynek kiad\u00f3ja a v\u00e1ros, felel\u0151s szerkeszt\u0151je pedig maga a polg\u00e1rmester. Aki egy\u00e9bk\u00e9nt a szerkeszt\u0151bizotts\u00e1g eln\u00f6ke is. A lap k\u00f6zp\u00e9nzb\u0151l k\u00e9sz\u00fcl, impresszuma szerint ingyenes t\u00e1j\u00e9koztat\u00f3 kiadv\u00e1ny. Hogy mir\u0151l is t\u00e1j\u00e9koztat, azt m\u00e1r L\u00e1szl\u00f3 Ferenc, a helyi \u00f6nkorm\u00e1nyzat MSZP-s k\u00e9pvisel\u0151je mondta el a STOP-nak.<\/p>\n<p>\u201eAz ad\u00f3fizet\u0151k p\u00e9nz\u00e9b\u0151l kiadott \u00fajs\u00e1g gyakorlatilag a polg\u00e1rmester mindennapjair\u00f3l sz\u00f3l. A j\u00fanius 22-i sz\u00e1mban p\u00e9ld\u00e1ul 9 olyan fot\u00f3 jelent meg, amelyen \u0151 is rajta van. Hasonl\u00f3t tal\u00e1n csak \u00c9szak-Korea nagy vezet\u0151je tesz meg, aki orsz\u00e1ga \u00fct\u0151er\u00e9n tartja a kez\u00e9t. A mi polg\u00e1rmester\u00fcnk meg a v\u00e1ros\u00e9n.\u201d \u2013 mondta L\u00e1szl\u00f3 Ferenc.<\/p>\n<p>Mi is megn\u00e9zt\u00fck a 12 oldalas j\u00faniusi sz\u00e1mot, hogy magunk is meggy\u0151z\u0151dj\u00fcnk arr\u00f3l \u2013 a mi polg\u00e1rmester\u00fcnknek m\u00e9g van mit tanulnia. B\u00e1r ez \u00e9vben m\u00e1r j\u00f3val meghaladta a hetek sz\u00e1ma a h\u00faszat, a v\u00e1ros weboldal\u00e1n csak hat ez \u00e9vi sz\u00e1m olvashat\u00f3 (a t\u00f6bb mint t\u00edzzel szemben) \u2013 m\u00e1r aki van olyan mazochista, hogy ezzel t\u00f6lti idej\u00e9t. A 4 oldalas h\u00edrhalomban csak k\u00e9t fot\u00f3t tal\u00e1ltunk v\u00e1rosunk els\u0151 ember\u00e9r\u0151l az \u00e1prilis 9-i sz\u00e1mban. A janu\u00e1r 30-i sz\u00e1mban azonban m\u00e1r 3 k\u00e9pr\u0151l mosolyog r\u00e1nk, ami ugye m\u00e1r hasonl\u00f3 eredm\u00e9ny, ha ar\u00e1nyosan hasonl\u00edtjuk \u00f6ssze a k\u00e9t kiadv\u00e1nyt. R\u00f6viden: nincs \u00faj a nap alatt!<\/p>\n","protected":false},"excerpt":{"rendered":"<p>\u00c9rdekes szem\u00e9lyis\u00e9g Nagyk\u0151r\u00f6s polg\u00e1rmestere \u2013 olvashat\u00f3 a STOP.hu port\u00e1lon. Annak idej\u00e9n m\u00e9g a Magyar Szocialista Munk\u00e1sp\u00e1rtban kezdett politiz\u00e1lni, k\u00e9s\u0151bb SZDSZ-es, majd kisgazda lett, napjainkban pedig fideszes. \u00c9s nem ez az egyetlen furcsas\u00e1g vele kapcsolatban. <a href=\"https:\/\/www.mszporoszlany.hu\/?p=944\">Egy kattint\u00e1s ide a folytat\u00e1shoz&#8230;. <span class=\"meta-nav\">&rarr;<\/span><\/a><\/p>\n","protected":false},"author":35,"featured_media":0,"comment_status":"open","ping_status":"closed","sticky":false,"template":"","format":"standard","meta":{"footnotes":""},"categories":[196,194],"tags":[422,60,421,424,419,235,423,418,420],"class_list":["post-944","post","type-post","status-publish","format-standard","hentry","category-magyarorszag","category-oroszlany","tag-dr-czira-szabolcs","tag-fidesz","tag-kisgazda","tag-laszlo-ferenc","tag-magyar-szocialista-munkaspart","tag-nagykoros","tag-onkormanyzati-hirek","tag-stop-hu","tag-szdsz"],"_links":{"self":[{"href":"https:\/\/www.mszporoszlany.hu\/index.php?rest_route=\/wp\/v2\/posts\/944","targetHints":{"allow":["GET"]}}],"collection":[{"href":"https:\/\/www.mszporoszlany.hu\/index.php?rest_route=\/wp\/v2\/posts"}],"about":[{"href":"https:\/\/www.mszporoszlany.hu\/index.php?rest_route=\/wp\/v2\/types\/post"}],"author":[{"embeddable":true,"href":"https:\/\/www.mszporoszlany.hu\/index.php?rest_route=\/wp\/v2\/users\/35"}],"replies":[{"embeddable":true,"href":"https:\/\/www.mszporoszlany.hu\/index.php?rest_route=%2Fwp%2Fv2%2Fcomments&post=944"}],"version-history":[{"count":0,"href":"https:\/\/www.mszporoszlany.hu\/index.php?rest_route=\/wp\/v2\/posts\/944\/revisions"}],"wp:attachment":[{"href":"https:\/\/www.mszporoszlany.hu\/index.php?rest_route=%2Fwp%2Fv2%2Fmedia&parent=944"}],"wp:term":[{"taxonomy":"category","embeddable":true,"href":"https:\/\/www.mszporoszlany.hu\/index.php?rest_route=%2Fwp%2Fv2%2Fcategories&post=944"},{"taxonomy":"post_tag","embeddable":true,"href":"https:\/\/www.mszporoszlany.hu\/index.php?rest_route=%2Fwp%2Fv2%2Ftags&post=944"}],"curies":[{"name":"wp","href":"https:\/\/api.w.org\/{rel}","templated":true}]}}