{"id":947,"date":"2012-06-28T12:51:14","date_gmt":"2012-06-28T11:51:14","guid":{"rendered":"http:\/\/www.mszporoszlany.hu\/?p=947"},"modified":"2012-06-28T12:51:14","modified_gmt":"2012-06-28T11:51:14","slug":"a-szog-meg-a-zsak","status":"publish","type":"post","link":"https:\/\/www.mszporoszlany.hu\/?p=947","title":{"rendered":"A sz\u00f6g, meg a zs\u00e1k"},"content":{"rendered":"<p><img loading=\"lazy\" decoding=\"async\" class=\"alignleft size-full wp-image-948\" title=\"TetenyiEva\" src=\"https:\/\/www.mszporoszlany.hu\/wp-content\/uploads\/2012\/06\/TetenyiEva1.jpg\" alt=\"\" width=\"200\" height=\"120\" \/>Esztergomban mindig t\u00f6rt\u00e9nik valami. A Tatab\u00e1nyai T\u00f6rv\u00e9nysz\u00e9k joger\u0151s \u00edt\u00e9lete szerint jogellenesen bocs\u00e1tott\u00e1k el 2009 augusztus\u00e1ban az esztergomi Szent Istv\u00e1n Gimn\u00e1zium h\u00e9t tan\u00e1r\u00e1t. A pedag\u00f3gusoknak \u00f6sszesen t\u00f6bb mint 70 milli\u00f3 forintot \u00edt\u00e9ltek meg &#8211; mondta el a tan\u00e1rokat k\u00e9pvisel\u0151 \u00fcgyv\u00e9d. S\u00e1ndor Bernadett hozz\u00e1tette, a t\u00f6rv\u00e9nysz\u00e9k m\u00f3dos\u00edt\u00e1s n\u00e9lk\u00fcl helybenhagyta a munka\u00fcgyi b\u00edr\u00f3s\u00e1g els\u0151fok\u00fa \u00edt\u00e9let\u00e9t. A tan\u00e1rokat az\u00e9rt bocs\u00e1tott\u00e1k el, mert az akkori igazgat\u00f3 szerint nem kezelt\u00e9k megfelel\u0151en azt a helyzetet, hogy a kor\u00e1bbi igazgat\u00f3 lev\u00e1lt\u00e1sa miatt gy\u0171l\u00e9sekkel tiltakoztak a di\u00e1kok.<\/p>\n<p><!--more--><\/p>\n<p>De van itt m\u00e1s is! Szint\u00e9n joger\u0151s \u00edt\u00e9let szerint Esztergom f\u00fcggetlen polg\u00e1rmester\u00e9nek nem k\u00f6telez\u0151 alpolg\u00e1rmestert jel\u00f6lnie. A b\u00edr\u00f3i tan\u00e1cs kimondta: az alpolg\u00e1rmester v\u00e1laszt\u00e1sa a t\u00f6rv\u00e9nyben csak lehet\u0151s\u00e9g szintj\u00e9n szab\u00e1lyozott, nem k\u00f6telez\u0151 \u00e9rv\u00e9ny\u0171. A k\u00f6zigazgat\u00e1si perben az \u00edt\u00e9let ellen fellebbez\u00e9sre nincs lehet\u0151s\u00e9g.<\/p>\n<p>Tal\u00e1n kevesen eml\u00e9keznek r\u00e1, ez\u00e9rt r\u00f6viden az el\u0151zm\u00e9nyekr\u0151l: Esztergomban a test\u00fclet k\u00e9tharmad\u00e1t kitev\u0151 Fidesz-frakci\u00f3 Meggyes Tam\u00e1s kor\u00e1bbi fideszes polg\u00e1rmester k\u00e9tharmados veres\u00e9ge ut\u00e1n kijelentette, hogy f\u00e9l \u00e9vig nem hajland\u00f3 alpolg\u00e1rmestert jel\u00f6lni. K\u00e9s\u0151bb egy LMP-s alpolg\u00e1rmestert v\u00e1lasztottak, \u0151 n\u00e9h\u00e1ny h\u00f3nap m\u00falva lemondott, ezt k\u00f6vet\u0151en majdnem minden \u00fcl\u00e9s napirendj\u00e9n n\u00e9vleg szerepelt az alpolg\u00e1rmester v\u00e1laszt\u00e1sa. T\u00e9t\u00e9nyi \u00c9va ezeken az \u00fcl\u00e9seken k\u00f6z\u00f6lte, hogy am\u00edg a Fidesz-frakci\u00f3 nem m\u0171k\u00f6dik vele egy\u00fctt, nem terjeszt alpolg\u00e1rmester-jel\u00f6ltet a test\u00fclet el\u00e9.<\/p>\n<p>Ez \u00fcgyben a pert a megyei korm\u00e1nyhivatal ind\u00edtotta az esztergomi \u00f6nkorm\u00e1nyzat ellen, mivel a helyhat\u00f3s\u00e1g nem tett eleget a hivatal azon t\u00f6rv\u00e9nyess\u00e9gi felh\u00edv\u00e1s\u00e1nak, hogy 2012. febru\u00e1r 23-ig v\u00e1lasszanak alpolg\u00e1rmestert a kor\u00e1bban lemondott alpolg\u00e1rmester hely\u00e9re. Az elbukott pert k\u00f6vet\u0151en Czunyin\u00e9 dr. Bertalan Judit korm\u00e1nymegb\u00edzott az MTI-hez eljuttatott k\u00f6zlem\u00e9ny\u00e9ben azt \u00edrta: a korm\u00e1nyhivatal perben el\u0151adott \u00e1ll\u00e1spontja szerint az \u00f6nkorm\u00e1nyzati t\u00f6rv\u00e9nybeli szab\u00e1ly alapj\u00e1n a k\u00e9pvisel\u0151-test\u00fcletnek nem abban van m\u00e9rlegel\u00e9si jogk\u00f6re, hogy v\u00e1laszt-e alpolg\u00e1rmestert, hanem abban, hogy egy vagy t\u00f6bb alpolg\u00e1rmestert v\u00e1laszt. Azt viszont m\u00e1r az ATV tegnap esti (06.27.) ad\u00e1s\u00e1b\u00f3l tudhattuk meg, hogy T\u00e9t\u00e9nyi \u00c9va szerint: a jogszab\u00e1ly els\u0151 r\u00e9sz\u00e9t nem id\u00e9zt\u00e9k a perben a korm\u00e1nyhivatal r\u00e9sz\u00e9r\u0151l. Teh\u00e1t n\u00e9zz\u00fck a cit\u00e1lt jogszab\u00e1lyt, mit is tartalmaz: <em>34. \u00a7 (1) A k\u00e9pvisel\u0151-test\u00fclet a polg\u00e1rmester javaslat\u00e1ra, titkos szavaz\u00e1ssal, min\u0151s\u00edtett t\u00f6bbs\u00e9ggel a polg\u00e1rmester helyettes\u00edt\u00e9s\u00e9re, munk\u00e1j\u00e1nak seg\u00edt\u00e9s\u00e9re egy vagy t\u00f6bb alpolg\u00e1rmestert v\u00e1laszthat.<\/em> (Ez a mondat maradt ki a korm\u00e1nyhivatali el\u0151terjeszt\u00e9sben.)<em> A k\u00e9pvisel\u0151-test\u00fclet legal\u00e1bb egy alpolg\u00e1rmestert saj\u00e1t tagjai k\u00f6z\u00fcl v\u00e1laszt meg. Az alpolg\u00e1rmester megb\u00edzat\u00e1sa megsz\u0171nik, ha a k\u00e9pvisel\u0151-test\u00fclet a polg\u00e1rmester javaslat\u00e1ra, titkos szavaz\u00e1ssal, min\u0151s\u00edtett t\u00f6bbs\u00e9ggel megb\u00edz\u00e1s\u00e1t visszavonja.<\/em> &#8211; Sz\u00f3val, nem k\u00f6telez\u0151, csak v\u00e1laszthat\u00f3, de ha v\u00e1lasztanak, akkor legal\u00e1bb egy alpolg\u00e1rmestert saj\u00e1t tagjaik k\u00f6z\u00fcl kell v\u00e1lasztani. Ez egy\u00e9rtelm\u0171 &#8211; persze, ha kihagyjuk az els\u0151 mondatot &#8230;<\/p>\n<p>Sz\u00f3val \u00fcgyes, ahogy pestiesen mondan\u00e1k.<\/p>\n<p>No, de gondoljuk tov\u00e1bb: a korm\u00e1nyhivatal nyer, \u00e9s alpolg\u00e1rmestert nevezhet ki, ak\u00e1r Meggyes Tam\u00e1st is, mint utalt erre a m\u0171sorban T\u00e9t\u00e9nyi \u00c9va. Azt\u00e1n a fideszes t\u00f6bbs\u00e9g\u0171 test\u00fclet valamilyen mondvacsin\u00e1lt \u00fcr\u00fcggyel felf\u00fcggeszti a polg\u00e1rmestert, \u00e9s m\u00e1ris poz\u00edci\u00f3ban van az ember\u00fcnk!<\/p>\n<p>Ez most nem j\u00f6tt be, az azonban m\u00e9g elk\u00e9pzelhet\u0151, hogy a Parlament hoz egy t\u00f6rv\u00e9nyt, hogy minden 30 ezres v\u00e1rosban k\u00f6telez\u0151 lesz alpolg\u00e1rmestert v\u00e1lasztani, akkor pedig nem tudunk majd mit csin\u00e1lni &#8211; mondta T\u00e9t\u00e9nyi, s mindezek t\u00fckr\u00e9ben ugye m\u00e1r nem is t\u0171nik olyan abszurd pletyk\u00e1nak az, hogy Meggyes Tam\u00e1s lesz az esztergomi j\u00e1r\u00e1s vezet\u0151je &#8230;<\/p>\n","protected":false},"excerpt":{"rendered":"<p>Esztergomban mindig t\u00f6rt\u00e9nik valami. A Tatab\u00e1nyai T\u00f6rv\u00e9nysz\u00e9k joger\u0151s \u00edt\u00e9lete szerint jogellenesen bocs\u00e1tott\u00e1k el 2009 augusztus\u00e1ban az esztergomi Szent Istv\u00e1n Gimn\u00e1zium h\u00e9t tan\u00e1r\u00e1t. A pedag\u00f3gusoknak \u00f6sszesen t\u00f6bb mint 70 milli\u00f3 forintot \u00edt\u00e9ltek meg &#8211; mondta el a tan\u00e1rokat k\u00e9pvisel\u0151 \u00fcgyv\u00e9d. S\u00e1ndor Bernadett hozz\u00e1tette, a t\u00f6rv\u00e9nysz\u00e9k m\u00f3dos\u00edt\u00e1s n\u00e9lk\u00fcl helybenhagyta a munka\u00fcgyi b\u00edr\u00f3s\u00e1g els\u0151fok\u00fa \u00edt\u00e9let\u00e9t. A tan\u00e1rokat az\u00e9rt bocs\u00e1tott\u00e1k el, mert az akkori igazgat\u00f3 szerint nem kezelt\u00e9k megfelel\u0151en azt a helyzetet, hogy a kor\u00e1bbi igazgat\u00f3 lev\u00e1lt\u00e1sa miatt gy\u0171l\u00e9sekkel tiltakoztak a di\u00e1kok. <a href=\"https:\/\/www.mszporoszlany.hu\/?p=947\">Egy kattint\u00e1s ide a folytat\u00e1shoz&#8230;. <span class=\"meta-nav\">&rarr;<\/span><\/a><\/p>\n","protected":false},"author":35,"featured_media":0,"comment_status":"open","ping_status":"closed","sticky":false,"template":"","format":"standard","meta":{"footnotes":""},"categories":[195],"tags":[432,93,160,434,60,428,433,431,430,153,429,240,427,435,426,215,425,158],"class_list":["post-947","post","type-post","status-publish","format-standard","hentry","category-komarom-esztergom-megye","tag-atv","tag-czunyine-dr-bertalan-judit","tag-esztergom","tag-felfuggesztes","tag-fidesz","tag-fidesz-frakcio","tag-jogszabaly","tag-kormanymegbizott","tag-kozigazgatasi-per","tag-lmp","tag-meggyes-tamas","tag-mti","tag-munkaugyi-birosag","tag-parlament","tag-sandor-bernadett","tag-szent-istvan-gimnazium","tag-tatabanyai-torvenyszek","tag-tetenyi-eva"],"_links":{"self":[{"href":"https:\/\/www.mszporoszlany.hu\/index.php?rest_route=\/wp\/v2\/posts\/947","targetHints":{"allow":["GET"]}}],"collection":[{"href":"https:\/\/www.mszporoszlany.hu\/index.php?rest_route=\/wp\/v2\/posts"}],"about":[{"href":"https:\/\/www.mszporoszlany.hu\/index.php?rest_route=\/wp\/v2\/types\/post"}],"author":[{"embeddable":true,"href":"https:\/\/www.mszporoszlany.hu\/index.php?rest_route=\/wp\/v2\/users\/35"}],"replies":[{"embeddable":true,"href":"https:\/\/www.mszporoszlany.hu\/index.php?rest_route=%2Fwp%2Fv2%2Fcomments&post=947"}],"version-history":[{"count":0,"href":"https:\/\/www.mszporoszlany.hu\/index.php?rest_route=\/wp\/v2\/posts\/947\/revisions"}],"wp:attachment":[{"href":"https:\/\/www.mszporoszlany.hu\/index.php?rest_route=%2Fwp%2Fv2%2Fmedia&parent=947"}],"wp:term":[{"taxonomy":"category","embeddable":true,"href":"https:\/\/www.mszporoszlany.hu\/index.php?rest_route=%2Fwp%2Fv2%2Fcategories&post=947"},{"taxonomy":"post_tag","embeddable":true,"href":"https:\/\/www.mszporoszlany.hu\/index.php?rest_route=%2Fwp%2Fv2%2Ftags&post=947"}],"curies":[{"name":"wp","href":"https:\/\/api.w.org\/{rel}","templated":true}]}}