{"id":95,"date":"2011-11-23T10:38:29","date_gmt":"2011-11-23T09:38:29","guid":{"rendered":"http:\/\/www.mszporoszlany.hu\/?p=95"},"modified":"2012-07-11T22:32:24","modified_gmt":"2012-07-11T21:32:24","slug":"atkereszteles","status":"publish","type":"post","link":"https:\/\/www.mszporoszlany.hu\/?p=95","title":{"rendered":"\u00c1tkeresztel\u00e9s avagy elterel\u0151 hadm\u0171velet h\u00fasz \u00e9v ut\u00e1n"},"content":{"rendered":"<p><img loading=\"lazy\" decoding=\"async\" class=\"alignleft size-full wp-image-119\" title=\"atnevezes\" src=\"https:\/\/www.mszporoszlany.hu\/wp-content\/uploads\/2012\/03\/atnevezes.jpg\" alt=\"\" width=\"200\" height=\"120\" \/>Hi\u00e1ba, no! Egy sz\u00f3, mint sz\u00e1z, Oroszl\u00e1nyban minden rendben van. Az utak kiv\u00e1l\u00f3ak, a k\u00f6zvil\u00e1g\u00edt\u00e1s vil\u00e1gsz\u00ednvonal\u00fa, int\u00e9zm\u00e9nyrendszer\u00fcnk XXI. sz\u00e1zadi. Legal\u00e1bb is erre lehet k\u00f6vetkeztetni abb\u00f3l, hogy a v\u00e1rosvezet\u00e9s legnagyobb gondja jelenleg az int\u00e9zm\u00e9nyek \u00e9s k\u00f6zter\u00fcletek \u00e1tnevez\u00e9se.<\/p>\n<p><!--more--><\/p>\n<p>A t\u00f6rt\u00e9net meg\u00e9rt\u00e9s\u00e9hez kicsit vissza kell menni az id\u0151ben. H\u00fasz \u00e9vvel ezel\u0151tt, a telep\u00fcl\u00e9s els\u0151 k\u00e9pvisel\u0151-test\u00fclete ezt a k\u00e9rd\u00e9st v\u00e9glegesen rendezni k\u00edv\u00e1nta. A jobb- \u00e9s baloldali k\u00e9pvisel\u0151k \u00e1tneveztek bizonyos k\u00f6zter\u00fcleteket, s konszenzusra jutottak abban, hogy a tov\u00e1bbiakban nem indokolt a n\u00e9vcsere. Az ezt k\u00f6vet\u0151 test\u00fcletek tartott\u00e1k is magukat az egyess\u00e9ghez \u2013 eg\u00e9szen mostan\u00e1ig. Term\u00e9szetesen az elm\u00falt \u00e9vtizedekben is voltak int\u00e9zm\u00e9nyi n\u00e9vad\u00f3k, de ezek mindig az adott k\u00f6z\u00f6ss\u00e9g kezdem\u00e9nyez\u00e9s\u00e9re t\u00f6rt\u00e9ntek.<\/p>\n<p>Mint azt most tapasztalhat\u00f3, a nagypolitika k\u00e9pz\u0151dik le kisv\u00e1rosunkban, hiszen a hull\u00e1mot id\u00e9n tavasszal a f\u0151v\u00e1rosi k\u00f6zgy\u0171l\u00e9s ind\u00edtotta el, amikor 26 k\u00f6zter\u00fcletnek adott \u00faj nevet. Ebb\u0151l er\u0151t mer\u00edtve t\u00f6bb telep\u00fcl\u00e9sen is \u00fagy \u00e9rezt\u00e9k, nem szabad lemaradni a nemzet els\u0151 sz\u00e1m\u00fa v\u00e1ros\u00e1t\u00f3l \u2013 nevezz\u00fcnk \u00e1t mi is!<\/p>\n<p>Oroszl\u00e1nyban persze van m\u00e1s oka is a kezdem\u00e9nyez\u00e9snek, ez pedig a figyelem elterel\u00e9se. Elterel\u00e9se arr\u00f3l, hogy 900 milli\u00f3s hi\u00e1nnyal kezdj\u00fck az \u00faj\u00e9vet, hogy a nagy \u00edv\u0171 terveken k\u00edv\u00fcl semmilyen eml\u00edt\u00e9sre m\u00e9lt\u00f3 fejleszt\u00e9s, beruh\u00e1z\u00e1s nem t\u00f6rt\u00e9nt.<\/p>\n<p>Kell valamir\u0151l besz\u00e9lni, csak az ne a napi val\u00f3s\u00e1g legyen. Ez\u00e9rt is j\u00f6tt kap\u00f3ra a helyi jobboldalnak a n\u00e9vad\u00e1s \u00f6tlete, ami \u00e9rinti az uszod\u00e1t\u00f3l kezdve az \u00f6sszevont k\u00f6z\u00e9piskol\u00e1kat, a sportcsarnokot \u00e9s a F\u0151 teret is, hogy ut\u00f3bbit mire keresztelik, nagy tal\u00e1ny. A l\u00e9nyeg azonban most is a r\u00e9szletekben van, ugyanis az \u00faj nevek adom\u00e1nyoz\u00e1sa mellett egy iskola \u00e1tkeresztel\u00e9s is szerepel a tervekben. Hogy szeg\u00e9ny S\u00e1gv\u00e1ri Endre mit v\u00e9tett a helyi jobboldalnak, \u00f6r\u00f6k tal\u00e1ny marad, l\u00e9v\u00e9n t\u00f6bb sz\u00e1z t\u00e9r, utca \u00e9s int\u00e9zm\u00e9ny mely nev\u00e9t viseli orsz\u00e1gszerte.<\/p>\n<p>A t\u00e9m\u00e1r\u00f3l sz\u00f3l\u00f3 k\u00e9pvisel\u0151-test\u00fcleti \u00fcl\u00e9sen a baloldal javasolta, hogy a v\u00e9gs\u0151 d\u00f6nt\u00e9sn\u00e9l vegy\u00e9k figyelembe a lakoss\u00e1gi v\u00e9lem\u00e9nyeket, na, ezt azt\u00e1n az el\u0151terjeszt\u0151 alpolg\u00e1rmester, Papp P\u00e9ter sim\u00e1n les\u00f6p\u00f6rte az asztalr\u00f3l, frakci\u00f3ja pedig h\u0171en k\u00f6vette. Csak nem att\u00f3l f\u00e9lnek a tisztelt urak, hogy \u00fagy j\u00e1rnak, mint a M\u0171vel\u0151d\u00e9si K\u00f6zpont eset\u00e9ben? Azt \u00e9ppen z\u00f6ld-feh\u00e9r zebracs\u00edkosra akart\u00e1k \u00e1tfesteni, de a csod\u00e1s \u00f6tletet a lakoss\u00e1g h\u00e1romnegyede leszavazta.<\/p>\n<p>Itt tartunk most n\u00e9v \u00fcgyben, melyr\u0151l az\u00e9rt majd a lakoss\u00e1g is elmondhatja egyszer a v\u00e9lem\u00e9ny\u00e9t \u2013 a k\u00f6vetkez\u0151 \u00f6nkorm\u00e1nyzati v\u00e1laszt\u00e1son.<\/p>\n","protected":false},"excerpt":{"rendered":"<p>Hi\u00e1ba, no! Egy sz\u00f3, mint sz\u00e1z, Oroszl\u00e1nyban minden rendben van. Az utak kiv\u00e1l\u00f3ak, a k\u00f6zvil\u00e1g\u00edt\u00e1s vil\u00e1gsz\u00ednvonal\u00fa, int\u00e9zm\u00e9nyrendszer\u00fcnk XXI. sz\u00e1zadi. Legal\u00e1bb is erre lehet k\u00f6vetkeztetni abb\u00f3l, hogy a v\u00e1rosvezet\u00e9s legnagyobb gondja jelenleg az int\u00e9zm\u00e9nyek \u00e9s k\u00f6zter\u00fcletek \u00e1tnevez\u00e9se.<\/p>\n","protected":false},"author":35,"featured_media":0,"comment_status":"open","ping_status":"closed","sticky":false,"template":"","format":"standard","meta":{"footnotes":""},"categories":[194],"tags":[53,55,52,54,56],"class_list":["post-95","post","type-post","status-publish","format-standard","hentry","category-oroszlany","tag-elnevezes","tag-hagyomany","tag-keresztelo","tag-nevcsere","tag-papp-peter"],"_links":{"self":[{"href":"https:\/\/www.mszporoszlany.hu\/index.php?rest_route=\/wp\/v2\/posts\/95","targetHints":{"allow":["GET"]}}],"collection":[{"href":"https:\/\/www.mszporoszlany.hu\/index.php?rest_route=\/wp\/v2\/posts"}],"about":[{"href":"https:\/\/www.mszporoszlany.hu\/index.php?rest_route=\/wp\/v2\/types\/post"}],"author":[{"embeddable":true,"href":"https:\/\/www.mszporoszlany.hu\/index.php?rest_route=\/wp\/v2\/users\/35"}],"replies":[{"embeddable":true,"href":"https:\/\/www.mszporoszlany.hu\/index.php?rest_route=%2Fwp%2Fv2%2Fcomments&post=95"}],"version-history":[{"count":0,"href":"https:\/\/www.mszporoszlany.hu\/index.php?rest_route=\/wp\/v2\/posts\/95\/revisions"}],"wp:attachment":[{"href":"https:\/\/www.mszporoszlany.hu\/index.php?rest_route=%2Fwp%2Fv2%2Fmedia&parent=95"}],"wp:term":[{"taxonomy":"category","embeddable":true,"href":"https:\/\/www.mszporoszlany.hu\/index.php?rest_route=%2Fwp%2Fv2%2Fcategories&post=95"},{"taxonomy":"post_tag","embeddable":true,"href":"https:\/\/www.mszporoszlany.hu\/index.php?rest_route=%2Fwp%2Fv2%2Ftags&post=95"}],"curies":[{"name":"wp","href":"https:\/\/api.w.org\/{rel}","templated":true}]}}