{"id":950,"date":"2012-07-01T08:31:23","date_gmt":"2012-07-01T07:31:23","guid":{"rendered":"http:\/\/www.mszporoszlany.hu\/?p=950"},"modified":"2012-07-11T22:21:57","modified_gmt":"2012-07-11T21:21:57","slug":"mit-csinaltok-elvtarsak","status":"publish","type":"post","link":"https:\/\/www.mszporoszlany.hu\/?p=950","title":{"rendered":"Mit csin\u00e1ltok elvt\u00e1rsak?!"},"content":{"rendered":"<p><img loading=\"lazy\" decoding=\"async\" class=\"alignleft size-full wp-image-951\" title=\"50'evek\" src=\"https:\/\/www.mszporoszlany.hu\/wp-content\/uploads\/2012\/07\/50evek.jpg\" alt=\"\" width=\"200\" height=\"200\" \/>T\u00f6rv\u00e9nys\u00e9rt\u0151 a korm\u00e1ny \u00fajabb nemzeti konzult\u00e1ci\u00f3ja \u2013 ezt Majt\u00e9nyi L\u00e1szl\u00f3 mondta az ATV Egyenes Besz\u00e9d c\u00edm\u0171 m\u0171sor\u00e1ban. Az E\u00f6tv\u00f6s K\u00e1roly Int\u00e9zet eln\u00f6ke elmondta: a t\u00f6rv\u00e9ny szerint n\u00e9pess\u00e9g-nyilv\u00e1ntart\u00e1si szerv l\u00e9phetett volna csak kapcsolatba az emberekkel az\u00e9rt, hogy t\u00e1j\u00e9koztassa \u0151ket arr\u00f3l, hogy a nemzeti konzult\u00e1ci\u00f3 kapcs\u00e1n a minisztereln\u00f6k kapcsolatba akar vel\u00fck l\u00e9pni. A volt adatv\u00e9delmi biztos szerint egy kor\u00e1bbi nemzeti konzult\u00e1ci\u00f3t J\u00f3ri Andr\u00e1s megkifog\u00e1solt, ezut\u00e1n sz\u00fcletett meg a \u201elex nemzeti konzult\u00e1ci\u00f3\u201d. Azonban, ha a minisztereln\u00f6k kommunik\u00e1lni akar vel\u00fcnk, akkor a n\u00e9pess\u00e9g-nyilv\u00e1ntart\u00e1snak el\u0151sz\u00f6r ezt k\u00f6z\u00f6lnie kell vel\u00fcnk, mi vissza\u00edrunk nekik, hogy k\u00e9szek vagyunk erre, \u00e9s csak ezut\u00e1n k\u00fcldheti a korm\u00e1nyf\u0151 a nemzeti konzult\u00e1ci\u00f3t \u2013 magyar\u00e1zta.<\/p>\n<p><!--more--><\/p>\n<p>Azon m\u00e1r szinte fel sem h\u00e1borodunk, hogy a fideszes korm\u00e1ny \u00fagy b\u00e1nik szem\u00e9lyes adatainkkal (p\u00e9ld\u00e1ul: lakc\u00edm\u00fcnkkel), mintha azt a f\u00fclkeforradalom sor\u00e1n nekiadom\u00e1nyoztuk volna. Az azonban, ami napjainkban folyik, m\u00e1r t\u00falmegy minden hat\u00e1ron, s a legs\u00f6t\u00e9tebb \u00f6tvenes \u00e9veket id\u00e9zi. Inform\u00e1ci\u00f3ink szerint iskol\u00e1k szem\u00e9lyi anyagaiba tekintenek bizonyos emberk\u00e9k, t\u00f6bb \u00e1llami szervn\u00e9l \u2013 amelyik \u00e9rintett lesz a j\u00e1r\u00e1si \u00e1tszervez\u00e9sben \u2013 f\u00e9nyk\u00e9pes \u00f6n\u00e9letrajzot kell k\u00e9sz\u00edteni meghat\u00e1rozott k\u00e9rd\u00e9ssor alapj\u00e1n, amik k\u00f6z\u00f6tt olyan is van, hogy az illet\u0151 3-5-10-20-30 \u00e9vvel ezel\u0151tt milyen eredm\u00e9nnyel diplom\u00e1zott. B\u00e1r Oroszl\u00e1nyban m\u00e9g nem kell ilyet kit\u00f6ltenie a k\u00f6ztisztvisel\u0151knek, k\u00f6zalkalmazottaknak, senkinek ne legyen k\u00e9ts\u00e9ge: heteken bel\u00fcl ide is el\u00e9r a polip karja.<\/p>\n<p>De n\u00e9zz\u00fck m\u00e1r meg, mit is mond err\u0151l az adatv\u00e9delmi t\u00f6rv\u00e9ny:\u00a0 A szem\u00e9lyes adat b\u00e1rmely olyan adat, ismeret, vagy ak\u00e1r adatok \u00f6sszess\u00e9ge, amely egy konkr\u00e9t, \u00e9l\u0151 term\u00e9szetes szem\u00e9llyel k\u00f6zvetlen\u00fcl vagy ak\u00e1r k\u00f6zvetve kapcsolatba hozhat\u00f3, beazonos\u00edthat\u00f3, valamint az adatb\u00f3l levonhat\u00f3, az \u00e9rintett szem\u00e9lyre vonatkoz\u00f3 k\u00f6vetkeztet\u00e9s.<\/p>\n<p>Szem\u00e9lyes adat p\u00e9ld\u00e1ul munkav\u00e1llal\u00f3 vagy \u00fcgyf\u00e9l neve, c\u00edme, sz\u00fclet\u00e9si adatai, igazolv\u00e1nyainak sz\u00e1ma, v\u00e9gzetts\u00e9g\u00e9re \u00e9s k\u00e9pess\u00e9geire vonatkoz\u00f3 inform\u00e1ci\u00f3k, TAJ sz\u00e1ma \u00e9s ad\u00f3azonos\u00edt\u00f3 jele, priv\u00e1t telefonsz\u00e1ma \u00e9s e-mail c\u00edme, arck\u00e9pm\u00e1sa, hangja, vagy \u00e9pp k\u00e9zjegye. Vannak olyan adatok, amelyeket \u00e9rdemes szem\u00e9lyes adatk\u00e9nt kezelni, mert az adat sokszor beazonos\u00edthat\u00f3v\u00e1 tesz egy konkr\u00e9t szem\u00e9lyt, \u00edgy szem\u00e9lyes adatt\u00e1 v\u00e1lik. Ilyen p\u00e9ld\u00e1ul az IP c\u00edm, amely alapvet\u0151en egy sz\u00e1m\u00edt\u00f3g\u00e9pet azonos\u00edt, de egy honlap l\u00e1togat\u00e1sa alkalm\u00e1val, az IP c\u00edm mellett r\u00f6gz\u00edtett d\u00e1tummal, id\u0151ponttal, a megl\u00e1togatott oldal c\u00edm\u00e9vel \u00e9s m\u00e1s adatokkal egy\u00fctt m\u00e1r a felhaszn\u00e1l\u00f3t is \u2013 ha k\u00f6zvetetten is \u2013 beazonos\u00edthat\u00f3v\u00e1 teszi, \u00edgy szem\u00e9lyes adatnak min\u0151s\u00fcl. A szem\u00e9lyes adat az adatkezel\u00e9s sor\u00e1n mindaddig meg\u0151rzi e min\u0151s\u00e9g\u00e9t, am\u00edg kapcsolata az \u00e9rintettel helyre\u00e1ll\u00edthat\u00f3.<br \/>\nA BTK (b\u00fcntet\u0151 t\u00f6rv\u00e9nyk\u00f6nyv) szerint, aki a szem\u00e9lyes adatok v\u00e9delm\u00e9r\u0151l vagy kezel\u00e9s\u00e9r\u0151l sz\u00f3l\u00f3 t\u00f6rv\u00e9nyi rendelkez\u00e9sek megszeg\u00e9s\u00e9vel jogtalan haszonszerz\u00e9si c\u00e9lb\u00f3l vagy jelent\u0151s \u00e9rdeks\u00e9relmet okozva<\/p>\n<p>a) jogosulatlanul vagy a c\u00e9lt\u00f3l elt\u00e9r\u0151en szem\u00e9lyes adatot kezel,<br \/>\nb) az adatok biztons\u00e1g\u00e1t szolg\u00e1l\u00f3 int\u00e9zked\u00e9st elmulasztja, v\u00e9ts\u00e9get k\u00f6vet el, \u00e9s egy \u00e9vig terjed\u0151 szabads\u00e1gveszt\u00e9ssel, k\u00f6z\u00e9rdek\u0171 munk\u00e1val vagy p\u00e9nzb\u00fcntet\u00e9ssel b\u00fcntetend\u0151.<br \/>\n(2) Az (1) bekezd\u00e9s szerint b\u00fcntetend\u0151 az is, aki a szem\u00e9lyes adatok v\u00e9delm\u00e9r\u0151l vagy kezel\u00e9s\u00e9r\u0151l sz\u00f3l\u00f3 t\u00f6rv\u00e9nyi rendelkez\u00e9sek megszeg\u00e9s\u00e9vel az \u00e9rintett t\u00e1j\u00e9koztat\u00e1s\u00e1ra vonatkoz\u00f3 k\u00f6telezetts\u00e9g\u00e9nek nem tesz eleget, \u00e9s ezzel m\u00e1s vagy m\u00e1sok \u00e9rdekeit jelent\u0151sen s\u00e9rti.<br \/>\n(3) A b\u00fcntet\u00e9s v\u00e9ts\u00e9g miatt k\u00e9t \u00e9vig terjed\u0151 szabads\u00e1gveszt\u00e9s, k\u00f6z\u00e9rdek\u0171 munka vagy p\u00e9nzb\u00fcntet\u00e9s, ha a szem\u00e9lyes adattal vissza\u00e9l\u00e9st k\u00fcl\u00f6nleges szem\u00e9lyes adatra k\u00f6vetik el.<br \/>\n(4) A b\u00fcntet\u00e9s b\u0171ntett miatt h\u00e1rom \u00e9vig terjed\u0151 szabads\u00e1gveszt\u00e9s, ha szem\u00e9lyes adattal vissza\u00e9l\u00e9st hivatalos szem\u00e9lyk\u00e9nt vagy k\u00f6zmegb\u00edzat\u00e1s felhaszn\u00e1l\u00e1s\u00e1val k\u00f6vetik el.<\/p>\n<p>\u00c9s akkor sorj\u00e1zzanak a k\u00e9rd\u00e9sek: Ki \u00e9s milyen okb\u00f3l k\u00e9sz\u00edtteti ezeket az \u00f6n\u00e9letrajzokat, tekint bele a szem\u00e9lyi anyagokba? Csak nem politikai a motiv\u00e1ci\u00f3? Ki t\u00e1rolja ezeket az adatokat? Milyen t\u00f6rv\u00e9nyi felhatalmaz\u00e1s alapj\u00e1n folyik mindez? Mi a c\u00e9lja az adatgy\u0171jt\u00e9snek, csak nem az \u00fajabb megf\u00e9leml\u00edt\u00e9s?<\/p>\n<p>T\u00f6bb tucat k\u00e9tely fogalmaz\u00f3dik meg az emberben, melyek k\u00f6z\u00fcl most csak p\u00e1rat tett\u00fcnk fel, a t\u00f6bbit v\u00e1rjuk a kommentel\u0151kt\u0151l. Egy azonban biztos: egyszer majd azoknak is v\u00e1laszolniuk kell, akik ezt az eg\u00e9szet kieszelt\u00e9k, megrendelt\u00e9k \u00e9s v\u00e9grehajtott\u00e1k. Lehet, hogy k\u00e9t \u00e9v m\u00falva, lehet, hogy k\u00e9s\u0151bb, de egyszer biztosan, s akkor kev\u00e9s lesz az, hogy parancsra tettem!<\/p>\n","protected":false},"excerpt":{"rendered":"<p>T\u00f6rv\u00e9nys\u00e9rt\u0151 a korm\u00e1ny \u00fajabb nemzeti konzult\u00e1ci\u00f3ja \u2013 ezt Majt\u00e9nyi L\u00e1szl\u00f3 mondta az ATV Egyenes Besz\u00e9d c\u00edm\u0171 m\u0171sor\u00e1ban. Az E\u00f6tv\u00f6s K\u00e1roly Int\u00e9zet eln\u00f6ke elmondta: a t\u00f6rv\u00e9ny szerint n\u00e9pess\u00e9g-nyilv\u00e1ntart\u00e1si szerv l\u00e9phetett volna csak kapcsolatba az emberekkel az\u00e9rt, hogy t\u00e1j\u00e9koztassa \u0151ket arr\u00f3l, hogy a nemzeti konzult\u00e1ci\u00f3 kapcs\u00e1n a minisztereln\u00f6k kapcsolatba akar vel\u00fck l\u00e9pni. A volt adatv\u00e9delmi biztos szerint egy kor\u00e1bbi nemzeti konzult\u00e1ci\u00f3t J\u00f3ri Andr\u00e1s megkifog\u00e1solt, ezut\u00e1n sz\u00fcletett meg a \u201elex nemzeti konzult\u00e1ci\u00f3\u201d. Azonban, ha a minisztereln\u00f6k kommunik\u00e1lni akar vel\u00fcnk, akkor a n\u00e9pess\u00e9g-nyilv\u00e1ntart\u00e1snak el\u0151sz\u00f6r ezt k\u00f6z\u00f6lnie kell vel\u00fcnk, mi vissza\u00edrunk nekik, hogy k\u00e9szek vagyunk erre, \u00e9s csak ezut\u00e1n k\u00fcldheti a korm\u00e1nyf\u0151 a nemzeti konzult\u00e1ci\u00f3t \u2013 magyar\u00e1zta. <a href=\"https:\/\/www.mszporoszlany.hu\/?p=950\">Egy kattint\u00e1s ide a folytat\u00e1shoz&#8230;. <span class=\"meta-nav\">&rarr;<\/span><\/a><\/p>\n","protected":false},"author":35,"featured_media":0,"comment_status":"open","ping_status":"closed","sticky":false,"template":"","format":"standard","meta":{"footnotes":""},"categories":[195,196,194],"tags":[432,438,439,441,437,442,440,444,443,436],"class_list":["post-950","post","type-post","status-publish","format-standard","hentry","category-komarom-esztergom-megye","category-magyarorszag","category-oroszlany","tag-atv","tag-egyenes-beszed","tag-eotvos-karoly-intezet","tag-jori-andras","tag-majtenyi-laszlo","tag-miniszterelnok","tag-nemzeti-konzultacio","tag-otvenes-evek","tag-szemelyes-adat","tag-torvenyserto"],"_links":{"self":[{"href":"https:\/\/www.mszporoszlany.hu\/index.php?rest_route=\/wp\/v2\/posts\/950","targetHints":{"allow":["GET"]}}],"collection":[{"href":"https:\/\/www.mszporoszlany.hu\/index.php?rest_route=\/wp\/v2\/posts"}],"about":[{"href":"https:\/\/www.mszporoszlany.hu\/index.php?rest_route=\/wp\/v2\/types\/post"}],"author":[{"embeddable":true,"href":"https:\/\/www.mszporoszlany.hu\/index.php?rest_route=\/wp\/v2\/users\/35"}],"replies":[{"embeddable":true,"href":"https:\/\/www.mszporoszlany.hu\/index.php?rest_route=%2Fwp%2Fv2%2Fcomments&post=950"}],"version-history":[{"count":0,"href":"https:\/\/www.mszporoszlany.hu\/index.php?rest_route=\/wp\/v2\/posts\/950\/revisions"}],"wp:attachment":[{"href":"https:\/\/www.mszporoszlany.hu\/index.php?rest_route=%2Fwp%2Fv2%2Fmedia&parent=950"}],"wp:term":[{"taxonomy":"category","embeddable":true,"href":"https:\/\/www.mszporoszlany.hu\/index.php?rest_route=%2Fwp%2Fv2%2Fcategories&post=950"},{"taxonomy":"post_tag","embeddable":true,"href":"https:\/\/www.mszporoszlany.hu\/index.php?rest_route=%2Fwp%2Fv2%2Ftags&post=950"}],"curies":[{"name":"wp","href":"https:\/\/api.w.org\/{rel}","templated":true}]}}